{"id":16148,"date":"2015-04-01T15:08:12","date_gmt":"2015-04-01T15:08:12","guid":{"rendered":"https:\/\/portal.sma.gob.cl\/index.php\/2015\/04\/01\/primera-sesion-del-consejo-dfe-la-sociedad-civil-2015\/"},"modified":"2015-04-01T15:08:12","modified_gmt":"2015-04-01T15:08:12","slug":"primera-sesion-del-consejo-dfe-la-sociedad-civil-2015","status":"publish","type":"post","link":"https:\/\/portal.sma.gob.cl\/index.php\/primera-sesion-del-consejo-dfe-la-sociedad-civil-2015\/","title":{"rendered":"Primera sesi\u00f3n del Consejo de la Sociedad Civil 2015"},"content":{"rendered":"<p style=\"text-align: justify; line-height: 15pt;\">&nbsp;<img decoding=\"async\" class=\"size-auto size-full wp-image-15689\" src=\"https:\/\/portal.sma.gob.cl\/wp-content\/uploads\/2013\/07\/Sin_t%C3%ADtulo-1.jpg\" alt=\"Sin t\u00edtulo-1\" width=\"760\" height=\"300\" \/><\/p>\n<p style=\"text-align: justify; line-height: 15pt;\"><strong>En el primer encuentro del a\u00f1o, los integrantes conocieron detalles de la Cuenta P\u00fablica de la Superintendencia correspondiente al ejercicio 2014.<\/strong><\/p>\n<p>  <!--more-->  <\/p>\n<p style=\"line-height: 15pt; text-align: justify;\"><strong>Santiago, 27 de marzo de 2014<\/strong>. La Superintendencia del Medio Ambiente (SMA), en el marco de la Ley 20.500, sobre Asociaciones y Participaci\u00f3n Ciudadana en la Gesti\u00f3n P\u00fablica, cit\u00f3 al Consejo de la Sociedad Civil para realizar su primera sesi\u00f3n del presente a\u00f1o.<\/p>\n<p style=\"line-height: 15pt; text-align: justify;\">En esta ocasi\u00f3n, los representantes de la instancia prestaron atenci\u00f3n a una acabada presentaci\u00f3n de la Cuenta P\u00fablica SMA 2014 que expuso el Superintendente del Medio Ambiente, Cristi\u00e1n Franz.&nbsp;<\/p>\n<p style=\"line-height: 15pt; text-align: justify;\">La presentaci\u00f3n del Superintendente dio pie para generar una conversaci\u00f3n informada y profunda tanto sobre el quehacer que ha venido desarrollando hasta ahora de la SMA, como respecto de los principales desaf\u00edos que enfrenta en los pr\u00f3ximos a\u00f1os. Entre los temas discutidos se cuenta la conveniencia de estimular \u2013a trav\u00e9s de la educaci\u00f3n\u2013 la promoci\u00f3n al cumplimento ambiental; la pertinencia de la implementaci\u00f3n del despliegue territorial de la instituci\u00f3n; los beneficios que genera la articulaci\u00f3n de la SMA con los dem\u00e1s organismos con facultades de fiscalizaci\u00f3n ambiental; la correlaci\u00f3n que puede existir entre las empresas con reportes de sustentabilidad con el cumplimiento ambiental; los criterios generales de fiscalizaci\u00f3n, sanci\u00f3n y cumplimento; el desarrollo y avance de la jurisprudencia ambiental, etc.<\/p>\n<p style=\"line-height: 15pt; text-align: justify;\"><strong>Participantes de la reuni\u00f3n<\/strong><\/p>\n<p style=\"line-height: 15pt; text-align: justify;\">En la sesi\u00f3n de que se llev\u00f3 a cabo hoy en dependencias de la SMA, participaron, adem\u00e1s del Superintendente del Medio Ambiente, siete miembros del Consejo: Felipe Labra (CIRN A.G), Ignacio Urbina (Comunidad y Justicia), Ana Mar\u00eda Mu\u00f1oz (CUT); Jaime Esp\u00ednola (Sofofa), Alessandro Lodi (Casa de la Paz), Paulina Riquelme (CPC) y&nbsp; Felipe Leiva (UDD).<\/p>\n<p style=\"line-height: 15pt; text-align: justify;\">El Consejo tiene un car\u00e1cter consultivo, representativo, plural y diverso. Tambi\u00e9n participa en los procesos de consulta de los planes, programas o pol\u00edticas en materia de seguimiento y fiscalizaci\u00f3n ambiental que la instituci\u00f3n estime pertinente. La instancia est\u00e1 integrada por 10 representantes de gremios, ONG, universidades y centros de estudio.<\/p>\n","protected":false},"excerpt":{"rendered":"<p>&nbsp; En el primer encuentro del a\u00f1o, los integrantes conocieron detalles de la Cuenta P\u00fablica de la Superintendencia correspondiente al ejercicio 2014.<\/p>\n","protected":false},"author":3,"featured_media":15689,"comment_status":"open","ping_status":"open","sticky":false,"template":"","format":"standard","meta":{"footnotes":""},"categories":[94],"tags":[],"class_list":["post-16148","post","type-post","status-publish","format-standard","has-post-thumbnail","hentry","category-notas-noticias"],"_links":{"self":[{"href":"https:\/\/portal.sma.gob.cl\/index.php\/wp-json\/wp\/v2\/posts\/16148","targetHints":{"allow":["GET"]}}],"collection":[{"href":"https:\/\/portal.sma.gob.cl\/index.php\/wp-json\/wp\/v2\/posts"}],"about":[{"href":"https:\/\/portal.sma.gob.cl\/index.php\/wp-json\/wp\/v2\/types\/post"}],"author":[{"embeddable":true,"href":"https:\/\/portal.sma.gob.cl\/index.php\/wp-json\/wp\/v2\/users\/3"}],"replies":[{"embeddable":true,"href":"https:\/\/portal.sma.gob.cl\/index.php\/wp-json\/wp\/v2\/comments?post=16148"}],"version-history":[{"count":0,"href":"https:\/\/portal.sma.gob.cl\/index.php\/wp-json\/wp\/v2\/posts\/16148\/revisions"}],"wp:featuredmedia":[{"embeddable":true,"href":"https:\/\/portal.sma.gob.cl\/index.php\/wp-json\/wp\/v2\/media\/15689"}],"wp:attachment":[{"href":"https:\/\/portal.sma.gob.cl\/index.php\/wp-json\/wp\/v2\/media?parent=16148"}],"wp:term":[{"taxonomy":"category","embeddable":true,"href":"https:\/\/portal.sma.gob.cl\/index.php\/wp-json\/wp\/v2\/categories?post=16148"},{"taxonomy":"post_tag","embeddable":true,"href":"https:\/\/portal.sma.gob.cl\/index.php\/wp-json\/wp\/v2\/tags?post=16148"}],"curies":[{"name":"wp","href":"https:\/\/api.w.org\/{rel}","templated":true}]}}