{"id":16155,"date":"2015-04-16T20:02:00","date_gmt":"2015-04-16T20:02:00","guid":{"rendered":"https:\/\/portal.sma.gob.cl\/index.php\/2015\/04\/16\/sma-participa-en-comision-asesora-presidencial-para-el-estudio-de-un-nuevo-sistema-de-evaluacion-de-impacto-ambiental\/"},"modified":"2015-04-16T20:02:00","modified_gmt":"2015-04-16T20:02:00","slug":"sma-participa-en-comision-asesora-presidencial-para-el-estudio-de-un-nuevo-sistema-de-evaluacion-de-impacto-ambiental","status":"publish","type":"post","link":"https:\/\/portal.sma.gob.cl\/index.php\/sma-participa-en-comision-asesora-presidencial-para-el-estudio-de-un-nuevo-sistema-de-evaluacion-de-impacto-ambiental\/","title":{"rendered":"SMA participa en Comisi\u00f3n Asesora Presidencial para el estudio de un Nuevo Sistema de Evaluaci\u00f3n de Impacto Ambiental"},"content":{"rendered":"<p style=\"text-align: justify;\"><strong><img decoding=\"async\" class=\"size-auto size-full wp-image-16154\" src=\"https:\/\/portal.sma.gob.cl\/wp-content\/uploads\/2015\/04\/16-nota.jpg\" alt=\"16-nota\" width=\"760\" height=\"300\" srcset=\"https:\/\/portal.sma.gob.cl\/wp-content\/uploads\/2015\/04\/16-nota-200x79.jpg 200w, https:\/\/portal.sma.gob.cl\/wp-content\/uploads\/2015\/04\/16-nota-300x118.jpg 300w, https:\/\/portal.sma.gob.cl\/wp-content\/uploads\/2015\/04\/16-nota-400x158.jpg 400w, https:\/\/portal.sma.gob.cl\/wp-content\/uploads\/2015\/04\/16-nota-600x237.jpg 600w, https:\/\/portal.sma.gob.cl\/wp-content\/uploads\/2015\/04\/16-nota.jpg 760w\" sizes=\"(max-width: 760px) 100vw, 760px\" \/><\/strong><\/p>\n<p style=\"text-align: justify;\"><strong>El grupo de 24 expertos, encabezados por el Ministro del Medio Ambiente, Pablo Badenier, deber\u00e1 tener una propuesta en enero de 2016.<\/strong><\/p>\n<p>  <!--more-->  <\/p>\n<p style=\"text-align: justify;\"><strong>Santiago, 15 de abril de 2015.<\/strong> Con el objetivo de generar las instancias para incorporar y evaluar de manera integrada la variable ambiental -incluyendo las dimensiones sociales y territoriales- en las distintas etapas del ciclo de vida de un proyecto, buscando con ello el fortalecimiento de la calificaci\u00f3n ambiental de estos, esta ma\u00f1ana en el Sal\u00f3n Montt Varas del Palacio de La Moneda, la Jefa de Estado, Michelle Bachelet firm\u00f3 el decreto que crea la Comisi\u00f3n Asesora Presidencial para el Estudio de un Nuevo Sistema de Evaluaci\u00f3n de Impacto Ambiental (SEIA).<\/p>\n<p style=\"text-align: justify;\">La comisi\u00f3n tiene como objetivo analizar la estructura, procedimientos, mecanismos y herramientas vinculadas al SEIA, y evaluar ajustes en sinton\u00eda con las exigencias actuales, para aumentar su eficiencia y confiabilidad, y fortalecerlo como un instrumento de gesti\u00f3n ambiental de car\u00e1cter preventivo. Est\u00e1 compuesta por 24 representantes de organizaciones no gubernamentales, el mundo acad\u00e9mico, las industrias y asociaciones gremiales, consultores ambientales y representantes de los miembros del Comit\u00e9 de Ministros.<\/p>\n<p style=\"text-align: justify;\">La instancia est\u00e1 encabezada por el Ministro del Medio Ambiente, Pablo Badenier, y la integran Jorge Troncoso, Director del Servicio de Evaluaci\u00f3n Ambiental; Cristi\u00e1n Franz, Superintendente del Medio Ambiente; Pablo Daud, director y consultor senior de Desarrollo Ambiental y Estrategia, DAES Consultores; Bol\u00edvar Ru\u00edz, profesor de Legislaci\u00f3n Ambiental del Centro EULA, Universidad de Concepci\u00f3n; Alejandro Mar\u00edn, Global Permitting Enel; Rodrigo Ben\u00edtez, socio en Baker &amp; McKenzie Abogados; Jaime Solari, gerente general SGA; Juanita Galaz, gerente general Myma Consultores; Pablo Dur\u00e1n, asesor senior Aracadis; Paula Troncoso, coordinadora \u00c1rea Social y jefa de proyectos Poch Ambiental; Paulina Riquelme, socia fundadora de EeLaw Medio Ambiente y Energ\u00eda Asesor\u00edas legales; Patricia Matus, profesora de la Facultad de Medicina de la Universidad de Los Andes; Guillermo Espinoza, director ejecutivo de CED; Felipe Sandoval, presidente de Salm\u00f3n Chile; Javier Hurtado, gerente de estudios C\u00e1mara Chilena de la Construcci\u00f3n; Jaime Esp\u00ednola, asesor de Asuntos Regulatorio de la Sofofa; Christian Vittori, alcalde de la Municipalidad de Maip\u00fa y presidente de la Asociaci\u00f3n Chilena de Municipalidades; Joaqu\u00edn Villarino, presidente ejecutivo del Consejo Minero; Juan Eduardo Saldivia, presidente de Copsa; Flavia Liberona C\u00e9spedes, directora ejecutiva de Terram; Macarena Soler, abogada del Consejo de Defensa de la Patagonia; Salvador Millaleo, director del Programa de Derechos Ind\u00edgenas, Fundaci\u00f3n Chile 21; Ricardo Bosshard Friedrich, director de WWF.<\/p>\n<p style=\"text-align: justify;\">La Superintendencia del Medio Ambiente (SMA) es el organismo encargado de fiscalizar las Resoluciones de Calificaci\u00f3n Ambiental (RCA), instrumento que emana del Sistema de Evaluaci\u00f3n de Impacto Ambiental, por lo cual su participaci\u00f3n en esta comisi\u00f3n es de relevancia para explicar las dificultades que la instituci\u00f3n ha enfrentado a la hora de fiscalizar diversas RCA desde que comenzaron las facultades fiscalizadoras del organismo, en diciembre de 2012.<\/p>\n<h3 style=\"text-align: justify;\">Oportunidades de mejora<\/h3>\n<p style=\"text-align: justify;\">\u201cUn nuevo escenario ambiental demanda no solo nuevas regulaciones en la protecci\u00f3n efectiva de nuestro patrimonio natural, tambi\u00e9n requiere analizar la estructura, los mecanismos y herramientas de la evaluaci\u00f3n ambiental de proyectos. Es necesario incrementar su eficiencia y confiabilidad como instrumento de gesti\u00f3n ambiental, y por eso la decisi\u00f3n de la Presidenta de crear esta comisi\u00f3n\u201d, explic\u00f3 el ministro Badenier.<\/p>\n<p style=\"text-align: justify;\">La Presidenta Bachelet, por su parte, indic\u00f3 que luego de 18 a\u00f1os de existencia del Sistema de Evaluaci\u00f3n de Impacto Ambiental (SEIA) \u201cnecesitamos un sistema que nos permita procesar con eficiencia y oportunidad los proyectos que se presenten, a la luz de la nueva institucionalidad ambiental, con nuevos instrumentos regulatorios, con m\u00e1s participaci\u00f3n ciudadana, y tomando en cuenta la experiencia nacional e internacional que existe en esta materia\u201d, afirm\u00f3 la m\u00e1xima autoridad.<\/p>\n<p style=\"text-align: justify;\">La Mandataria detall\u00f3 que esta comisi\u00f3n \u201cdeber\u00e1 generar propuestas para modificar y modernizar el sistema, con el fin de lograr el desarrollo de procesos m\u00e1s expeditos, con altos est\u00e1ndares de calidad y en un marco de certeza jur\u00eddica\u201d. El plazo de trabajo de la comisi\u00f3n incluye entregar las propuestas en enero de 2016.<\/p>\n<p style=\"text-align: justify;\">Al finalizar su discurso, subray\u00f3 que \u201ccomo Gobierno y como Estado de Chile tenemos un deber irrenunciable en materia medioambiental: vamos a actuar para que cada vez que se discutan proyectos est\u00e9n sentados a la mesa todos los actores y en igualdad de condiciones. Porque un desarrollo sustentable no se logra con miradas parciales o en base a la superioridad de alg\u00fan grupo sobre otro. Estamos convencidos que la protecci\u00f3n de nuestros recursos naturales, el respeto a las comunidades y la promoci\u00f3n de un desarrollo arm\u00f3nico es la \u00fanica forma de cuidar el presente y el futuro de nuestra patria\u201d.<\/p>\n","protected":false},"excerpt":{"rendered":"<p>El grupo de 24 expertos, encabezados por el Ministro del Medio Ambiente, Pablo Badenier, deber\u00e1 tener una propuesta en enero de 2016.<\/p>\n","protected":false},"author":3,"featured_media":16154,"comment_status":"open","ping_status":"open","sticky":false,"template":"","format":"standard","meta":{"footnotes":""},"categories":[94],"tags":[],"class_list":["post-16155","post","type-post","status-publish","format-standard","has-post-thumbnail","hentry","category-notas-noticias"],"_links":{"self":[{"href":"https:\/\/portal.sma.gob.cl\/index.php\/wp-json\/wp\/v2\/posts\/16155","targetHints":{"allow":["GET"]}}],"collection":[{"href":"https:\/\/portal.sma.gob.cl\/index.php\/wp-json\/wp\/v2\/posts"}],"about":[{"href":"https:\/\/portal.sma.gob.cl\/index.php\/wp-json\/wp\/v2\/types\/post"}],"author":[{"embeddable":true,"href":"https:\/\/portal.sma.gob.cl\/index.php\/wp-json\/wp\/v2\/users\/3"}],"replies":[{"embeddable":true,"href":"https:\/\/portal.sma.gob.cl\/index.php\/wp-json\/wp\/v2\/comments?post=16155"}],"version-history":[{"count":0,"href":"https:\/\/portal.sma.gob.cl\/index.php\/wp-json\/wp\/v2\/posts\/16155\/revisions"}],"wp:featuredmedia":[{"embeddable":true,"href":"https:\/\/portal.sma.gob.cl\/index.php\/wp-json\/wp\/v2\/media\/16154"}],"wp:attachment":[{"href":"https:\/\/portal.sma.gob.cl\/index.php\/wp-json\/wp\/v2\/media?parent=16155"}],"wp:term":[{"taxonomy":"category","embeddable":true,"href":"https:\/\/portal.sma.gob.cl\/index.php\/wp-json\/wp\/v2\/categories?post=16155"},{"taxonomy":"post_tag","embeddable":true,"href":"https:\/\/portal.sma.gob.cl\/index.php\/wp-json\/wp\/v2\/tags?post=16155"}],"curies":[{"name":"wp","href":"https:\/\/api.w.org\/{rel}","templated":true}]}}