{"id":16168,"date":"2015-04-23T20:16:04","date_gmt":"2015-04-23T20:16:04","guid":{"rendered":"https:\/\/portal.sma.gob.cl\/index.php\/2015\/04\/23\/empresa-portuaria-ati-da-cumplimiento-a-medidas-solicitadas-por-la-sma\/"},"modified":"2015-04-23T20:16:04","modified_gmt":"2015-04-23T20:16:04","slug":"empresa-portuaria-ati-da-cumplimiento-a-medidas-solicitadas-por-la-sma","status":"publish","type":"post","link":"https:\/\/portal.sma.gob.cl\/index.php\/empresa-portuaria-ati-da-cumplimiento-a-medidas-solicitadas-por-la-sma\/","title":{"rendered":"Empresa portuaria ATI da cumplimiento a medidas solicitadas por la SMA"},"content":{"rendered":"<p style=\"text-align: justify;\"><strong><img decoding=\"async\" class=\"size-auto size-full wp-image-16166\" src=\"https:\/\/portal.sma.gob.cl\/wp-content\/uploads\/2015\/04\/23-nota3.jpg\" alt=\"23-nota3\" width=\"760\" height=\"300\" srcset=\"https:\/\/portal.sma.gob.cl\/wp-content\/uploads\/2015\/04\/23-nota3-200x79.jpg 200w, https:\/\/portal.sma.gob.cl\/wp-content\/uploads\/2015\/04\/23-nota3-300x118.jpg 300w, https:\/\/portal.sma.gob.cl\/wp-content\/uploads\/2015\/04\/23-nota3-400x158.jpg 400w, https:\/\/portal.sma.gob.cl\/wp-content\/uploads\/2015\/04\/23-nota3-600x237.jpg 600w, https:\/\/portal.sma.gob.cl\/wp-content\/uploads\/2015\/04\/23-nota3.jpg 760w\" sizes=\"(max-width: 760px) 100vw, 760px\" \/><\/strong><\/p>\n<p style=\"text-align: justify;\"><strong>La SMA exigi\u00f3 a la compa\u00f1\u00eda portuaria instalar c\u00e1maras que capten en tiempo real las entradas y salidas del galp\u00f3n TEGM, como tambi\u00e9n la operaci\u00f3n de embarque de concentrados.&nbsp;<\/strong><\/p>\n<p>  <!--more-->  <\/p>\n<p style=\"text-align: justify;\"><strong>Santiago, 23 de abril de 2015.<\/strong> La Superintendencia del Medio Ambiente (SMA) contin\u00faa monitoreando el cumplimiento de las obligaciones ambientales de Antofagasta Terminal Internacional (ATI). Esta empresa, que estuvo con medidas provisionales que incluyeron la paralizaci\u00f3n de actividades, volvi\u00f3 a operar a mediados de abril con medidas de mitigaci\u00f3n de material particulado (MP10) exigidas por esta Superintendencia.<\/p>\n<p style=\"text-align: justify;\">En forma paralela la SMA estableci\u00f3 un mecanismo de fiscalizaci\u00f3n permanente, que consiste en la instalaci\u00f3n de c\u00e1maras que capten en tiempo real y de manera continua la actividad que se desarrolla en 4 zonas priorizadas respecto de la operaci\u00f3n de acopio y transporte del Terminal de Embarque de Graneles Minerales (TEGM).<\/p>\n<p style=\"text-align: justify;\">De esta forma, y con la utilizaci\u00f3n de tecnolog\u00eda, la SMA est\u00e1 avanzando hacia una fiscalizaci\u00f3n 2.0, que permitir\u00e1 constatar que las medidas instaladas para mitigar el MP10 -que incluyen un equipo para la supresi\u00f3n de polvo en suspensi\u00f3n y la extensi\u00f3n del sistema telesc\u00f3pico de cinta de embarque- sigan operando en los t\u00e9rminos fiscalizados por esta Superintendencia.<\/p>\n<p style=\"text-align: justify;\">Estas im\u00e1genes est\u00e1n disponibles a partir del 22 de abril en tiempo real, a trav\u00e9s de un v\u00ednculo web, el que est\u00e1 a disposici\u00f3n de toda la comunidad en la p\u00e1gina web de la empresa (<a href=\"http:\/\/www.atiport.cl\/\">http:\/\/www.atiport.cl\/<\/a>). Estas im\u00e1genes se encuentran siendo monitoreadas por la SMA.<\/p>\n<p style=\"text-align: justify;\">Adicionalmente, ATI est\u00e1 informando peri\u00f3dicamente a la SMA, con al menos 12 horas de anticipaci\u00f3n, antes de cada actividad de carga y acopio de graneles minerales.<\/p>\n<p style=\"text-align: justify;\">Esta Superintendencia seguir\u00e1 monitoreando constantemente el cumplimiento de las medidas establecidas en la Resoluci\u00f3n de Calificaci\u00f3n Ambiental de esta instalaci\u00f3n, como tambi\u00e9n de las solicitadas al titular con el fin de mantener un exigente control sobre las emisiones de Material Particulado dentro de las operaciones de ATI S.A.<\/p>\n<p style=\"text-align: justify;\">Toda la informaci\u00f3n de este caso est\u00e1 disponible en <a href=\"http:\/\/snifa.sma.gob.cl\/RegistroPublico\/ProcesoSancion\/VerExpediente?expediente=F-006-2015\">SNIFA<\/a><\/p>\n<p style=\"text-align: justify;\">&nbsp;<\/p>\n<p style=\"text-align: justify;\"><img decoding=\"async\" class=\"size-auto size-full wp-image-16167\" src=\"https:\/\/portal.sma.gob.cl\/wp-content\/uploads\/2015\/04\/Captura_de_pantalla_2015-04-23_a_las_17.31.42.png\" alt=\"Captura de pantalla 2015-04-23 a las 17.31.42\" width=\"805\" height=\"401\" srcset=\"https:\/\/portal.sma.gob.cl\/wp-content\/uploads\/2015\/04\/Captura_de_pantalla_2015-04-23_a_las_17.31.42-200x100.png 200w, https:\/\/portal.sma.gob.cl\/wp-content\/uploads\/2015\/04\/Captura_de_pantalla_2015-04-23_a_las_17.31.42-300x149.png 300w, https:\/\/portal.sma.gob.cl\/wp-content\/uploads\/2015\/04\/Captura_de_pantalla_2015-04-23_a_las_17.31.42-400x199.png 400w, https:\/\/portal.sma.gob.cl\/wp-content\/uploads\/2015\/04\/Captura_de_pantalla_2015-04-23_a_las_17.31.42-600x299.png 600w, https:\/\/portal.sma.gob.cl\/wp-content\/uploads\/2015\/04\/Captura_de_pantalla_2015-04-23_a_las_17.31.42-768x383.png 768w, https:\/\/portal.sma.gob.cl\/wp-content\/uploads\/2015\/04\/Captura_de_pantalla_2015-04-23_a_las_17.31.42-800x399.png 800w, https:\/\/portal.sma.gob.cl\/wp-content\/uploads\/2015\/04\/Captura_de_pantalla_2015-04-23_a_las_17.31.42.png 805w\" sizes=\"(max-width: 805px) 100vw, 805px\" \/><\/p>\n","protected":false},"excerpt":{"rendered":"<p>La SMA exigi\u00f3 a la compa\u00f1\u00eda portuaria instalar c\u00e1maras que capten en tiempo real las entradas y salidas del galp\u00f3n TEGM, como tambi\u00e9n la operaci\u00f3n de embarque de concentrados.&nbsp;<\/p>\n","protected":false},"author":3,"featured_media":16166,"comment_status":"open","ping_status":"open","sticky":false,"template":"","format":"standard","meta":{"footnotes":""},"categories":[90],"tags":[],"class_list":["post-16168","post","type-post","status-publish","format-standard","has-post-thumbnail","hentry","category-comunicados-noticias"],"_links":{"self":[{"href":"https:\/\/portal.sma.gob.cl\/index.php\/wp-json\/wp\/v2\/posts\/16168","targetHints":{"allow":["GET"]}}],"collection":[{"href":"https:\/\/portal.sma.gob.cl\/index.php\/wp-json\/wp\/v2\/posts"}],"about":[{"href":"https:\/\/portal.sma.gob.cl\/index.php\/wp-json\/wp\/v2\/types\/post"}],"author":[{"embeddable":true,"href":"https:\/\/portal.sma.gob.cl\/index.php\/wp-json\/wp\/v2\/users\/3"}],"replies":[{"embeddable":true,"href":"https:\/\/portal.sma.gob.cl\/index.php\/wp-json\/wp\/v2\/comments?post=16168"}],"version-history":[{"count":0,"href":"https:\/\/portal.sma.gob.cl\/index.php\/wp-json\/wp\/v2\/posts\/16168\/revisions"}],"wp:featuredmedia":[{"embeddable":true,"href":"https:\/\/portal.sma.gob.cl\/index.php\/wp-json\/wp\/v2\/media\/16166"}],"wp:attachment":[{"href":"https:\/\/portal.sma.gob.cl\/index.php\/wp-json\/wp\/v2\/media?parent=16168"}],"wp:term":[{"taxonomy":"category","embeddable":true,"href":"https:\/\/portal.sma.gob.cl\/index.php\/wp-json\/wp\/v2\/categories?post=16168"},{"taxonomy":"post_tag","embeddable":true,"href":"https:\/\/portal.sma.gob.cl\/index.php\/wp-json\/wp\/v2\/tags?post=16168"}],"curies":[{"name":"wp","href":"https:\/\/api.w.org\/{rel}","templated":true}]}}