{"id":16172,"date":"2015-04-28T12:53:12","date_gmt":"2015-04-28T12:53:12","guid":{"rendered":"https:\/\/portal.sma.gob.cl\/index.php\/2015\/04\/28\/sma-notifica-cierre-de-taller-de-redes-acuicolas-en-puerto-montt\/"},"modified":"2015-04-28T12:53:12","modified_gmt":"2015-04-28T12:53:12","slug":"sma-notifica-cierre-de-taller-de-redes-acuicolas-en-puerto-montt","status":"publish","type":"post","link":"https:\/\/portal.sma.gob.cl\/index.php\/sma-notifica-cierre-de-taller-de-redes-acuicolas-en-puerto-montt\/","title":{"rendered":"SMA notifica cierre de taller de redes acu\u00edcolas en Puerto Montt"},"content":{"rendered":"<p style=\"text-align: justify;\"><strong><img decoding=\"async\" class=\"size-auto size-full wp-image-16171\" style=\"vertical-align: middle;\" src=\"https:\/\/portal.sma.gob.cl\/wp-content\/uploads\/2015\/04\/29-nota.jpg\" alt=\"29-nota\" width=\"760\" height=\"300\" \/><\/strong><\/p>\n<p style=\"text-align: justify;\"><strong>Debido a denuncias de vecinos, la SMA realiz\u00f3 acciones de fiscalizaci\u00f3n al taller \u201cRedes &amp; Nets\u201d del titular Sociedad Mar-Mau Ldta., detectando incumplimientos ambientales graves.<\/strong><\/p>\n<p>  <!--more-->  <\/p>\n<p style=\"text-align: justify;\"><strong>Santiago, 27 de abril de 2015<\/strong>. La Superintendencia del Medio Ambiente (SMA) notific\u00f3 hoy a Sociedad Mar-Mau Limitada, titular del taller \u201cRedes &amp; Nets\u201d, ubicado en Puerto Montt, la medida provisional de detenci\u00f3n de funcionamiento de por 22 d\u00edas, lo que le impedir\u00eda ingresar nuevas redes para lavado.<\/p>\n<p style=\"text-align: justify;\">Esta medida, autorizada por el Tercer Tribunal Ambiental con sede en Valdivia, se tom\u00f3 debido a denuncias de vecinos que acusaban la existencia de olores molestos provenientes de la instalaci\u00f3n, ubicada en el kil\u00f3metro 20 de la ruta Puerto Montt-Pargua, regi\u00f3n de Los Lagos. En la zona, a s\u00f3lo 94 metros de las referidas faenas, se ubica la Escuela B\u00e1sica Rural de Trap\u00e9n, cuyos alumnos hab\u00edan mostrado problemas de salud debido a los olores, seg\u00fan consta en los certificados m\u00e9dicos que tambi\u00e9n se aportaron al Tribunal.<\/p>\n<p style=\"text-align: justify;\">Luego de fiscalizaciones realizadas en terreno por funcionarios de la SMA, del Servicio Nacional de Pesca (Sernapesca) y de la Seremi de Salud, se constat\u00f3 la presencia de olores molestos, espec\u00edficamente en el \u00e1rea de acopio de redes sucias, \u00e1rea de lavado, planta de RILes y lodos, entre otros incumplimientos a la Resoluci\u00f3n de Calificaci\u00f3n Ambiental (RCA) de la instalaci\u00f3n.<\/p>\n<p style=\"text-align: justify;\">Debido a las infracciones detectadas, el Superintendente del Medio Ambiente, Cristi\u00e1n Franz, solicit\u00f3 la medida provisional de detenci\u00f3n de funcionamiento al Tercer Tribunal Ambiental, considerando que se \u201cha afectado de manera grave el normal funcionamiento de la Escuela de Trap\u00e9n por las constantes molestias y problemas de salud que han presentado los alumnos\u201d, a\u00f1adiendo en la resoluci\u00f3n que \u201ces posible asegurar que existe un riesgo de un da\u00f1o inminente al medio ambiente y a la salud de la poblaci\u00f3n\u201d.<\/p>\n<p style=\"text-align: justify;\">En forma paralela a la detenci\u00f3n de operaciones del taller, la SMA solicit\u00f3 a Sociedad Mar-Mau la adopci\u00f3n de medidas de correcci\u00f3n en los pr\u00f3ximos 18 d\u00edas, entre las que se encuentran: efectuar una limpieza total en el sector de acopio de redes sucias; implementar adecuaciones a su planta de tratamiento de RILes e instalar estructuras que impidan el escurrimiento superficial de residuos l\u00edquidos al estero colindante. Estas medidas ser\u00e1n fiscalizadas por esta Superintendencia luego de ese plazo.<\/p>\n","protected":false},"excerpt":{"rendered":"<p>Debido a denuncias de vecinos, la SMA realiz\u00f3 acciones de fiscalizaci\u00f3n al taller \u201cRedes &amp; Nets\u201d del titular Sociedad Mar-Mau Ldta., detectando incumplimientos ambientales graves.<\/p>\n","protected":false},"author":3,"featured_media":16171,"comment_status":"open","ping_status":"open","sticky":false,"template":"","format":"standard","meta":{"footnotes":""},"categories":[90],"tags":[],"class_list":["post-16172","post","type-post","status-publish","format-standard","has-post-thumbnail","hentry","category-comunicados-noticias"],"_links":{"self":[{"href":"https:\/\/portal.sma.gob.cl\/index.php\/wp-json\/wp\/v2\/posts\/16172","targetHints":{"allow":["GET"]}}],"collection":[{"href":"https:\/\/portal.sma.gob.cl\/index.php\/wp-json\/wp\/v2\/posts"}],"about":[{"href":"https:\/\/portal.sma.gob.cl\/index.php\/wp-json\/wp\/v2\/types\/post"}],"author":[{"embeddable":true,"href":"https:\/\/portal.sma.gob.cl\/index.php\/wp-json\/wp\/v2\/users\/3"}],"replies":[{"embeddable":true,"href":"https:\/\/portal.sma.gob.cl\/index.php\/wp-json\/wp\/v2\/comments?post=16172"}],"version-history":[{"count":0,"href":"https:\/\/portal.sma.gob.cl\/index.php\/wp-json\/wp\/v2\/posts\/16172\/revisions"}],"wp:featuredmedia":[{"embeddable":true,"href":"https:\/\/portal.sma.gob.cl\/index.php\/wp-json\/wp\/v2\/media\/16171"}],"wp:attachment":[{"href":"https:\/\/portal.sma.gob.cl\/index.php\/wp-json\/wp\/v2\/media?parent=16172"}],"wp:term":[{"taxonomy":"category","embeddable":true,"href":"https:\/\/portal.sma.gob.cl\/index.php\/wp-json\/wp\/v2\/categories?post=16172"},{"taxonomy":"post_tag","embeddable":true,"href":"https:\/\/portal.sma.gob.cl\/index.php\/wp-json\/wp\/v2\/tags?post=16172"}],"curies":[{"name":"wp","href":"https:\/\/api.w.org\/{rel}","templated":true}]}}