{"id":16178,"date":"2015-05-05T14:20:40","date_gmt":"2015-05-05T14:20:40","guid":{"rendered":"https:\/\/portal.sma.gob.cl\/index.php\/2015\/05\/05\/sma-inaugura-nuevas-oficinas\/"},"modified":"2015-05-05T14:20:40","modified_gmt":"2015-05-05T14:20:40","slug":"sma-inaugura-nuevas-oficinas","status":"publish","type":"post","link":"https:\/\/portal.sma.gob.cl\/index.php\/sma-inaugura-nuevas-oficinas\/","title":{"rendered":"SMA inaugura nuevas oficinas"},"content":{"rendered":"<p style=\"text-align: justify;\" align=\"center\"><img decoding=\"async\" class=\"size-auto size-full wp-image-16177\" src=\"https:\/\/portal.sma.gob.cl\/wp-content\/uploads\/2015\/05\/5-slide2.jpg\" alt=\"5-slide2.jpg\" width=\"760\" height=\"300\" srcset=\"https:\/\/portal.sma.gob.cl\/wp-content\/uploads\/2015\/05\/5-slide2-200x79.jpg 200w, https:\/\/portal.sma.gob.cl\/wp-content\/uploads\/2015\/05\/5-slide2-300x118.jpg 300w, https:\/\/portal.sma.gob.cl\/wp-content\/uploads\/2015\/05\/5-slide2-400x158.jpg 400w, https:\/\/portal.sma.gob.cl\/wp-content\/uploads\/2015\/05\/5-slide2-600x237.jpg 600w, https:\/\/portal.sma.gob.cl\/wp-content\/uploads\/2015\/05\/5-slide2.jpg 760w\" sizes=\"(max-width: 760px) 100vw, 760px\" \/><\/p>\n<p style=\"text-align: justify;\" align=\"center\"><strong>La Superintendencia del Medio Ambiente se traslad\u00f3 a Teatinos 280, pisos 8 y 9.<\/strong><\/p>\n<p>  <!--more-->  <\/p>\n<p style=\"text-align: justify;\"><strong>Santiago, 4 de mayo de 2015.<\/strong> Con una ceremonia de inauguraci\u00f3n se dio el vamos al funcionamiento de las nuevas oficinas de la Superintendencia del Medio Ambiente (SMA), ubicadas en Teatinos 280, pisos 8 y 9. En el evento particip\u00f3 el ministro del Medio Ambiente, Pablo Badenier; el subsecretario de la cartera, Marcelo Mena; el director del Servicio de Evaluaci\u00f3n Ambiental, Jorge Troncoso; y el Superintendente, Cristi\u00e1n Franz.<\/p>\n<p style=\"text-align: justify;\">El ministro Badenier expres\u00f3 que la institucionalidad ambiental en pleno est\u00e1 trabajando para mejorar el est\u00e1ndar de la atenci\u00f3n, para que todos los chilenos y chilenas. Por eso, destac\u00f3 la mejor\u00eda que significan las nuevas oficinas de la SMA, ya sea para los funcionarios de esta instituci\u00f3n, como tambi\u00e9n para las personas que acuden a las oficinas en busca de informaci\u00f3n o para realizar denuncias.<\/p>\n<p style=\"text-align: justify;\">El Superintendente Franz hizo hincapi\u00e9 en que en s\u00f3lo dos a\u00f1os de funcionamiento, la SMA ha dado importantes pasos y ahora comienza una nueva etapa en las oficinas remodeladas, e hizo un llamado a todos los funcionarios a seguir realizando los mejores esfuerzos para cumplir con la misi\u00f3n de la Superintendencia: proteger el medio ambiente y la salud de las personas, asegurando el cumplimiento de la normativa ambiental.<\/p>\n<p style=\"text-align: justify;\">A la par, el Superintendente record\u00f3 que prontamente la SMA sumar\u00e1 tres nuevas oficinas regionales en Copiap\u00f3, Valpara\u00edso y Biob\u00edo; ampliando as\u00ed la red de oficinas que actualmente tiene el organismo en Antofagasta, Santiago y Valdivia.<\/p>\n","protected":false},"excerpt":{"rendered":"<p>La Superintendencia del Medio Ambiente se traslad\u00f3 a Teatinos 280, pisos 8 y 9.<\/p>\n","protected":false},"author":3,"featured_media":16177,"comment_status":"open","ping_status":"open","sticky":false,"template":"","format":"standard","meta":{"footnotes":""},"categories":[94],"tags":[],"class_list":["post-16178","post","type-post","status-publish","format-standard","has-post-thumbnail","hentry","category-notas-noticias"],"_links":{"self":[{"href":"https:\/\/portal.sma.gob.cl\/index.php\/wp-json\/wp\/v2\/posts\/16178","targetHints":{"allow":["GET"]}}],"collection":[{"href":"https:\/\/portal.sma.gob.cl\/index.php\/wp-json\/wp\/v2\/posts"}],"about":[{"href":"https:\/\/portal.sma.gob.cl\/index.php\/wp-json\/wp\/v2\/types\/post"}],"author":[{"embeddable":true,"href":"https:\/\/portal.sma.gob.cl\/index.php\/wp-json\/wp\/v2\/users\/3"}],"replies":[{"embeddable":true,"href":"https:\/\/portal.sma.gob.cl\/index.php\/wp-json\/wp\/v2\/comments?post=16178"}],"version-history":[{"count":0,"href":"https:\/\/portal.sma.gob.cl\/index.php\/wp-json\/wp\/v2\/posts\/16178\/revisions"}],"wp:featuredmedia":[{"embeddable":true,"href":"https:\/\/portal.sma.gob.cl\/index.php\/wp-json\/wp\/v2\/media\/16177"}],"wp:attachment":[{"href":"https:\/\/portal.sma.gob.cl\/index.php\/wp-json\/wp\/v2\/media?parent=16178"}],"wp:term":[{"taxonomy":"category","embeddable":true,"href":"https:\/\/portal.sma.gob.cl\/index.php\/wp-json\/wp\/v2\/categories?post=16178"},{"taxonomy":"post_tag","embeddable":true,"href":"https:\/\/portal.sma.gob.cl\/index.php\/wp-json\/wp\/v2\/tags?post=16178"}],"curies":[{"name":"wp","href":"https:\/\/api.w.org\/{rel}","templated":true}]}}