{"id":16184,"date":"2015-05-14T15:19:40","date_gmt":"2015-05-14T15:19:40","guid":{"rendered":"https:\/\/portal.sma.gob.cl\/index.php\/2015\/05\/14\/sma-participa-en-seminario-planes-de-reparacion-del-dano-ambiental\/"},"modified":"2015-05-14T15:19:40","modified_gmt":"2015-05-14T15:19:40","slug":"sma-participa-en-seminario-planes-de-reparacion-del-dano-ambiental","status":"publish","type":"post","link":"https:\/\/portal.sma.gob.cl\/index.php\/sma-participa-en-seminario-planes-de-reparacion-del-dano-ambiental\/","title":{"rendered":"SMA participa en seminario \u201cPlanes de Reparaci\u00f3n del Da\u00f1o Ambiental\u201d"},"content":{"rendered":"<p style=\"text-align: justify;\"><strong><img decoding=\"async\" class=\"size-auto size-full wp-image-16183\" src=\"https:\/\/portal.sma.gob.cl\/wp-content\/uploads\/2015\/05\/14-slide.jpg\" alt=\"14-slide\" width=\"760\" height=\"300\" srcset=\"https:\/\/portal.sma.gob.cl\/wp-content\/uploads\/2015\/05\/14-slide-200x79.jpg 200w, https:\/\/portal.sma.gob.cl\/wp-content\/uploads\/2015\/05\/14-slide-300x118.jpg 300w, https:\/\/portal.sma.gob.cl\/wp-content\/uploads\/2015\/05\/14-slide-400x158.jpg 400w, https:\/\/portal.sma.gob.cl\/wp-content\/uploads\/2015\/05\/14-slide-600x237.jpg 600w, https:\/\/portal.sma.gob.cl\/wp-content\/uploads\/2015\/05\/14-slide.jpg 760w\" sizes=\"(max-width: 760px) 100vw, 760px\" \/><\/strong><\/p>\n<p style=\"text-align: justify;\"><strong>La iniciativa desarrollada por GreenLab UC busca presentar a la comunidad una propuesta elaborada a trav\u00e9s de un proyecto CORFO.<\/strong><\/p>\n<p>  <!--more-->  <\/p>\n<p style=\"text-align: justify;\"><strong>Valdivia, 13 de mayo de 2015.<\/strong> El jefe de la Macro Zona Sur de la Superintendencia del Medio Ambiente (SMA), Eduardo Rodr\u00edguez, expuso la visi\u00f3n del organismo en el marco del Seminario \u201cPlanes de Reparaci\u00f3n del Da\u00f1o Ambiental\u201d, desarrollado por GreenLab UC, unidad de Gesti\u00f3n y Pol\u00edtica Ambiental del DICTUC.<\/p>\n<p style=\"text-align: justify;\">Dicha entidad est\u00e1 presentando una propuesta metodol\u00f3gica denominada \u201cBases para la elaboraci\u00f3n de planes de reparaci\u00f3n del da\u00f1o ambiental\u201d, desarrollada a trav\u00e9s de un proyecto CORFO Innova de Bienes P\u00fablicos para la Competitividad.<\/p>\n<p style=\"text-align: justify;\">Esta propuesta es un insumo que la Superintendencia tomar\u00e1 en cuenta en el trabajo que est\u00e1 desarrollando la SMA para crear una metodolog\u00eda oficial para la reparaci\u00f3n del da\u00f1o ambiental. Al respecto, el Departamento de Gesti\u00f3n de la Informaci\u00f3n de la SMA est\u00e1 actualmente revisando experiencias sobre da\u00f1o ambiental y reparaci\u00f3n de la Comunidad Europea y EEUU.<\/p>\n<p style=\"text-align: justify;\">Cabe se\u00f1alar que GreenLab UC est\u00e1 difundiendo los resultados del proyecto, a trav\u00e9s de diversos seminarios y talleres en varias zonas del pa\u00eds. En Antofagasta se realiz\u00f3 el seminario que cont\u00f3 con la exposici\u00f3n de Mar\u00eda Isabel Mallea, profesional de la SMA, mientras que en Santiago se efectuar\u00e1 el pr\u00f3ximo 29 de mayo el seminario que tendr\u00e1 la exposici\u00f3n de Marie Claude Plummer, jefa de la Divisi\u00f3n de Sanciones de la SMA.<\/p>\n","protected":false},"excerpt":{"rendered":"<p>La iniciativa desarrollada por GreenLab UC busca presentar a la comunidad una propuesta elaborada a trav\u00e9s de un proyecto CORFO.<\/p>\n","protected":false},"author":3,"featured_media":16183,"comment_status":"open","ping_status":"open","sticky":false,"template":"","format":"standard","meta":{"footnotes":""},"categories":[94],"tags":[],"class_list":["post-16184","post","type-post","status-publish","format-standard","has-post-thumbnail","hentry","category-notas-noticias"],"_links":{"self":[{"href":"https:\/\/portal.sma.gob.cl\/index.php\/wp-json\/wp\/v2\/posts\/16184","targetHints":{"allow":["GET"]}}],"collection":[{"href":"https:\/\/portal.sma.gob.cl\/index.php\/wp-json\/wp\/v2\/posts"}],"about":[{"href":"https:\/\/portal.sma.gob.cl\/index.php\/wp-json\/wp\/v2\/types\/post"}],"author":[{"embeddable":true,"href":"https:\/\/portal.sma.gob.cl\/index.php\/wp-json\/wp\/v2\/users\/3"}],"replies":[{"embeddable":true,"href":"https:\/\/portal.sma.gob.cl\/index.php\/wp-json\/wp\/v2\/comments?post=16184"}],"version-history":[{"count":0,"href":"https:\/\/portal.sma.gob.cl\/index.php\/wp-json\/wp\/v2\/posts\/16184\/revisions"}],"wp:featuredmedia":[{"embeddable":true,"href":"https:\/\/portal.sma.gob.cl\/index.php\/wp-json\/wp\/v2\/media\/16183"}],"wp:attachment":[{"href":"https:\/\/portal.sma.gob.cl\/index.php\/wp-json\/wp\/v2\/media?parent=16184"}],"wp:term":[{"taxonomy":"category","embeddable":true,"href":"https:\/\/portal.sma.gob.cl\/index.php\/wp-json\/wp\/v2\/categories?post=16184"},{"taxonomy":"post_tag","embeddable":true,"href":"https:\/\/portal.sma.gob.cl\/index.php\/wp-json\/wp\/v2\/tags?post=16184"}],"curies":[{"name":"wp","href":"https:\/\/api.w.org\/{rel}","templated":true}]}}