{"id":16191,"date":"2015-06-04T12:23:20","date_gmt":"2015-06-04T12:23:20","guid":{"rendered":"https:\/\/portal.sma.gob.cl\/index.php\/2015\/06\/04\/superintendente-inaugura-primer-encuentro-anual-2015-de-fiscalizadores-de-la-sma\/"},"modified":"2015-06-04T12:23:20","modified_gmt":"2015-06-04T12:23:20","slug":"superintendente-inaugura-primer-encuentro-anual-2015-de-fiscalizadores-de-la-sma","status":"publish","type":"post","link":"https:\/\/portal.sma.gob.cl\/index.php\/superintendente-inaugura-primer-encuentro-anual-2015-de-fiscalizadores-de-la-sma\/","title":{"rendered":"Superintendente inaugura primer encuentro anual 2015 de Fiscalizadores de la SMA"},"content":{"rendered":"<p style=\"text-align: justify;\"><strong><img decoding=\"async\" class=\"size-auto size-full wp-image-16115\" src=\"https:\/\/portal.sma.gob.cl\/wp-content\/uploads\/2015\/02\/5-nota.jpg\" alt=\"5-nota\" width=\"760\" height=\"300\" \/><\/strong><\/p>\n<p style=\"text-align: justify;\"><strong>El Superintendente Cristi\u00e1n Franz dio el vamos a la instancia que re\u00fane a alrededor de 60 profesionales que conforman la Divisi\u00f3n de Fiscalizaci\u00f3n de la SMA.<\/strong><\/p>\n<p>  <!--more-->  <\/p>\n<p style=\"text-align: justify;\"><strong>Santiago, 3 de junio de 2015.<\/strong> \u201cEstoy muy contento y orgulloso por el trabajo que hemos hecho. En este a\u00f1o que ha transcurrido hemos experimentado avances significativos en la gesti\u00f3n de la SMA. La reorganizaci\u00f3n institucional y las directrices que hemos impartido est\u00e1n dando sus frutos, con m\u00e1s y mejores decisiones. Estamos viendo adem\u00e1s que la mayor parte de las resoluciones que hemos dictado en este per\u00edodo han sido aceptadas por los regulados y en los casos en los que se ha reclamado judicialmente de ellas, los Tribunales Ambientales, y en algunos casos la Corte Suprema han fallado confirmando nuestras resoluciones y desestimando los reclamos. Vamos por buen camino. Esto sin duda debe ser motivo de orgullo y satisfacci\u00f3n para todos nosotros\u201d. Con estas palabras, el Superintendente del Medio Ambiente, Cristi\u00e1n Franz, dio un mensaje de bienvenida a los cerca de 60 profesionales de la Divisi\u00f3n de Fiscalizaci\u00f3n de la SMA, en su primer encuentro anual 2015 realizado en Santiago.<\/p>\n<p style=\"text-align: justify;\">En la instancia, el jefe del servicio hizo un an\u00e1lisis de los avances que ha tenido la instituci\u00f3n en 2015 y los desaf\u00edos que vienen por delante. Explic\u00f3 que hacia fin de a\u00f1o la SMA contar\u00e1 con 6 oficinas regionales en Antofagasta, Atacama, Valpara\u00edso, Metropolitana, Biob\u00edo y Los R\u00edos.<\/p>\n<p style=\"text-align: justify;\">\u201cHacia 2018 el plan de expansi\u00f3n de la SMA considera oficinas regionales en todo el pa\u00eds con 10 profesionales en cada una de ellas. Sabemos que hoy la ciudadan\u00eda est\u00e1 esperando mucho de nosotros como Superintendencia, y queremos dar la mejor respuesta posible, en forma oportuna y con la mayor calidad t\u00e9cnica y solidez jur\u00eddica que seamos capaces de entregar\u201d, expres\u00f3 el Superintendente.<\/p>\n<p style=\"text-align: justify;\">La reuni\u00f3n anual convoca a todos los profesionales que trabajan en la Divisi\u00f3n de Fiscalizaci\u00f3n de la SMA, dirigida por Rub\u00e9n Verdugo. Esta \u00e1rea es la encargada de realizar actividades en terreno y de an\u00e1lisis en gabinete para analizar el cumplimiento de m\u00e1s de 14.000 Resoluciones de Calificaci\u00f3n Ambiental (RCA), Normas de Emisi\u00f3n, Normas de Calidad, Planes de Descontaminaci\u00f3n, y Programas de Cumplimiento en ejecuci\u00f3n por parte de titulares que optan por esta figura dentro de procesos sancionatorios.<\/p>\n","protected":false},"excerpt":{"rendered":"<p>El Superintendente Cristi\u00e1n Franz dio el vamos a la instancia que re\u00fane a alrededor de 60 profesionales que conforman la Divisi\u00f3n de Fiscalizaci\u00f3n de la SMA.<\/p>\n","protected":false},"author":3,"featured_media":16115,"comment_status":"open","ping_status":"open","sticky":false,"template":"","format":"standard","meta":{"footnotes":""},"categories":[94],"tags":[],"class_list":["post-16191","post","type-post","status-publish","format-standard","has-post-thumbnail","hentry","category-notas-noticias"],"_links":{"self":[{"href":"https:\/\/portal.sma.gob.cl\/index.php\/wp-json\/wp\/v2\/posts\/16191","targetHints":{"allow":["GET"]}}],"collection":[{"href":"https:\/\/portal.sma.gob.cl\/index.php\/wp-json\/wp\/v2\/posts"}],"about":[{"href":"https:\/\/portal.sma.gob.cl\/index.php\/wp-json\/wp\/v2\/types\/post"}],"author":[{"embeddable":true,"href":"https:\/\/portal.sma.gob.cl\/index.php\/wp-json\/wp\/v2\/users\/3"}],"replies":[{"embeddable":true,"href":"https:\/\/portal.sma.gob.cl\/index.php\/wp-json\/wp\/v2\/comments?post=16191"}],"version-history":[{"count":0,"href":"https:\/\/portal.sma.gob.cl\/index.php\/wp-json\/wp\/v2\/posts\/16191\/revisions"}],"wp:featuredmedia":[{"embeddable":true,"href":"https:\/\/portal.sma.gob.cl\/index.php\/wp-json\/wp\/v2\/media\/16115"}],"wp:attachment":[{"href":"https:\/\/portal.sma.gob.cl\/index.php\/wp-json\/wp\/v2\/media?parent=16191"}],"wp:term":[{"taxonomy":"category","embeddable":true,"href":"https:\/\/portal.sma.gob.cl\/index.php\/wp-json\/wp\/v2\/categories?post=16191"},{"taxonomy":"post_tag","embeddable":true,"href":"https:\/\/portal.sma.gob.cl\/index.php\/wp-json\/wp\/v2\/tags?post=16191"}],"curies":[{"name":"wp","href":"https:\/\/api.w.org\/{rel}","templated":true}]}}