{"id":16193,"date":"2015-06-04T16:04:01","date_gmt":"2015-06-04T16:04:01","guid":{"rendered":"https:\/\/portal.sma.gob.cl\/index.php\/2015\/06\/04\/ministerio-del-medio-ambiente-da-a-conocer-instructivo-presidencial-sobre-buenas-practicas-laborales\/"},"modified":"2015-06-04T16:04:01","modified_gmt":"2015-06-04T16:04:01","slug":"ministerio-del-medio-ambiente-da-a-conocer-instructivo-presidencial-sobre-buenas-practicas-laborales","status":"publish","type":"post","link":"https:\/\/portal.sma.gob.cl\/index.php\/ministerio-del-medio-ambiente-da-a-conocer-instructivo-presidencial-sobre-buenas-practicas-laborales\/","title":{"rendered":"Ministerio del Medio Ambiente da a conocer  \u201cInstructivo Presidencial sobre Buenas Pr\u00e1cticas Laborales\u201d"},"content":{"rendered":"<p style=\"text-align: justify;\"><strong><img decoding=\"async\" class=\"size-auto size-full wp-image-16192\" src=\"https:\/\/portal.sma.gob.cl\/wp-content\/uploads\/2015\/06\/5.1-slide.jpg\" alt=\"5.1-slide\" width=\"760\" height=\"300\" srcset=\"https:\/\/portal.sma.gob.cl\/wp-content\/uploads\/2015\/06\/5.1-slide-200x79.jpg 200w, https:\/\/portal.sma.gob.cl\/wp-content\/uploads\/2015\/06\/5.1-slide-300x118.jpg 300w, https:\/\/portal.sma.gob.cl\/wp-content\/uploads\/2015\/06\/5.1-slide-400x158.jpg 400w, https:\/\/portal.sma.gob.cl\/wp-content\/uploads\/2015\/06\/5.1-slide-600x237.jpg 600w, https:\/\/portal.sma.gob.cl\/wp-content\/uploads\/2015\/06\/5.1-slide.jpg 760w\" sizes=\"(max-width: 760px) 100vw, 760px\" \/><\/strong><\/p>\n<p style=\"text-align: justify;\"><strong>El Ministro Pablo Badenier junto al subsecretario Marcelo Mena, el director nacional del Servicio Civil, Rodrigo Ega\u00f1a y altos dirigentes de las asociaciones de funcionarios del MMA, SMA y del SEA, participaron ayer del lanzamiento del documento.<\/strong><\/p>\n<p>  <!--more-->  <\/p>\n<p style=\"text-align: justify;\"><strong>Santiago, 4 de junio de 2015.<\/strong> La Presidenta Michelle Bachelet a comienzos de 2015, lanz\u00f3 una serie de medidas para generar mejores pol\u00edticas y pr\u00e1cticas en la gesti\u00f3n de personas en los servicios p\u00fablicos, a trav\u00e9s de estrategias s\u00f3lidas que eleven la calidad del empleo p\u00fablico y fortalezcan el aporte que los colaboradores y colaboradoras realizan para el cumplimiento de sus funciones en los organismos del Estado de Chile.<\/p>\n<p style=\"text-align: justify;\">Se trata del \u201cInstructivo Presidencial sobre Buenas Pr\u00e1cticas Laborales en Desarrollo de Personas en el Estado\u201d, que fue presentado ayer en el Ministerio del Medio Ambiente por el ministro Pablo Badenier. Al lanzamiento asistieron, el subsecretario Marcelo Mena, el director nacional del Servicio Civil, Rodrigo Ega\u00f1a; el Superintendente del Medio Ambiente, Cristi\u00e1n Franz; el director del Servicio de Evaluaci\u00f3n Ambiental, Jorge Troncoso; y altos dirigentes de las asociaciones de funcionarios del Ministerio, Superintendencia y Servicio de Evaluaci\u00f3n Ambiental.<\/p>\n<p style=\"text-align: justify;\">En la actividad, el ministro Badenier agradeci\u00f3 la presencia de las autoridades y destac\u00f3 que gran parte del presupuesto del ministerio est\u00e1 destinado a \u201cnuestra gran fortaleza, las personas, quienes forman parte de un gran equipo humano que debe sentirse c\u00f3modo, ser creativos y pensar a Chile como un pa\u00eds que responde a la contingencia\u201d.<\/p>\n<h2 style=\"text-align: justify;\">Ejes de gesti\u00f3n<\/h2>\n<p style=\"text-align: justify;\">El documento presidencial aborda tres ejes principales de gesti\u00f3n: derechos laborales; velar por la generaci\u00f3n de servicios de calidad que promuevan condiciones laborales dignas, eficientes e innovadoras; y el desarrollo de acciones que generen ambientes laborales basados en el respeto y buen trato, que favorezcan el compromiso, la motivaci\u00f3n y el buen desempe\u00f1o de los equipos de trabajo.<\/p>\n<p style=\"text-align: justify;\">La m\u00e1xima autoridad ambiental destac\u00f3 que \u201cla implementaci\u00f3n de este instructivo presidencial cobra muchas m\u00e1s importancia para ministerios como el nuestro, donde el factor humano es fundamental y decisivo a la hora de crear proyectos de ley, programas de evaluaci\u00f3n, de fiscalizaci\u00f3n, entre otros. Por eso hemos querido darle la importancia de que merece y esperamos contar con el apoyo y compa\u00f1\u00eda de las asociaciones de funcionarios del MMA (ANFUMMA), Superintendencia del Medio Ambiente (ASUMA) y del SEA (ANFUSEA)\u201d.<\/p>\n<p>&nbsp;<\/p>\n","protected":false},"excerpt":{"rendered":"<p>El Ministro Pablo Badenier junto al subsecretario Marcelo Mena, el director nacional del Servicio Civil, Rodrigo Ega\u00f1a y altos dirigentes de las asociaciones de funcionarios del MMA, SMA y del SEA, participaron ayer del lanzamiento del documento.<\/p>\n","protected":false},"author":3,"featured_media":16192,"comment_status":"open","ping_status":"open","sticky":false,"template":"","format":"standard","meta":{"footnotes":""},"categories":[94],"tags":[],"class_list":["post-16193","post","type-post","status-publish","format-standard","has-post-thumbnail","hentry","category-notas-noticias"],"_links":{"self":[{"href":"https:\/\/portal.sma.gob.cl\/index.php\/wp-json\/wp\/v2\/posts\/16193","targetHints":{"allow":["GET"]}}],"collection":[{"href":"https:\/\/portal.sma.gob.cl\/index.php\/wp-json\/wp\/v2\/posts"}],"about":[{"href":"https:\/\/portal.sma.gob.cl\/index.php\/wp-json\/wp\/v2\/types\/post"}],"author":[{"embeddable":true,"href":"https:\/\/portal.sma.gob.cl\/index.php\/wp-json\/wp\/v2\/users\/3"}],"replies":[{"embeddable":true,"href":"https:\/\/portal.sma.gob.cl\/index.php\/wp-json\/wp\/v2\/comments?post=16193"}],"version-history":[{"count":0,"href":"https:\/\/portal.sma.gob.cl\/index.php\/wp-json\/wp\/v2\/posts\/16193\/revisions"}],"wp:featuredmedia":[{"embeddable":true,"href":"https:\/\/portal.sma.gob.cl\/index.php\/wp-json\/wp\/v2\/media\/16192"}],"wp:attachment":[{"href":"https:\/\/portal.sma.gob.cl\/index.php\/wp-json\/wp\/v2\/media?parent=16193"}],"wp:term":[{"taxonomy":"category","embeddable":true,"href":"https:\/\/portal.sma.gob.cl\/index.php\/wp-json\/wp\/v2\/categories?post=16193"},{"taxonomy":"post_tag","embeddable":true,"href":"https:\/\/portal.sma.gob.cl\/index.php\/wp-json\/wp\/v2\/tags?post=16193"}],"curies":[{"name":"wp","href":"https:\/\/api.w.org\/{rel}","templated":true}]}}