{"id":16199,"date":"2015-06-10T20:33:10","date_gmt":"2015-06-10T20:33:10","guid":{"rendered":"https:\/\/portal.sma.gob.cl\/index.php\/2015\/06\/10\/sma-formula-cargos-contra-frigorifico-temuco-por-incumplimientos-ambientales\/"},"modified":"2015-06-10T20:33:10","modified_gmt":"2015-06-10T20:33:10","slug":"sma-formula-cargos-contra-frigorifico-temuco-por-incumplimientos-ambientales","status":"publish","type":"post","link":"https:\/\/portal.sma.gob.cl\/index.php\/sma-formula-cargos-contra-frigorifico-temuco-por-incumplimientos-ambientales\/","title":{"rendered":"SMA formula cargos contra Frigor\u00edfico Temuco por incumplimientos ambientales"},"content":{"rendered":"<p style=\"text-align: justify;\"><strong><img decoding=\"async\" class=\"size-auto size-full wp-image-16198\" src=\"https:\/\/portal.sma.gob.cl\/wp-content\/uploads\/2015\/06\/10-nota.jpg\" alt=\"10-nota\" width=\"760\" height=\"300\" srcset=\"https:\/\/portal.sma.gob.cl\/wp-content\/uploads\/2015\/06\/10-nota-200x79.jpg 200w, https:\/\/portal.sma.gob.cl\/wp-content\/uploads\/2015\/06\/10-nota-300x118.jpg 300w, https:\/\/portal.sma.gob.cl\/wp-content\/uploads\/2015\/06\/10-nota-400x158.jpg 400w, https:\/\/portal.sma.gob.cl\/wp-content\/uploads\/2015\/06\/10-nota-600x237.jpg 600w, https:\/\/portal.sma.gob.cl\/wp-content\/uploads\/2015\/06\/10-nota.jpg 760w\" sizes=\"(max-width: 760px) 100vw, 760px\" \/><\/strong><\/p>\n<p style=\"text-align: justify;\"><strong>La Superintendencia del Medio Ambiente (SMA) constat\u00f3 numerosos incumplimientos a la legislaci\u00f3n ambiental durante las fiscalizaciones realizadas los a\u00f1os 2013, 2014 y 2015 a la instalaci\u00f3n ubicada en la Provincia de Caut\u00edn, Regi\u00f3n de la Araucan\u00eda.<\/strong><\/p>\n<p>  <!--more-->  <\/p>\n<p style=\"text-align: justify;\"><strong>Santiago, 10 de junio de 2015.<\/strong> La Superintendencia del Medio Ambiente (SMA) procedi\u00f3 a formular cargos contra Frigor\u00edfico Temuco S.A., debido a una serie de incumplimientos ambientales en sus instalaciones ubicadas en la Provincia de Caut\u00edn, IX Regi\u00f3n de la Araucan\u00eda.<\/p>\n<p style=\"text-align: justify;\">Desde el a\u00f1o 2013 la SMA ha recibido m\u00faltiples denuncias contra Frigor\u00edfico Temuco de los vecinos del sector que colindan con la instalaci\u00f3n, todas ellas asociadas a la emanaci\u00f3n de olores molestos y a ruidos provenientes de la planta.<\/p>\n<p style=\"text-align: justify;\">fue objeto de fiscalizaciones ambientales tanto en el a\u00f1o 2013, 2014 y 2015, por funcionarios de la SMA y de la Seremi de Salud de la Regi\u00f3n de la Araucan\u00eda, detect\u00e1ndose especialmente deficiencias en el proceso de tratamiento de Residuos Industriales L\u00edquidos (RILes), los que provocar\u00edan la generaci\u00f3n de fuertes olores, afectando a los vecinos del sector.<\/p>\n<p style=\"text-align: justify;\">En este caso, la formulaci\u00f3n de cargos es el inicio de un procedimiento sancionatorio por parte de la SMA. Por su parte, el infractor cuenta con 10 d\u00edas para presentar un Programa de Cumplimiento \u2013si corresponde- o bien, con 15 d\u00edas para presentar descargos ante esta Superintendencia, tras lo cual contin\u00faa el proceso sancionatorio.<\/p>\n<p style=\"text-align: justify;\">Para mayores detalles, acceder a la formulaci\u00f3n de cargos en el <a href=\"http:\/\/snifa.sma.gob.cl\/RegistroPublico\/ProcesoSancion\/VerExpediente?expediente=D-021-2015\">Sistema Nacional de Informaci\u00f3n de Fiscalizaci\u00f3n Ambiental (SNIFA)<\/a><\/p>\n","protected":false},"excerpt":{"rendered":"<p>La Superintendencia del Medio Ambiente (SMA) constat\u00f3 numerosos incumplimientos a la legislaci\u00f3n ambiental durante las fiscalizaciones realizadas los a\u00f1os 2013, 2014 y 2015 a la instalaci\u00f3n ubicada en la Provincia de Caut\u00edn, Regi\u00f3n de la Araucan\u00eda.<\/p>\n","protected":false},"author":3,"featured_media":16198,"comment_status":"open","ping_status":"open","sticky":false,"template":"","format":"standard","meta":{"footnotes":""},"categories":[90],"tags":[],"class_list":["post-16199","post","type-post","status-publish","format-standard","has-post-thumbnail","hentry","category-comunicados-noticias"],"_links":{"self":[{"href":"https:\/\/portal.sma.gob.cl\/index.php\/wp-json\/wp\/v2\/posts\/16199","targetHints":{"allow":["GET"]}}],"collection":[{"href":"https:\/\/portal.sma.gob.cl\/index.php\/wp-json\/wp\/v2\/posts"}],"about":[{"href":"https:\/\/portal.sma.gob.cl\/index.php\/wp-json\/wp\/v2\/types\/post"}],"author":[{"embeddable":true,"href":"https:\/\/portal.sma.gob.cl\/index.php\/wp-json\/wp\/v2\/users\/3"}],"replies":[{"embeddable":true,"href":"https:\/\/portal.sma.gob.cl\/index.php\/wp-json\/wp\/v2\/comments?post=16199"}],"version-history":[{"count":0,"href":"https:\/\/portal.sma.gob.cl\/index.php\/wp-json\/wp\/v2\/posts\/16199\/revisions"}],"wp:featuredmedia":[{"embeddable":true,"href":"https:\/\/portal.sma.gob.cl\/index.php\/wp-json\/wp\/v2\/media\/16198"}],"wp:attachment":[{"href":"https:\/\/portal.sma.gob.cl\/index.php\/wp-json\/wp\/v2\/media?parent=16199"}],"wp:term":[{"taxonomy":"category","embeddable":true,"href":"https:\/\/portal.sma.gob.cl\/index.php\/wp-json\/wp\/v2\/categories?post=16199"},{"taxonomy":"post_tag","embeddable":true,"href":"https:\/\/portal.sma.gob.cl\/index.php\/wp-json\/wp\/v2\/tags?post=16199"}],"curies":[{"name":"wp","href":"https:\/\/api.w.org\/{rel}","templated":true}]}}