{"id":16206,"date":"2015-06-22T18:41:32","date_gmt":"2015-06-22T18:41:32","guid":{"rendered":"https:\/\/portal.sma.gob.cl\/index.php\/2015\/06\/22\/sma-inicia-proceso-sancionatorio-contra-minera-teck-carmen-de-andacollo\/"},"modified":"2015-06-22T18:41:32","modified_gmt":"2015-06-22T18:41:32","slug":"sma-inicia-proceso-sancionatorio-contra-minera-teck-carmen-de-andacollo","status":"publish","type":"post","link":"https:\/\/portal.sma.gob.cl\/index.php\/sma-inicia-proceso-sancionatorio-contra-minera-teck-carmen-de-andacollo\/","title":{"rendered":"SMA inicia proceso sancionatorio contra minera Teck Carmen de Andacollo"},"content":{"rendered":"<p><img decoding=\"async\" class=\"size-auto size-full wp-image-16205\" style=\"font-size: 12.1599998474121px; line-height: 1.3em;\" src=\"https:\/\/portal.sma.gob.cl\/wp-content\/uploads\/2015\/06\/Teck_Andacollo_OK.jpg\" alt=\"Teck Andacollo OK\" width=\"760\" height=\"360\" srcset=\"https:\/\/portal.sma.gob.cl\/wp-content\/uploads\/2015\/06\/Teck_Andacollo_OK-200x95.jpg 200w, https:\/\/portal.sma.gob.cl\/wp-content\/uploads\/2015\/06\/Teck_Andacollo_OK-300x142.jpg 300w, https:\/\/portal.sma.gob.cl\/wp-content\/uploads\/2015\/06\/Teck_Andacollo_OK-400x189.jpg 400w, https:\/\/portal.sma.gob.cl\/wp-content\/uploads\/2015\/06\/Teck_Andacollo_OK-600x284.jpg 600w, https:\/\/portal.sma.gob.cl\/wp-content\/uploads\/2015\/06\/Teck_Andacollo_OK.jpg 760w\" sizes=\"(max-width: 760px) 100vw, 760px\" \/><\/p>\n<p style=\"text-align: justify;\"><strong>Luego de recibir 26 denuncias y realizar fiscalizaciones en terreno junto a varios servicios p\u00fablicos, la SMA formul\u00f3 cargos contra la faena ubicada en la Regi\u00f3n de Coquimbo.<\/strong><\/p>\n<p>  <!--more-->  <\/p>\n<p style=\"text-align: justify;\"><strong>Santiago, 22 de junio de 2015.<\/strong> La Superintendencia del Medio Ambiente procedi\u00f3 a formular en contra de Compa\u00f1\u00eda Minera Teck Carmen de Andacollo por un conjunto de infracciones a dos Resoluciones de Calificaci\u00f3n Ambiental (N\u00b0104\/2007 y N\u00b0104\/2008), de las once RCA que regulan el funcionamiento de dicha faena, aprobadas entre los a\u00f1os 1995 y 2012.<\/p>\n<p style=\"text-align: justify;\">Este proyecto minero consiste en la explotaci\u00f3n minera de cobre a trav\u00e9s de una mina de rajo abierto ubicada en las cercan\u00edas de la ciudad de Andacollo, provincia del Elqui, Regi\u00f3n de Coquimbo. <br \/>Respecto de este proyecto, la SMA ha recibido 26 denuncias vinculadas a la emisi\u00f3n de material particulado debido a la realizaci\u00f3n de tronaduras en la mina en condiciones de viento desfavorable para poblados aleda\u00f1os. Entre los denunciantes se encuentra la Ilustre Municipalidad de Andacollo, organizaciones vecinales y personas de la ciudad de Andacollo y de los poblados de Chepiquilla y El Toro. Respecto de esta situaci\u00f3n, altos personeros de la SMA concurrieron al sector para examinar en terreno los antecedentes presentados.<\/p>\n<p style=\"text-align: justify;\">La presente formulaci\u00f3n de cargos ha tomado como antecedentes las denuncias se\u00f1aladas, as\u00ed como tambi\u00e9n las actividades de fiscalizaci\u00f3n realizadas por profesionales la SMA en conjunto con funcionarios del Servicio Agr\u00edcola y Ganadero (SAG); el Servicio Nacional de Geolog\u00eda y Miner\u00eda (Sernageomin); la Corporaci\u00f3n Nacional Forestal (Conaf); y la Secretar\u00eda Regional Ministerial de Salud; todos de la Regi\u00f3n de Coquimbo.<\/p>\n<p style=\"text-align: justify;\">Las infracciones que configuran los cargos son las siguientes: <br \/>\u2022 Realizaci\u00f3n de tronaduras, entre los meses de enero de 2013 y diciembre de 2014, con condiciones de viento desfavorables para la comunidad aleda\u00f1a a la faena minera.<br \/>\u2022 Abertura parcial en un sector del domo de acopio de mineral.<br \/>\u2022 No impermeabilizaci\u00f3n de los sectores donde se encuentran las tuber\u00edas que transportan soluciones para riego de las pilas de lixiviaci\u00f3n.<br \/>\u2022 No construcci\u00f3n de obras de intercepci\u00f3n de las aguas superficiales en el \u00e1rea del dep\u00f3sito de relaves.<br \/>\u2022 No instalaci\u00f3n de se\u00f1al\u00e9tica para la protecci\u00f3n de \u00e1reas descritas donde existe flora en estado de conservaci\u00f3n y h\u00e1bitat de fauna. <br \/>Los cargos formulados a Compa\u00f1\u00eda Minera Teck Carmen de Andacollo se clasifican como graves y leves. La Ley Org\u00e1nica de la SMA establece que una infracci\u00f3n grave puede resultar en la revocaci\u00f3n de una RCA, clausura, o multa de hasta 5.000 Unidades Tributarias Anuales (UTA). En tanto, una infracci\u00f3n leve podr\u00e1 ser objeto de amonestaci\u00f3n o multa hasta 1.000 Unidades Tributarias Anuales (UTA).<\/p>\n<p style=\"text-align: justify;\">Cabe recordar que la formulaci\u00f3n de cargos es el inicio de un procedimiento sancionatorio por parte de la SMA. En tanto, el infractor tendr\u00e1 10 d\u00edas de plazo para presentar un Programa de Cumplimiento* o cuenta con 15 d\u00edas de plazo para formular descargos ante esta Superintendencia, tras lo cual contin\u00faa el proceso sancionatorio.<\/p>\n<p style=\"text-align: justify;\">M\u00e1s detalles del caso en el <a href=\"http:\/\/snifa.sma.gob.cl\/RegistroPublico\/ProcesoSancion\/VerExpediente?expediente=D-024-2015\" target=\"_blank\">Sistema Nacional de Informaci\u00f3n de Fiscalizaci\u00f3n Ambiental (SNIFA)<\/a>.<\/p>\n<hr \/>\n<p style=\"text-align: justify;\"><span><span><span><span>[*]<\/span><\/span><\/span><\/span><span> <strong>Programa de Cumplimiento<\/strong>: Es un plan de acciones y metas presentado por el infractor, para que dentro de un plazo fijado por la Superintendencia, el titular cumpla sus obligaciones ambientales. Si la SMA aprueba dicho programa, y \u00e9ste se ejecuta satisfactoriamente, se pone fin al procedimiento sancionatorio. No obstante, si el titular no cumple con los compromisos establecidos en dicho programa, arriesga hasta el doble de la multa original.<\/span><\/p>\n","protected":false},"excerpt":{"rendered":"<p>Luego de recibir 26 denuncias y realizar fiscalizaciones en terreno junto a varios servicios p\u00fablicos, la SMA formul\u00f3 cargos contra la faena ubicada en la Regi\u00f3n de Coquimbo.<\/p>\n","protected":false},"author":3,"featured_media":16205,"comment_status":"open","ping_status":"open","sticky":false,"template":"","format":"standard","meta":{"footnotes":""},"categories":[90],"tags":[],"class_list":["post-16206","post","type-post","status-publish","format-standard","has-post-thumbnail","hentry","category-comunicados-noticias"],"_links":{"self":[{"href":"https:\/\/portal.sma.gob.cl\/index.php\/wp-json\/wp\/v2\/posts\/16206","targetHints":{"allow":["GET"]}}],"collection":[{"href":"https:\/\/portal.sma.gob.cl\/index.php\/wp-json\/wp\/v2\/posts"}],"about":[{"href":"https:\/\/portal.sma.gob.cl\/index.php\/wp-json\/wp\/v2\/types\/post"}],"author":[{"embeddable":true,"href":"https:\/\/portal.sma.gob.cl\/index.php\/wp-json\/wp\/v2\/users\/3"}],"replies":[{"embeddable":true,"href":"https:\/\/portal.sma.gob.cl\/index.php\/wp-json\/wp\/v2\/comments?post=16206"}],"version-history":[{"count":0,"href":"https:\/\/portal.sma.gob.cl\/index.php\/wp-json\/wp\/v2\/posts\/16206\/revisions"}],"wp:featuredmedia":[{"embeddable":true,"href":"https:\/\/portal.sma.gob.cl\/index.php\/wp-json\/wp\/v2\/media\/16205"}],"wp:attachment":[{"href":"https:\/\/portal.sma.gob.cl\/index.php\/wp-json\/wp\/v2\/media?parent=16206"}],"wp:term":[{"taxonomy":"category","embeddable":true,"href":"https:\/\/portal.sma.gob.cl\/index.php\/wp-json\/wp\/v2\/categories?post=16206"},{"taxonomy":"post_tag","embeddable":true,"href":"https:\/\/portal.sma.gob.cl\/index.php\/wp-json\/wp\/v2\/tags?post=16206"}],"curies":[{"name":"wp","href":"https:\/\/api.w.org\/{rel}","templated":true}]}}