{"id":16208,"date":"2015-06-23T13:54:11","date_gmt":"2015-06-23T13:54:11","guid":{"rendered":"https:\/\/portal.sma.gob.cl\/index.php\/2015\/06\/23\/sma-realiza-capacitacion-en-norma-de-ruidos-a-fiscalizadores-de-talca\/"},"modified":"2015-06-23T13:54:11","modified_gmt":"2015-06-23T13:54:11","slug":"sma-realiza-capacitacion-en-norma-de-ruidos-a-fiscalizadores-de-talca","status":"publish","type":"post","link":"https:\/\/portal.sma.gob.cl\/index.php\/sma-realiza-capacitacion-en-norma-de-ruidos-a-fiscalizadores-de-talca\/","title":{"rendered":"SMA realiza capacitaci\u00f3n en norma de ruidos a fiscalizadores de Talca"},"content":{"rendered":"<p style=\"text-align: justify;\"><strong><img decoding=\"async\" class=\" size-full wp-image-16207\" src=\"https:\/\/portal.sma.gob.cl\/wp-content\/uploads\/2015\/06\/Nota_Ruido.jpg\" alt=\"Nota Ruido\" width=\"670\" height=\"264\" \/><\/strong><\/p>\n<p style=\"text-align: justify;\"><strong>Profesionales de la Seremi de Salud participaron en taller sobre el Decreto Supremo 38\/2011 del Ministerio del Medio Ambiente.<\/strong><\/p>\n<p>  <!--more-->  <\/p>\n<p style=\"text-align: justify;\"><strong>Talca, 18 de junio de 2015.<\/strong> Una amplia asistencia tuvo el taller sobre fiscalizaci\u00f3n de la Norma de Emisi\u00f3n de Ruidos (D.S. 38\/2011 del Ministerio del Medio Ambiente), realizado por profesionales de la Divisi\u00f3n de Fiscalizaci\u00f3n de la Superintendencia del Medio Ambiente (SMA).<\/p>\n<p style=\"text-align: justify;\">En la actividad se abordaron los detalles de la nueva normativa de ruidos, los criterios que se utilizan al momento de la medici\u00f3n en terreno, y el uso correcto del son\u00f3metro como herramienta para la verificaci\u00f3n del cumplimiento de la normativa.<\/p>\n<p style=\"text-align: justify;\">La capacitaci\u00f3n cont\u00f3 con la presencia de 20 fiscalizadores de la Seremi de Salud del Maule, quienes entregaron su visi\u00f3n respecto de la realidad con que se encuentran a la hora de abordar las denuncias de ruido de la ciudadan\u00eda en la regi\u00f3n del Maule. Adem\u00e1s, con la experiencia de ese servicio, realizaron aportes para ir mejorando d\u00eda a d\u00eda la calidad de las fiscalizaciones que se realizan en la zona del Maule.<\/p>\n<p style=\"text-align: justify;\">Esta actividad se realiz\u00f3 en el marco de la Red Nacional de Fiscalizaci\u00f3n Ambiental (RENFA), la cual es coordinada por la SMA, y en ella participan 16 servicios p\u00fablicos, entre ellos, la Seremi de Salud del Maule.<\/p>\n","protected":false},"excerpt":{"rendered":"<p>Profesionales de la Seremi de Salud participaron en taller sobre el Decreto Supremo 38\/2011 del Ministerio del Medio Ambiente.<\/p>\n","protected":false},"author":3,"featured_media":16207,"comment_status":"open","ping_status":"open","sticky":false,"template":"","format":"standard","meta":{"footnotes":""},"categories":[94],"tags":[],"class_list":["post-16208","post","type-post","status-publish","format-standard","has-post-thumbnail","hentry","category-notas-noticias"],"_links":{"self":[{"href":"https:\/\/portal.sma.gob.cl\/index.php\/wp-json\/wp\/v2\/posts\/16208","targetHints":{"allow":["GET"]}}],"collection":[{"href":"https:\/\/portal.sma.gob.cl\/index.php\/wp-json\/wp\/v2\/posts"}],"about":[{"href":"https:\/\/portal.sma.gob.cl\/index.php\/wp-json\/wp\/v2\/types\/post"}],"author":[{"embeddable":true,"href":"https:\/\/portal.sma.gob.cl\/index.php\/wp-json\/wp\/v2\/users\/3"}],"replies":[{"embeddable":true,"href":"https:\/\/portal.sma.gob.cl\/index.php\/wp-json\/wp\/v2\/comments?post=16208"}],"version-history":[{"count":0,"href":"https:\/\/portal.sma.gob.cl\/index.php\/wp-json\/wp\/v2\/posts\/16208\/revisions"}],"wp:featuredmedia":[{"embeddable":true,"href":"https:\/\/portal.sma.gob.cl\/index.php\/wp-json\/wp\/v2\/media\/16207"}],"wp:attachment":[{"href":"https:\/\/portal.sma.gob.cl\/index.php\/wp-json\/wp\/v2\/media?parent=16208"}],"wp:term":[{"taxonomy":"category","embeddable":true,"href":"https:\/\/portal.sma.gob.cl\/index.php\/wp-json\/wp\/v2\/categories?post=16208"},{"taxonomy":"post_tag","embeddable":true,"href":"https:\/\/portal.sma.gob.cl\/index.php\/wp-json\/wp\/v2\/tags?post=16208"}],"curies":[{"name":"wp","href":"https:\/\/api.w.org\/{rel}","templated":true}]}}