{"id":16212,"date":"2015-06-25T18:16:46","date_gmt":"2015-06-25T18:16:46","guid":{"rendered":"https:\/\/portal.sma.gob.cl\/index.php\/2015\/06\/25\/se-realiza-primer-seminario-de-derecho-penal-y-proteccion-del-medio-ambiente\/"},"modified":"2015-06-25T18:16:46","modified_gmt":"2015-06-25T18:16:46","slug":"se-realiza-primer-seminario-de-derecho-penal-y-proteccion-del-medio-ambiente","status":"publish","type":"post","link":"https:\/\/portal.sma.gob.cl\/index.php\/se-realiza-primer-seminario-de-derecho-penal-y-proteccion-del-medio-ambiente\/","title":{"rendered":"Se realiza Primer Seminario de Derecho Penal y Protecci\u00f3n del Medio Ambiente"},"content":{"rendered":"<p style=\"text-align: justify;\">&nbsp;<img decoding=\"async\" class=\"size-auto size-full wp-image-16211\" src=\"https:\/\/portal.sma.gob.cl\/wp-content\/uploads\/2015\/06\/fotonotainterior.jpg\" alt=\"fotonotainterior\" width=\"760\" height=\"360\" srcset=\"https:\/\/portal.sma.gob.cl\/wp-content\/uploads\/2015\/06\/fotonotainterior-200x95.jpg 200w, https:\/\/portal.sma.gob.cl\/wp-content\/uploads\/2015\/06\/fotonotainterior-300x142.jpg 300w, https:\/\/portal.sma.gob.cl\/wp-content\/uploads\/2015\/06\/fotonotainterior-400x189.jpg 400w, https:\/\/portal.sma.gob.cl\/wp-content\/uploads\/2015\/06\/fotonotainterior-600x284.jpg 600w, https:\/\/portal.sma.gob.cl\/wp-content\/uploads\/2015\/06\/fotonotainterior.jpg 760w\" sizes=\"(max-width: 760px) 100vw, 760px\" \/><\/p>\n<p style=\"text-align: justify;\"><strong>La instancia organizada por la Fiscal\u00eda de Chile, el Ministerio de Medio Ambiente, la Facultad de Derecho de la Universidad de Chile, el Tribunal Ambiental y la Superintendencia del Medio Ambiente, abordar\u00e1 la necesidad de un tipo penal que de protecci\u00f3n en forma suficiente e integral a todos los elementos del medio ambiente, entre otros temas.<\/strong><\/p>\n<p>  <!--more-->  <\/p>\n<p style=\"text-align: justify;\"><strong>Santiago, 25 de junio de 2015.<\/strong> Este ma\u00f1ana se inaugur\u00f3&nbsp;el primer seminario de Derecho Penal y Protecci\u00f3n del Medio Ambiente. En la apertura del evento participaron el&nbsp;Ministro de Medio Ambiente, Pablo Badenier;&nbsp;el Fiscal Nacional, Sabas Chahu\u00e1n; el Decano de la Facultad de Derecho de la Universidad de Chile, Davor Harasic; el Presidente del Tribunal Ambiental de Santiago, Rafael Asenjo; y el Superintendente del Medio Ambiente, Cristi\u00e1n Franz.<\/p>\n<p style=\"text-align: justify;\">El Fiscal Nacional indic\u00f3 que la cita se da en el marco de una materia de candente actualidad y que preocupa a la Fiscal\u00eda como organismo persecutor. &#8220;El establecimiento de un tipo penal que reprima el delito medioambiental, que sea una herramienta en\u00e9rgica y disuasiva de la comisi\u00f3n de delitos medioambientales y la frontera que hay entre el derecho administrativo, un sumario por ejemplo, y el derecho penal que debe ser una herramienta m\u00e1s efectiva&#8221;, expres\u00f3 Sabas Chahu\u00e1n.<\/p>\n<p style=\"text-align: justify;\">Por su parte, el ministro de Medio Ambiente, Pablo Badenier, indic\u00f3 que gracias a la creaci\u00f3n de la Superintendencia del Medio Ambiente, que comenz\u00f3 sus funciones a fines de 2012, &#8220;la potestad administrativa de la administraci\u00f3n cuenta con una institucionalidad s\u00f3lida y en constante crecimiento&#8221;. A la par, indic\u00f3 que existen &#8220;valiosos esfuerzos legislativos para avanzar en una ley especial que tipifique el delito ambiental en Chile&#8221;.<\/p>\n<p style=\"text-align: justify;\">El Superintendente del Medio Ambiente, Cristi\u00e1n Franz, al abrir la tercera mesa del encuentro, hizo hincapi\u00e9 en la necesidad de reservar \u201cel derecho penal ambiental para aquellos casos donde se constaten efectos graves o peligros concretos sobre el medio ambiente, o donde el causante de estos efectos o peligros se resista persistentemente a cumplir con la legislaci\u00f3n ambiental, casos que ya hemos conocido en esta Superintendencia\u201d.<\/p>\n<p style=\"text-align: justify;\">El Seminario abord\u00f3 en tres mesas de discusi\u00f3n consecutivas, las problem\u00e1ticas referidas al \u00e1rea de la persecuci\u00f3n penal y administrativa de la contaminaci\u00f3n del medioambiente.<br \/>En ese respecto se analizaron tres temas base: necesidad de un tipo penal de contaminaci\u00f3n y dificultades en la investigaci\u00f3n; dificultades t\u00e9cnicas para definir el concepto; y la frontera entre el sistema penal y el administrativo sancionatorio.<\/p>\n","protected":false},"excerpt":{"rendered":"<p>&nbsp; La instancia organizada por la Fiscal\u00eda de Chile, el Ministerio de Medio Ambiente, la Facultad de Derecho de la Universidad de Chile, el Tribunal Ambiental y la Superintendencia del Medio Ambiente, abordar\u00e1 la necesidad de un tipo penal que de protecci\u00f3n en forma suficiente e integral a todos los elementos del medio ambiente, entre otros <a href=\"https:\/\/portal.sma.gob.cl\/index.php\/se-realiza-primer-seminario-de-derecho-penal-y-proteccion-del-medio-ambiente\/\">Leer m\u00e1s<\/a><\/p>\n","protected":false},"author":3,"featured_media":16211,"comment_status":"open","ping_status":"open","sticky":false,"template":"","format":"standard","meta":{"footnotes":""},"categories":[94],"tags":[],"class_list":["post-16212","post","type-post","status-publish","format-standard","has-post-thumbnail","hentry","category-notas-noticias"],"_links":{"self":[{"href":"https:\/\/portal.sma.gob.cl\/index.php\/wp-json\/wp\/v2\/posts\/16212","targetHints":{"allow":["GET"]}}],"collection":[{"href":"https:\/\/portal.sma.gob.cl\/index.php\/wp-json\/wp\/v2\/posts"}],"about":[{"href":"https:\/\/portal.sma.gob.cl\/index.php\/wp-json\/wp\/v2\/types\/post"}],"author":[{"embeddable":true,"href":"https:\/\/portal.sma.gob.cl\/index.php\/wp-json\/wp\/v2\/users\/3"}],"replies":[{"embeddable":true,"href":"https:\/\/portal.sma.gob.cl\/index.php\/wp-json\/wp\/v2\/comments?post=16212"}],"version-history":[{"count":0,"href":"https:\/\/portal.sma.gob.cl\/index.php\/wp-json\/wp\/v2\/posts\/16212\/revisions"}],"wp:featuredmedia":[{"embeddable":true,"href":"https:\/\/portal.sma.gob.cl\/index.php\/wp-json\/wp\/v2\/media\/16211"}],"wp:attachment":[{"href":"https:\/\/portal.sma.gob.cl\/index.php\/wp-json\/wp\/v2\/media?parent=16212"}],"wp:term":[{"taxonomy":"category","embeddable":true,"href":"https:\/\/portal.sma.gob.cl\/index.php\/wp-json\/wp\/v2\/categories?post=16212"},{"taxonomy":"post_tag","embeddable":true,"href":"https:\/\/portal.sma.gob.cl\/index.php\/wp-json\/wp\/v2\/tags?post=16212"}],"curies":[{"name":"wp","href":"https:\/\/api.w.org\/{rel}","templated":true}]}}