{"id":16214,"date":"2015-06-26T14:49:39","date_gmt":"2015-06-26T14:49:39","guid":{"rendered":"https:\/\/portal.sma.gob.cl\/index.php\/2015\/06\/26\/sma-recibe-visita-del-ministerio-de-medio-ambiente-de-corea\/"},"modified":"2015-06-26T14:49:39","modified_gmt":"2015-06-26T14:49:39","slug":"sma-recibe-visita-del-ministerio-de-medio-ambiente-de-corea","status":"publish","type":"post","link":"https:\/\/portal.sma.gob.cl\/index.php\/sma-recibe-visita-del-ministerio-de-medio-ambiente-de-corea\/","title":{"rendered":"SMA recibe visita del ministerio de Medio Ambiente de Corea"},"content":{"rendered":"<p style=\"text-align: justify;\"><img decoding=\"async\" class=\"size-auto size-full wp-image-16213\" src=\"https:\/\/portal.sma.gob.cl\/wp-content\/uploads\/2015\/06\/760_reu.jpg\" alt=\"760 reu\" width=\"760\" height=\"360\" srcset=\"https:\/\/portal.sma.gob.cl\/wp-content\/uploads\/2015\/06\/760_reu-200x95.jpg 200w, https:\/\/portal.sma.gob.cl\/wp-content\/uploads\/2015\/06\/760_reu-300x142.jpg 300w, https:\/\/portal.sma.gob.cl\/wp-content\/uploads\/2015\/06\/760_reu-400x189.jpg 400w, https:\/\/portal.sma.gob.cl\/wp-content\/uploads\/2015\/06\/760_reu-600x284.jpg 600w, https:\/\/portal.sma.gob.cl\/wp-content\/uploads\/2015\/06\/760_reu.jpg 760w\" sizes=\"(max-width: 760px) 100vw, 760px\" \/><\/p>\n<p style=\"text-align: justify;\"><strong>Una delegaci\u00f3n compuesta por expertos del gobierno coreano sostuvo un encuentro con la Divisi\u00f3n de Fiscalizaci\u00f3n de la SMA.<\/strong><\/p>\n<p>  <!--more-->  <\/p>\n<p style=\"text-align: justify;\"><strong>Santiago, 24 de junio de 2015.<\/strong> Una delegaci\u00f3n compuesta por tres personeros del Ministerio de Medio Ambiente y de la Corporaci\u00f3n Ambiental de Corea, realiz\u00f3 una visita a las oficinas de la Superintendencia del Medio Ambiente (SMA) para conocer los procesos de fiscalizaci\u00f3n ambiental que se realizan en Chile.<\/p>\n<p style=\"text-align: justify;\">La delegaci\u00f3n visitante estuvo encabezada por Seung-Hee Kang, director de la divisi\u00f3n de Calidad de Aire del Ministerio de Medio Ambiente de Corea; y dos altos personeros del Departamento de Calidad del Aire de la Corporaci\u00f3n Ambiental de ese pa\u00eds.<\/p>\n<p style=\"text-align: justify;\">Por parte de la SMA, profesionales de la Unidad T\u00e9cnica de la Divisi\u00f3n de Fiscalizaci\u00f3n, explicaron c\u00f3mo funciona el modelo de fiscalizaci\u00f3n de la SMA, en especial las normas de emisi\u00f3n, por ejemplo la de Termoel\u00e9ctricas y Fundiciones, y tambi\u00e9n c\u00f3mo se coordinan las actividades de los Planes de Descontaminaci\u00f3n Ambiental de distintas ciudades de Chile.<\/p>\n<p style=\"text-align: justify;\">La reuni\u00f3n sirvi\u00f3 para explicar el modelo utilizado en Chile y conocer la experiencia que tiene Corea respecto de estrategias y controles para la prevenci\u00f3n de la contaminaci\u00f3n atmosf\u00e9rica.<\/p>\n","protected":false},"excerpt":{"rendered":"<p>Una delegaci\u00f3n compuesta por expertos del gobierno coreano sostuvo un encuentro con la Divisi\u00f3n de Fiscalizaci\u00f3n de la SMA.<\/p>\n","protected":false},"author":3,"featured_media":16213,"comment_status":"open","ping_status":"open","sticky":false,"template":"","format":"standard","meta":{"footnotes":""},"categories":[94],"tags":[],"class_list":["post-16214","post","type-post","status-publish","format-standard","has-post-thumbnail","hentry","category-notas-noticias"],"_links":{"self":[{"href":"https:\/\/portal.sma.gob.cl\/index.php\/wp-json\/wp\/v2\/posts\/16214","targetHints":{"allow":["GET"]}}],"collection":[{"href":"https:\/\/portal.sma.gob.cl\/index.php\/wp-json\/wp\/v2\/posts"}],"about":[{"href":"https:\/\/portal.sma.gob.cl\/index.php\/wp-json\/wp\/v2\/types\/post"}],"author":[{"embeddable":true,"href":"https:\/\/portal.sma.gob.cl\/index.php\/wp-json\/wp\/v2\/users\/3"}],"replies":[{"embeddable":true,"href":"https:\/\/portal.sma.gob.cl\/index.php\/wp-json\/wp\/v2\/comments?post=16214"}],"version-history":[{"count":0,"href":"https:\/\/portal.sma.gob.cl\/index.php\/wp-json\/wp\/v2\/posts\/16214\/revisions"}],"wp:featuredmedia":[{"embeddable":true,"href":"https:\/\/portal.sma.gob.cl\/index.php\/wp-json\/wp\/v2\/media\/16213"}],"wp:attachment":[{"href":"https:\/\/portal.sma.gob.cl\/index.php\/wp-json\/wp\/v2\/media?parent=16214"}],"wp:term":[{"taxonomy":"category","embeddable":true,"href":"https:\/\/portal.sma.gob.cl\/index.php\/wp-json\/wp\/v2\/categories?post=16214"},{"taxonomy":"post_tag","embeddable":true,"href":"https:\/\/portal.sma.gob.cl\/index.php\/wp-json\/wp\/v2\/tags?post=16214"}],"curies":[{"name":"wp","href":"https:\/\/api.w.org\/{rel}","templated":true}]}}