{"id":16221,"date":"2015-07-03T14:26:43","date_gmt":"2015-07-03T14:26:43","guid":{"rendered":"https:\/\/portal.sma.gob.cl\/index.php\/2015\/07\/03\/sma-asiste-a-charla-ambiental-en-sonami\/"},"modified":"2015-07-03T14:26:43","modified_gmt":"2015-07-03T14:26:43","slug":"sma-asiste-a-charla-ambiental-en-sonami","status":"publish","type":"post","link":"https:\/\/portal.sma.gob.cl\/index.php\/sma-asiste-a-charla-ambiental-en-sonami\/","title":{"rendered":"SMA asiste a charla ambiental en Sonami"},"content":{"rendered":"<p><img decoding=\"async\" class=\"size-auto size-full wp-image-16220\" src=\"https:\/\/portal.sma.gob.cl\/wp-content\/uploads\/2015\/07\/slide.jpg\" alt=\"slide\" width=\"760\" height=\"360\" srcset=\"https:\/\/portal.sma.gob.cl\/wp-content\/uploads\/2015\/07\/slide-200x95.jpg 200w, https:\/\/portal.sma.gob.cl\/wp-content\/uploads\/2015\/07\/slide-300x142.jpg 300w, https:\/\/portal.sma.gob.cl\/wp-content\/uploads\/2015\/07\/slide-400x189.jpg 400w, https:\/\/portal.sma.gob.cl\/wp-content\/uploads\/2015\/07\/slide-600x284.jpg 600w, https:\/\/portal.sma.gob.cl\/wp-content\/uploads\/2015\/07\/slide.jpg 760w\" sizes=\"(max-width: 760px) 100vw, 760px\" \/><strong>El comit\u00e9 de medioambiente de la Sociedad Nacional de Miner\u00eda (Sonami), solicit\u00f3 a la Superintendencia un taller explicativo con los principales temas que importan a las peque\u00f1as, medianas y grandes mineras del pa\u00eds.<\/strong><\/p>\n<p>  <!--more-->  <\/p>\n<p><strong>Santiago, 2 de julio de 2015<\/strong>. Santiago, 2 de julio de 2015. En dependencias de la Sociedad Nacional de Miner\u00eda (Sonami) se realiz\u00f3 un taller ambiental en el que participaron m\u00e1s de 30 encargados del \u00e1rea ambiental de distintas mineras peque\u00f1as, medianas y grandes del pa\u00eds, al cual fue invitada la Superintendencia del Medio Ambiente a exponer, en el marco del deber de asistencia al cumplimiento de sus regulados.<\/p>\n<p>Abriendo la jornada la Fiscal de la SMA, Dominique Herv\u00e9, explic\u00f3 el contenido y alcance de las potestades de la Superintendencia, oportunidad en la que se resolvieron dudas respecto al ejercicio de la potestad fiscalizadora y sancionadora de la SMA.<\/p>\n<p>A continuaci\u00f3n, el Jefe de la Divisi\u00f3n de Fiscalizaci\u00f3n, Rub\u00e9n Verdugo, expuso los procedimientos de fiscalizaci\u00f3n y el enfoque estrat\u00e9gico que gu\u00eda el ejercicio de la potestad fiscalizadora de la SMA, analizando casos asociados a la actividad minera.<\/p>\n<p>Finalmente, el Jefe de la Secci\u00f3n T\u00e9cnica de la Divisi\u00f3n de Fiscalizaci\u00f3n, Juan Eduardo Johnson, explic\u00f3 los alcances de la Resoluci\u00f3n Exenta N\u00b0223\/2015, que dicta instrucciones generales sobre la elaboraci\u00f3n del plan de seguimiento de variables ambientales, los informes de seguimiento ambiental y la remisi\u00f3n de informaci\u00f3n al sistema electr\u00f3nico de seguimiento ambiental. Johnson present\u00f3 el marco legal y diagn\u00f3stico que motivaron la dictaci\u00f3n de dicho instructivo, sus objetivos y los desarrollos en curso para mejorar la generaci\u00f3n y acceso a informaci\u00f3n ambiental.<\/p>\n<p>Todos los personeros de la SMA respondieron a las dudas planteadas por la audiencia, la mayor parte de ellas relacionadas con el proceso de fiscalizaci\u00f3n; la presentaci\u00f3n de informes de seguimiento y la importancia de las pertinencias dentro de los permisos ambientales de una instalaci\u00f3n.<\/p>\n<h3>M\u00e1s informaci\u00f3n en:<\/h3>\n<p><a class=\"doclink\" href=\"index.php?option=com_docman&amp;task=doc_download&amp;gid=350&amp;Itemid=280\"><img decoding=\"async\" class=\" size-full wp-image-15480\" src=\"https:\/\/portal.sma.gob.cl\/wp-content\/uploads\/2012\/07\/pdf.png\" alt=\"icon\" border=\"0\" width=\"16\" height=\"16\" \/>&nbsp;01 Presentaci\u00f3n Fiscal\u00eda\/ Taller Sonami<\/a><\/p>\n<p><a class=\"doclink\" href=\"index.php?option=com_docman&amp;task=doc_download&amp;gid=349&amp;Itemid=280\"><img decoding=\"async\" class=\" size-full wp-image-15480\" src=\"https:\/\/portal.sma.gob.cl\/wp-content\/uploads\/2012\/07\/pdf.png\" alt=\"icon\" border=\"0\" width=\"16\" height=\"16\" \/>&nbsp;02 Presentaci\u00f3n Fiscalizaci\u00f3n\/ Taller Sonami<\/a><\/p>\n<p><a class=\"doclink\" href=\"index.php?option=com_docman&amp;task=doc_download&amp;gid=351&amp;Itemid=280\"><img decoding=\"async\" class=\" size-full wp-image-15480\" src=\"https:\/\/portal.sma.gob.cl\/wp-content\/uploads\/2012\/07\/pdf.png\" alt=\"icon\" border=\"0\" width=\"16\" height=\"16\" \/>&nbsp;03 Presentaci\u00f3n Fiscalizaci\u00f3n-Seguimiento Ambiental\/ Taller Sonami<\/a><\/p>\n","protected":false},"excerpt":{"rendered":"<p>El comit\u00e9 de medioambiente de la Sociedad Nacional de Miner\u00eda (Sonami), solicit\u00f3 a la Superintendencia un taller explicativo con los principales temas que importan a las peque\u00f1as, medianas y grandes mineras del pa\u00eds.<\/p>\n","protected":false},"author":3,"featured_media":16220,"comment_status":"open","ping_status":"open","sticky":false,"template":"","format":"standard","meta":{"footnotes":""},"categories":[94],"tags":[],"class_list":["post-16221","post","type-post","status-publish","format-standard","has-post-thumbnail","hentry","category-notas-noticias"],"_links":{"self":[{"href":"https:\/\/portal.sma.gob.cl\/index.php\/wp-json\/wp\/v2\/posts\/16221","targetHints":{"allow":["GET"]}}],"collection":[{"href":"https:\/\/portal.sma.gob.cl\/index.php\/wp-json\/wp\/v2\/posts"}],"about":[{"href":"https:\/\/portal.sma.gob.cl\/index.php\/wp-json\/wp\/v2\/types\/post"}],"author":[{"embeddable":true,"href":"https:\/\/portal.sma.gob.cl\/index.php\/wp-json\/wp\/v2\/users\/3"}],"replies":[{"embeddable":true,"href":"https:\/\/portal.sma.gob.cl\/index.php\/wp-json\/wp\/v2\/comments?post=16221"}],"version-history":[{"count":0,"href":"https:\/\/portal.sma.gob.cl\/index.php\/wp-json\/wp\/v2\/posts\/16221\/revisions"}],"wp:featuredmedia":[{"embeddable":true,"href":"https:\/\/portal.sma.gob.cl\/index.php\/wp-json\/wp\/v2\/media\/16220"}],"wp:attachment":[{"href":"https:\/\/portal.sma.gob.cl\/index.php\/wp-json\/wp\/v2\/media?parent=16221"}],"wp:term":[{"taxonomy":"category","embeddable":true,"href":"https:\/\/portal.sma.gob.cl\/index.php\/wp-json\/wp\/v2\/categories?post=16221"},{"taxonomy":"post_tag","embeddable":true,"href":"https:\/\/portal.sma.gob.cl\/index.php\/wp-json\/wp\/v2\/tags?post=16221"}],"curies":[{"name":"wp","href":"https:\/\/api.w.org\/{rel}","templated":true}]}}