{"id":16225,"date":"2015-07-23T19:46:27","date_gmt":"2015-07-23T19:46:27","guid":{"rendered":"https:\/\/portal.sma.gob.cl\/index.php\/2015\/07\/23\/sma-formula-cargos-en-contra-de-rilesur\/"},"modified":"2015-07-23T19:46:27","modified_gmt":"2015-07-23T19:46:27","slug":"sma-formula-cargos-en-contra-de-rilesur","status":"publish","type":"post","link":"https:\/\/portal.sma.gob.cl\/index.php\/sma-formula-cargos-en-contra-de-rilesur\/","title":{"rendered":"SMA formula cargos en contra de Rilesur"},"content":{"rendered":"<p style=\"text-align: justify;\"><strong><img decoding=\"async\" class=\"size-auto size-full wp-image-16224\" src=\"https:\/\/portal.sma.gob.cl\/wp-content\/uploads\/2015\/07\/07_jul_Rilesur_nota.jpg\" alt=\"07 jul Rilesur nota\" width=\"760\" height=\"360\" srcset=\"https:\/\/portal.sma.gob.cl\/wp-content\/uploads\/2015\/07\/07_jul_Rilesur_nota-200x95.jpg 200w, https:\/\/portal.sma.gob.cl\/wp-content\/uploads\/2015\/07\/07_jul_Rilesur_nota-300x142.jpg 300w, https:\/\/portal.sma.gob.cl\/wp-content\/uploads\/2015\/07\/07_jul_Rilesur_nota-400x189.jpg 400w, https:\/\/portal.sma.gob.cl\/wp-content\/uploads\/2015\/07\/07_jul_Rilesur_nota-600x284.jpg 600w, https:\/\/portal.sma.gob.cl\/wp-content\/uploads\/2015\/07\/07_jul_Rilesur_nota.jpg 760w\" sizes=\"(max-width: 760px) 100vw, 760px\" \/><\/strong><\/p>\n<p style=\"text-align: justify;\"><strong>La Superintendencia del Medio Ambiente (SMA) detect\u00f3 distintos incumplimientos ambientales del proyecto ubicado en la comuna de Paillaco, Regi\u00f3n de Los R\u00edos, entre ellos la tala de bosque nativo en \u00e1reas no autorizadas.<\/strong><\/p>\n<p>  <!--more-->  <\/p>\n<p style=\"text-align: justify;\"><strong>Santiago, 23 de julio de 2015.<\/strong> La Superintendencia del Medio Ambiente (SMA) procedi\u00f3 a formular cargos en contra de Rilesur Ltda., titular del proyecto \u201cPlanta de Reconversi\u00f3n de Materiales Residuales RILESUR Ltda.\u201d, ubicado en la comuna de Paillaco, Regi\u00f3n de Los R\u00edos, tras detectar una serie de incumplimientos ambientales.<\/p>\n<p style=\"text-align: justify;\">Rilesur se dedica a la producci\u00f3n de bios\u00f3lido o acondicionador de suelo a trav\u00e9s del proceso de co-digesti\u00f3n anaer\u00f3bica desde materiales residuales org\u00e1nicos e inertes. La materia prima para la co-digesti\u00f3n corresponde a residuos provenientes de pisciculturas, lecher\u00edas, grasas, lavaduras, s\u00e9pticos y lavado de redes.<\/p>\n<p style=\"text-align: justify;\">La fiscalizaci\u00f3n al proyecto se realiz\u00f3 en los a\u00f1os 2013 y 2014 mediante inspecciones realizadas por profesionales de la SMA, en conjunto con organismos que forman parte de la Red Nacional de Fiscalizaci\u00f3n Ambiental (RENFA), como la Secretar\u00eda Regional Ministerial de Salud (Seremi de Salud), la Superintendencia de Servicios Sanitarios (SISS), el Servicio Agr\u00edcola Ganadero (SAG) y la Corporaci\u00f3n Nacional Forestal (CONAF), todos de la Regi\u00f3n de Los R\u00edos.<\/p>\n<p style=\"text-align: justify;\">Entre las infracciones imputadas a Rilesur se encuentra la tala de bosque nativo en \u00e1reas no autorizadas, reportes de aguas subterr\u00e1neas incompletos y ejecuci\u00f3n de modificaciones al proyecto sin contar con Resoluci\u00f3n de Calificaci\u00f3n Ambiental (RCA), pese a que el Servicio de Evaluaci\u00f3n Ambiental de Los R\u00edos (SEA) hab\u00eda instruido al titular la obligaci\u00f3n de ingresar el proyecto a evaluaci\u00f3n ambiental. Las principales modificaciones guardan relaci\u00f3n con el desarrollo de actividades de compostaje.<\/p>\n<p style=\"text-align: justify;\">Cabe recordar que la formulaci\u00f3n de cargos es el inicio de un procedimiento sancionatorio por parte de la SMA. En tanto, el infractor tendr\u00e1 un plazo de 10 d\u00edas para presentar un Programa de Cumplimiento o 15 d\u00edas para formular descargos ante esta Superintendencia, tras lo cual contin\u00faa el proceso sancionatorio.<\/p>\n<p>Para mayores detalles, acceder a la formulaci\u00f3n de cargos en el <a href=\"http:\/\/snifa.sma.gob.cl\/RegistroPublico\/ProcesoSancion\/VerExpediente?expediente=D-032-2015\" target=\"_blank\">Sistema Nacional de Informaci\u00f3n de Fiscalizaci\u00f3n Ambiental (SNIFA)<\/a><\/p>\n<p>&nbsp;<\/p>\n","protected":false},"excerpt":{"rendered":"<p>La Superintendencia del Medio Ambiente (SMA) detect\u00f3 distintos incumplimientos ambientales del proyecto ubicado en la comuna de Paillaco, Regi\u00f3n de Los R\u00edos, entre ellos la tala de bosque nativo en \u00e1reas no autorizadas.<\/p>\n","protected":false},"author":3,"featured_media":16224,"comment_status":"open","ping_status":"open","sticky":false,"template":"","format":"standard","meta":{"footnotes":""},"categories":[90],"tags":[],"class_list":["post-16225","post","type-post","status-publish","format-standard","has-post-thumbnail","hentry","category-comunicados-noticias"],"_links":{"self":[{"href":"https:\/\/portal.sma.gob.cl\/index.php\/wp-json\/wp\/v2\/posts\/16225","targetHints":{"allow":["GET"]}}],"collection":[{"href":"https:\/\/portal.sma.gob.cl\/index.php\/wp-json\/wp\/v2\/posts"}],"about":[{"href":"https:\/\/portal.sma.gob.cl\/index.php\/wp-json\/wp\/v2\/types\/post"}],"author":[{"embeddable":true,"href":"https:\/\/portal.sma.gob.cl\/index.php\/wp-json\/wp\/v2\/users\/3"}],"replies":[{"embeddable":true,"href":"https:\/\/portal.sma.gob.cl\/index.php\/wp-json\/wp\/v2\/comments?post=16225"}],"version-history":[{"count":0,"href":"https:\/\/portal.sma.gob.cl\/index.php\/wp-json\/wp\/v2\/posts\/16225\/revisions"}],"wp:featuredmedia":[{"embeddable":true,"href":"https:\/\/portal.sma.gob.cl\/index.php\/wp-json\/wp\/v2\/media\/16224"}],"wp:attachment":[{"href":"https:\/\/portal.sma.gob.cl\/index.php\/wp-json\/wp\/v2\/media?parent=16225"}],"wp:term":[{"taxonomy":"category","embeddable":true,"href":"https:\/\/portal.sma.gob.cl\/index.php\/wp-json\/wp\/v2\/categories?post=16225"},{"taxonomy":"post_tag","embeddable":true,"href":"https:\/\/portal.sma.gob.cl\/index.php\/wp-json\/wp\/v2\/tags?post=16225"}],"curies":[{"name":"wp","href":"https:\/\/api.w.org\/{rel}","templated":true}]}}