{"id":16232,"date":"2015-07-29T19:07:12","date_gmt":"2015-07-29T19:07:12","guid":{"rendered":"https:\/\/portal.sma.gob.cl\/index.php\/2015\/07\/29\/sma-se-reune-con-intendente-s-de-los-lagos\/"},"modified":"2015-07-29T19:07:12","modified_gmt":"2015-07-29T19:07:12","slug":"sma-se-reune-con-intendente-s-de-los-lagos","status":"publish","type":"post","link":"https:\/\/portal.sma.gob.cl\/index.php\/sma-se-reune-con-intendente-s-de-los-lagos\/","title":{"rendered":"SMA se re\u00fane con Intendente (S) de Los Lagos"},"content":{"rendered":"<p style=\"text-align: justify;\"><strong><img decoding=\"async\" class=\"size-auto size-full wp-image-16231\" src=\"https:\/\/portal.sma.gob.cl\/wp-content\/uploads\/2015\/07\/Nota_intendente.jpg\" alt=\"Nota intendente\" width=\"760\" height=\"360\" srcset=\"https:\/\/portal.sma.gob.cl\/wp-content\/uploads\/2015\/07\/Nota_intendente-200x95.jpg 200w, https:\/\/portal.sma.gob.cl\/wp-content\/uploads\/2015\/07\/Nota_intendente-300x142.jpg 300w, https:\/\/portal.sma.gob.cl\/wp-content\/uploads\/2015\/07\/Nota_intendente-400x189.jpg 400w, https:\/\/portal.sma.gob.cl\/wp-content\/uploads\/2015\/07\/Nota_intendente-600x284.jpg 600w, https:\/\/portal.sma.gob.cl\/wp-content\/uploads\/2015\/07\/Nota_intendente.jpg 760w\" sizes=\"(max-width: 760px) 100vw, 760px\" \/><\/strong><\/p>\n<p style=\"text-align: justify;\"><strong>El Superintendente Cristi\u00e1n Franz sostuvo una reuni\u00f3n con el Intendente (S) Juan Carlos Gallardo para abordar las tem\u00e1ticas ambientales que m\u00e1s preocupan a la regi\u00f3n.<\/strong><\/p>\n<p>  <!--more-->  <\/p>\n<p style=\"text-align: justify;\"><strong>Puerto Montt, 29 de julio de 2015.<\/strong> El Superintendente del Medio Ambiente, Cristi\u00e1n Franz, se reuni\u00f3 esta ma\u00f1ana con el Intendente (S) de Los Lagos, Juan Carlos Gallardo, y con el Seremi de Medio Ambiente, Jorge Pasminio, y la encargada de la secci\u00f3n de riesgo ambiental, Ivonne Mansilla, en dependencias de la Intendencia Regional, con el fin de analizar y hacer un diagn\u00f3stico de algunas problem\u00e1ticas ambientales patentes hoy en la zona.<\/p>\n<p style=\"text-align: justify;\">Posteriormente, el Superintendente, junto al jefe de la Macro Zona Sur, Eduardo Rodr\u00edguez, y el jefe de la Divisi\u00f3n de Fiscalizaci\u00f3n, Rub\u00e9n Verdugo, sostuvieron una reuni\u00f3n con la Comisi\u00f3n de Medio Ambiente del Consejo Regional, liderada por el consejero Jaime Mill\u00e1n. En la reuni\u00f3n se abord\u00f3 el trabajo que realiza la SMA, sus competencias, y algunas estad\u00edsticas regionales respecto de las fiscalizaciones y sanciones cursadas en la regi\u00f3n de Los Lagos, que tiene una fuerte presencia de la industria salmonera con sus m\u00faltiples actividades derivadas.<\/p>\n<p style=\"text-align: justify;\">Al respecto, Franz destac\u00f3 la importancia que tiene para la SMA la coordinaci\u00f3n institucional para mejorar d\u00eda a d\u00eda la fiscalizaci\u00f3n ambiental. \u201cEl a\u00f1o pasado comenzamos un recorrido por todo el pa\u00eds, el que hemos ido profundizando este 2015 reuni\u00e9ndome con distintos jefes de servicios y autoridades regionales para aumentar la coordinaci\u00f3n y potenciar la Red Nacional de Fiscalizaci\u00f3n Ambiental (RENFA). Es fundamental ir avanzando para abordar institucionalmente las tem\u00e1ticas de corto y largo plazo, que afectan a esta zona del pa\u00eds\u201d, sostuvo el Superintendente.<\/p>\n","protected":false},"excerpt":{"rendered":"<p>El Superintendente Cristi\u00e1n Franz sostuvo una reuni\u00f3n con el Intendente (S) Juan Carlos Gallardo para abordar las tem\u00e1ticas ambientales que m\u00e1s preocupan a la regi\u00f3n.<\/p>\n","protected":false},"author":3,"featured_media":16231,"comment_status":"open","ping_status":"open","sticky":false,"template":"","format":"standard","meta":{"footnotes":""},"categories":[94],"tags":[],"class_list":["post-16232","post","type-post","status-publish","format-standard","has-post-thumbnail","hentry","category-notas-noticias"],"_links":{"self":[{"href":"https:\/\/portal.sma.gob.cl\/index.php\/wp-json\/wp\/v2\/posts\/16232","targetHints":{"allow":["GET"]}}],"collection":[{"href":"https:\/\/portal.sma.gob.cl\/index.php\/wp-json\/wp\/v2\/posts"}],"about":[{"href":"https:\/\/portal.sma.gob.cl\/index.php\/wp-json\/wp\/v2\/types\/post"}],"author":[{"embeddable":true,"href":"https:\/\/portal.sma.gob.cl\/index.php\/wp-json\/wp\/v2\/users\/3"}],"replies":[{"embeddable":true,"href":"https:\/\/portal.sma.gob.cl\/index.php\/wp-json\/wp\/v2\/comments?post=16232"}],"version-history":[{"count":0,"href":"https:\/\/portal.sma.gob.cl\/index.php\/wp-json\/wp\/v2\/posts\/16232\/revisions"}],"wp:featuredmedia":[{"embeddable":true,"href":"https:\/\/portal.sma.gob.cl\/index.php\/wp-json\/wp\/v2\/media\/16231"}],"wp:attachment":[{"href":"https:\/\/portal.sma.gob.cl\/index.php\/wp-json\/wp\/v2\/media?parent=16232"}],"wp:term":[{"taxonomy":"category","embeddable":true,"href":"https:\/\/portal.sma.gob.cl\/index.php\/wp-json\/wp\/v2\/categories?post=16232"},{"taxonomy":"post_tag","embeddable":true,"href":"https:\/\/portal.sma.gob.cl\/index.php\/wp-json\/wp\/v2\/tags?post=16232"}],"curies":[{"name":"wp","href":"https:\/\/api.w.org\/{rel}","templated":true}]}}