{"id":16236,"date":"2015-08-03T15:27:11","date_gmt":"2015-08-03T15:27:11","guid":{"rendered":"https:\/\/portal.sma.gob.cl\/index.php\/2015\/08\/03\/se-realiza-el-decimoquinto-consejo-de-la-sociedad-civil\/"},"modified":"2015-08-03T15:27:11","modified_gmt":"2015-08-03T15:27:11","slug":"se-realiza-el-decimoquinto-consejo-de-la-sociedad-civil","status":"publish","type":"post","link":"https:\/\/portal.sma.gob.cl\/index.php\/se-realiza-el-decimoquinto-consejo-de-la-sociedad-civil\/","title":{"rendered":"Se realiza el decimoquinto Consejo de la Sociedad Civil"},"content":{"rendered":"<p style=\"text-align: justify;\"><strong><img decoding=\"async\" class=\"size-auto size-full wp-image-16235\" src=\"https:\/\/portal.sma.gob.cl\/wp-content\/uploads\/2015\/08\/consejo_nota.jpg\" alt=\"consejo nota\" width=\"760\" height=\"360\" srcset=\"https:\/\/portal.sma.gob.cl\/wp-content\/uploads\/2015\/08\/consejo_nota-200x95.jpg 200w, https:\/\/portal.sma.gob.cl\/wp-content\/uploads\/2015\/08\/consejo_nota-300x142.jpg 300w, https:\/\/portal.sma.gob.cl\/wp-content\/uploads\/2015\/08\/consejo_nota-400x189.jpg 400w, https:\/\/portal.sma.gob.cl\/wp-content\/uploads\/2015\/08\/consejo_nota-600x284.jpg 600w, https:\/\/portal.sma.gob.cl\/wp-content\/uploads\/2015\/08\/consejo_nota.jpg 760w\" sizes=\"(max-width: 760px) 100vw, 760px\" \/><\/strong><\/p>\n<p style=\"text-align: justify;\"><strong>En la instancia, la Jefa de la Oficina de Asuntos Internacionales del Ministerio del Medio Ambiente, Constance Nalegach, present\u00f3 las pr\u00e1cticas de Chile en el proceso regional sobre el Principio 10 de la Declaraci\u00f3n de R\u00edo 1992.<\/strong><\/p>\n<p>  <!--more-->  <\/p>\n<p style=\"text-align: justify;\"><strong>Santiago, 31 de julio de 2015.<\/strong> Esta ma\u00f1ana se realiz\u00f3 la decimoquinta sesi\u00f3n del Consejo de la Sociedad Civil de la SMA, presidida por el consejero Sergio Montenegro. Esta instancia se enmarca en el contexto de la Ley 20.500, Sobre Asociaciones y Participaci\u00f3n Ciudadana en la Gesti\u00f3n P\u00fablica.<\/p>\n<p style=\"text-align: justify;\">En la oportunidad, la Jefa de la Oficina de Asuntos Internacionales del Ministerio del Medio Ambiente, Constance Nalegach, present\u00f3 la pr\u00e1ctica de Chile en el proceso regional para fortalecer la democracia ambiental, la participaci\u00f3n ciudadana y el acceso a la informaci\u00f3n, de acuerdo al Principio 10 de la Declaraci\u00f3n de R\u00edo de 1992. En ella, se estableci\u00f3 la voluntad de los pa\u00edses de Am\u00e9rica Latina y el Caribe para avanzar en un instrumento regional que permita implementar cabalmente un plan de acci\u00f3n con apoyo de la Comisi\u00f3n Econ\u00f3mica para Am\u00e9rica Latina y el Caribe (CEPAL) como secretar\u00eda t\u00e9cnica, para avanzar en la consecuci\u00f3n de un convenio regional.<\/p>\n<p style=\"text-align: justify;\">La encargada de Asuntos Internacionales explic\u00f3 que en este contexto, se han realizado 6 talleres de capacitaci\u00f3n en Jamaica, Trinidad y Tobago, Uruguay, Per\u00fa, Costa Rica y Chile.<\/p>\n<h3 style=\"text-align: justify;\">Participantes de la reuni\u00f3n<\/h3>\n<p style=\"text-align: justify;\">En la sesi\u00f3n de hoy, participaron siete miembros del Consejo: Su presidente, Sergio Montenegro (Centro de Derecho Ambiental de la U. de Chile); Paulina Riquelme (CPC); Jaime Esp\u00ednola (Sofofa); Juan Manuel Uribe (Universidad de Chile); Alessandro Lodi (Casa de la Paz); Alex Sol\u00eds (CUT); Ignacio Urbina (Comunidad y Justicia).<\/p>\n<p style=\"text-align: justify;\">El Consejo tiene un car\u00e1cter consultivo, representativo, plural y diverso. Tambi\u00e9n participa en los procesos de consulta de los planes, programas o pol\u00edticas en materia de seguimiento y fiscalizaci\u00f3n ambiental que la instituci\u00f3n estime pertinente. La instancia est\u00e1 integrada por 10 representantes de gremios, ONG, universidades y centros de estudio.<\/p>\n<p>&nbsp;<\/p>\n","protected":false},"excerpt":{"rendered":"<p>En la instancia, la Jefa de la Oficina de Asuntos Internacionales del Ministerio del Medio Ambiente, Constance Nalegach, present\u00f3 las pr\u00e1cticas de Chile en el proceso regional sobre el Principio 10 de la Declaraci\u00f3n de R\u00edo 1992.<\/p>\n","protected":false},"author":3,"featured_media":16235,"comment_status":"open","ping_status":"open","sticky":false,"template":"","format":"standard","meta":{"footnotes":""},"categories":[94],"tags":[],"class_list":["post-16236","post","type-post","status-publish","format-standard","has-post-thumbnail","hentry","category-notas-noticias"],"_links":{"self":[{"href":"https:\/\/portal.sma.gob.cl\/index.php\/wp-json\/wp\/v2\/posts\/16236","targetHints":{"allow":["GET"]}}],"collection":[{"href":"https:\/\/portal.sma.gob.cl\/index.php\/wp-json\/wp\/v2\/posts"}],"about":[{"href":"https:\/\/portal.sma.gob.cl\/index.php\/wp-json\/wp\/v2\/types\/post"}],"author":[{"embeddable":true,"href":"https:\/\/portal.sma.gob.cl\/index.php\/wp-json\/wp\/v2\/users\/3"}],"replies":[{"embeddable":true,"href":"https:\/\/portal.sma.gob.cl\/index.php\/wp-json\/wp\/v2\/comments?post=16236"}],"version-history":[{"count":0,"href":"https:\/\/portal.sma.gob.cl\/index.php\/wp-json\/wp\/v2\/posts\/16236\/revisions"}],"wp:featuredmedia":[{"embeddable":true,"href":"https:\/\/portal.sma.gob.cl\/index.php\/wp-json\/wp\/v2\/media\/16235"}],"wp:attachment":[{"href":"https:\/\/portal.sma.gob.cl\/index.php\/wp-json\/wp\/v2\/media?parent=16236"}],"wp:term":[{"taxonomy":"category","embeddable":true,"href":"https:\/\/portal.sma.gob.cl\/index.php\/wp-json\/wp\/v2\/categories?post=16236"},{"taxonomy":"post_tag","embeddable":true,"href":"https:\/\/portal.sma.gob.cl\/index.php\/wp-json\/wp\/v2\/tags?post=16236"}],"curies":[{"name":"wp","href":"https:\/\/api.w.org\/{rel}","templated":true}]}}