{"id":16250,"date":"2015-08-14T14:27:32","date_gmt":"2015-08-14T14:27:32","guid":{"rendered":"https:\/\/portal.sma.gob.cl\/index.php\/2015\/08\/14\/sma-organiza-curso-internacional-de-fiscalizacion-ambiental-en-valdivia\/"},"modified":"2015-08-14T14:27:32","modified_gmt":"2015-08-14T14:27:32","slug":"sma-organiza-curso-internacional-de-fiscalizacion-ambiental-en-valdivia","status":"publish","type":"post","link":"https:\/\/portal.sma.gob.cl\/index.php\/sma-organiza-curso-internacional-de-fiscalizacion-ambiental-en-valdivia\/","title":{"rendered":"SMA organiza curso internacional de fiscalizaci\u00f3n ambiental en Valdivia"},"content":{"rendered":"<p><strong><img decoding=\"async\" class=\"size-auto size-full wp-image-16249\" src=\"https:\/\/portal.sma.gob.cl\/wp-content\/uploads\/2015\/08\/Valdivia_Slide.jpg\" alt=\"Valdivia Slide\" width=\"760\" height=\"360\" srcset=\"https:\/\/portal.sma.gob.cl\/wp-content\/uploads\/2015\/08\/Valdivia_Slide-200x95.jpg 200w, https:\/\/portal.sma.gob.cl\/wp-content\/uploads\/2015\/08\/Valdivia_Slide-300x142.jpg 300w, https:\/\/portal.sma.gob.cl\/wp-content\/uploads\/2015\/08\/Valdivia_Slide-400x189.jpg 400w, https:\/\/portal.sma.gob.cl\/wp-content\/uploads\/2015\/08\/Valdivia_Slide-600x284.jpg 600w, https:\/\/portal.sma.gob.cl\/wp-content\/uploads\/2015\/08\/Valdivia_Slide.jpg 760w\" sizes=\"(max-width: 760px) 100vw, 760px\" \/><\/strong><\/p>\n<p><strong>Funcionarios de la US-EPA, OEFA de Per\u00fa y ANLA de Colombia, presentaron sus experiencias en materias de fiscalizaci\u00f3n ambiental a funcionarios de los distintos organismos que componen la Red Nacional de Fiscalizaci\u00f3n ambiental (RENFA).<\/strong><\/p>\n<p>  <!--more-->  <\/p>\n<p style=\"text-align: justify;\"><strong>Valdivia, 14 de agosto de 2015.<\/strong> Este viernes finaliza la segunda jornada del \u201cCurso Internacional sobre Fiscalizaci\u00f3n Ambiental Estrat\u00e9gica\u201d, organizado por la Superintendencia del Medio Ambiente (SMA), en colaboraci\u00f3n con la Agencia de Protecci\u00f3n Ambiental de los EE.UU. (US EPA) y la Red Sudamericana de Fiscalizaci\u00f3n y Cumplimiento Ambiental.<\/p>\n<p>En la inauguraci\u00f3n del curso participaron el Jefe de la Divisi\u00f3n de Fiscalizaci\u00f3n de la SMA, Rub\u00e9n Verdugo; el jefe de la Macro Zona Sur, Eduardo Rodr\u00edguez; el Seremi de Medio Ambiente de Los R\u00edos, Carla Pe\u00f1a; y el director del Servicio de Evaluaci\u00f3n Ambiental de la regi\u00f3n, Jaime Moreno. Respecto de los expositores internacionales, se cont\u00f3 con la participaci\u00f3n de Hugo G\u00f3mez, Presidente del Consejo Directivo del Organismo de Evaluaci\u00f3n y Fiscalizaci\u00f3n Ambiental de Per\u00fa; Davis Jones, director asociado de la divisi\u00f3n de Cumplimiento Ambiental de US EPA; Javier Molina, L\u00edder jur\u00eddico del sector hidrocarburos de la Autoridad Ambiental de Colombia.<\/p>\n<p style=\"text-align: justify;\">El curso, realizado en el Centro de Estudios Cient\u00edficos (CECS), se realiz\u00f3 durante dos d\u00edas de exposiciones, cursos pr\u00e1cticos y talleres para fortalecer las capacidades de los profesionales dedicados a las materias de fiscalizaci\u00f3n a nivel nacional y regional, a trav\u00e9s de la entrega de herramientas metodol\u00f3gicas para el desarrollo de las labores de fiscalizaci\u00f3n ambiental.<\/p>\n<p style=\"text-align: justify;\">En los distintos cursos, se analiz\u00f3 la experiencia internacional comparada de la Agencia de Protecci\u00f3n Ambiental de Estados Unidos, del Organismo de Evaluaci\u00f3n y Fiscalizaci\u00f3n Ambiental de Per\u00fa y de la Autoridad Nacional de Licencias Ambientales de Colombia.<\/p>\n<p style=\"text-align: justify;\">\u201cComo Superintendencia, queremos fortalecer nuestras capacidades y las de los profesionales de los organismos que conforman la Red Nacional de Fiscalizaci\u00f3n Ambiental (RENFA). Con el apoyo de la Agencia de Protecci\u00f3n Ambiental de Estados Unidos estamos tratando de mejorar d\u00eda a d\u00eda nuestros procesos, conocer nuevas tecnolog\u00edas, e ir instaurando las mejores pr\u00e1cticas para la fiscalizaci\u00f3n en Chile\u201d, dijo Rub\u00e9n Verdugo, jefe de la Divisi\u00f3n de Fiscalizaci\u00f3n de la SMA al inicio del curso.<\/p>\n<p style=\"text-align: justify;\">Del mismo modo, Eduardo Rodriguez, Jefe de la Macro Zona sur de la SMA, destac\u00f3 la realizaci\u00f3n de este taller internacional en la ciudad de Valdivia. \u201cNuestro objetivo es perfeccionar con las mejores herramientas a los organismos que participan diariamente en actividades de fiscalizaci\u00f3n con esta Superintendencia, considerando adem\u00e1s que todas nuestras decisiones est\u00e1n sujetas a un estricto control legal y t\u00e9cnico de parte de los Tribunales Ambientales\u201d, afirm\u00f3.<\/p>\n<p style=\"text-align: justify;\">Al taller asistieron cerca de 60 profesionales de distintos organismos que forman parte de la RENFA, como el SAG, Conaf, Seremi de Salud, Directemar, DGA, entre otros.<\/p>\n","protected":false},"excerpt":{"rendered":"<p>Funcionarios de la US-EPA, OEFA de Per\u00fa y ANLA de Colombia, presentaron sus experiencias en materias de fiscalizaci\u00f3n ambiental a funcionarios de los distintos organismos que componen la Red Nacional de Fiscalizaci\u00f3n ambiental (RENFA).<\/p>\n","protected":false},"author":3,"featured_media":16249,"comment_status":"open","ping_status":"open","sticky":false,"template":"","format":"standard","meta":{"footnotes":""},"categories":[94],"tags":[],"class_list":["post-16250","post","type-post","status-publish","format-standard","has-post-thumbnail","hentry","category-notas-noticias"],"_links":{"self":[{"href":"https:\/\/portal.sma.gob.cl\/index.php\/wp-json\/wp\/v2\/posts\/16250","targetHints":{"allow":["GET"]}}],"collection":[{"href":"https:\/\/portal.sma.gob.cl\/index.php\/wp-json\/wp\/v2\/posts"}],"about":[{"href":"https:\/\/portal.sma.gob.cl\/index.php\/wp-json\/wp\/v2\/types\/post"}],"author":[{"embeddable":true,"href":"https:\/\/portal.sma.gob.cl\/index.php\/wp-json\/wp\/v2\/users\/3"}],"replies":[{"embeddable":true,"href":"https:\/\/portal.sma.gob.cl\/index.php\/wp-json\/wp\/v2\/comments?post=16250"}],"version-history":[{"count":0,"href":"https:\/\/portal.sma.gob.cl\/index.php\/wp-json\/wp\/v2\/posts\/16250\/revisions"}],"wp:featuredmedia":[{"embeddable":true,"href":"https:\/\/portal.sma.gob.cl\/index.php\/wp-json\/wp\/v2\/media\/16249"}],"wp:attachment":[{"href":"https:\/\/portal.sma.gob.cl\/index.php\/wp-json\/wp\/v2\/media?parent=16250"}],"wp:term":[{"taxonomy":"category","embeddable":true,"href":"https:\/\/portal.sma.gob.cl\/index.php\/wp-json\/wp\/v2\/categories?post=16250"},{"taxonomy":"post_tag","embeddable":true,"href":"https:\/\/portal.sma.gob.cl\/index.php\/wp-json\/wp\/v2\/tags?post=16250"}],"curies":[{"name":"wp","href":"https:\/\/api.w.org\/{rel}","templated":true}]}}