{"id":16253,"date":"2015-08-18T14:43:40","date_gmt":"2015-08-18T14:43:40","guid":{"rendered":"https:\/\/portal.sma.gob.cl\/index.php\/2015\/08\/18\/concluye-curso-internacional-de-fiscalizacion-ambiental-en-valdivia\/"},"modified":"2015-08-18T14:43:40","modified_gmt":"2015-08-18T14:43:40","slug":"concluye-curso-internacional-de-fiscalizacion-ambiental-en-valdivia","status":"publish","type":"post","link":"https:\/\/portal.sma.gob.cl\/index.php\/concluye-curso-internacional-de-fiscalizacion-ambiental-en-valdivia\/","title":{"rendered":"Concluye curso internacional de fiscalizaci\u00f3n ambiental en Valdivia"},"content":{"rendered":"<p><strong><img decoding=\"async\" class=\"size-auto size-full wp-image-16252\" src=\"https:\/\/portal.sma.gob.cl\/wp-content\/uploads\/2015\/08\/notaValdiviaCertificados.jpg\" alt=\"notaValdiviaCertificados\" width=\"760\" height=\"360\" srcset=\"https:\/\/portal.sma.gob.cl\/wp-content\/uploads\/2015\/08\/notaValdiviaCertificados-200x95.jpg 200w, https:\/\/portal.sma.gob.cl\/wp-content\/uploads\/2015\/08\/notaValdiviaCertificados-300x142.jpg 300w, https:\/\/portal.sma.gob.cl\/wp-content\/uploads\/2015\/08\/notaValdiviaCertificados-400x189.jpg 400w, https:\/\/portal.sma.gob.cl\/wp-content\/uploads\/2015\/08\/notaValdiviaCertificados-600x284.jpg 600w, https:\/\/portal.sma.gob.cl\/wp-content\/uploads\/2015\/08\/notaValdiviaCertificados.jpg 760w\" sizes=\"(max-width: 760px) 100vw, 760px\" \/><\/strong><\/p>\n<p><strong>Con la entrega de certifiados culmin\u00f3 el exitoso Curso Internacional de Fiscalizaci\u00f3n Ambiental Estrat\u00e9gica a los funcionarios de los distintos organismos que componen la Red Nacional de Fiscalizaci\u00f3n ambiental (RENFA).<\/strong><\/p>\n<p>  <!--more-->  <\/p>\n<p><strong>Valdivia, 14 de agosto de 2015.<\/strong> La tarde del viernes concluy\u00f3 el \u201cCurso Internacional sobre Fiscalizaci\u00f3n Ambiental Estrat\u00e9gica\u201d, organizado por la Superintendencia del Medio Ambiente (SMA), en colaboraci\u00f3n con la Agencia de Protecci\u00f3n Ambiental de los EE.UU. (US EPA) y la Red Sudamericana de Fiscalizaci\u00f3n y Cumplimiento Ambiental.<\/p>\n<p>Durante la actividad se busc\u00f3 fortalecer las capacidades de los funcionarios de los organismos sectoriales que desarrollan actividades de fiscalizaci\u00f3n ambiental a nivel regional, siendo los ejes centrales de la capacitaci\u00f3n:<\/p>\n<p>\u2022 Importancia del levantamiento de evidencia durante las actividades de inspecci\u00f3n; Identificaci\u00f3n de buenas pr\u00e1cticas y Presentaci\u00f3n de casos asociados.<br \/>\u2022 Importancia del an\u00e1lisis del seguimiento ambiental durante los procesos de fiscalizaci\u00f3n.<br \/>\u2022 Identificaci\u00f3n el equipamiento \u00f3ptimo para levantar evidencia en el campo. \u00c9nfasis en reconocer relevancia y aplicabilidad de los equipos para el levantamiento de informaci\u00f3n.<\/p>\n<p>La actividad fue cerrada, con un discurso del Dr. Hugo G\u00f3mez, Presidente del Consejo Directivo del Organismo de Evaluaci\u00f3n y Fiscalizaci\u00f3n Ambiental de Per\u00fa, donde plante\u00f3 la importancia de generar este tipo de actividades. Adem\u00e1s recalco, que este tipo de acciones fortalece los lazos entre pa\u00edses y recalc\u00f3 el trabajo que se encuentra desarrollando la <a href=\"http:\/\/redsufica.org\/\">Red Sudamericana de Fiscalizaci\u00f3n y Cumplimiento Ambiental.<\/a><\/p>\n<p>Adicionalmente, Eduardo Rodriguez Jefe de la Zona Sur de la SMA se\u00f1al\u00f3: \u201cEste taller internacional viene fortalecer nuestra rector\u00eda t\u00e9cnica, la que estamos llamados a construir entre todos los organismos que componen la Red Nacional de Fiscalizaci\u00f3n Ambiental (RENFA). En ese contexto, conocer los modelos de fiscalizaci\u00f3n de Colombia y Per\u00fa, sumado a la experiencia que nos entrega la Agencia de Protecci\u00f3n Ambiental de EEUU (EPA) se transforma en un tremendo aporte para alcanzar nuestros objetivos de constante mejora t\u00e9cnica\u201d.<\/p>\n<p>Para obtener mayor informaci\u00f3n del taller, acceder a la web de la <a href=\"http:\/\/renfa.sma.gob.cl\/\">Red Nacional de Fiscalizaci\u00f3n Ambiental (RENFA)<\/a><\/p>\n","protected":false},"excerpt":{"rendered":"<p>Con la entrega de certifiados culmin\u00f3 el exitoso Curso Internacional de Fiscalizaci\u00f3n Ambiental Estrat\u00e9gica a los funcionarios de los distintos organismos que componen la Red Nacional de Fiscalizaci\u00f3n ambiental (RENFA).<\/p>\n","protected":false},"author":3,"featured_media":16252,"comment_status":"open","ping_status":"open","sticky":false,"template":"","format":"standard","meta":{"footnotes":""},"categories":[94],"tags":[],"class_list":["post-16253","post","type-post","status-publish","format-standard","has-post-thumbnail","hentry","category-notas-noticias"],"_links":{"self":[{"href":"https:\/\/portal.sma.gob.cl\/index.php\/wp-json\/wp\/v2\/posts\/16253","targetHints":{"allow":["GET"]}}],"collection":[{"href":"https:\/\/portal.sma.gob.cl\/index.php\/wp-json\/wp\/v2\/posts"}],"about":[{"href":"https:\/\/portal.sma.gob.cl\/index.php\/wp-json\/wp\/v2\/types\/post"}],"author":[{"embeddable":true,"href":"https:\/\/portal.sma.gob.cl\/index.php\/wp-json\/wp\/v2\/users\/3"}],"replies":[{"embeddable":true,"href":"https:\/\/portal.sma.gob.cl\/index.php\/wp-json\/wp\/v2\/comments?post=16253"}],"version-history":[{"count":0,"href":"https:\/\/portal.sma.gob.cl\/index.php\/wp-json\/wp\/v2\/posts\/16253\/revisions"}],"wp:featuredmedia":[{"embeddable":true,"href":"https:\/\/portal.sma.gob.cl\/index.php\/wp-json\/wp\/v2\/media\/16252"}],"wp:attachment":[{"href":"https:\/\/portal.sma.gob.cl\/index.php\/wp-json\/wp\/v2\/media?parent=16253"}],"wp:term":[{"taxonomy":"category","embeddable":true,"href":"https:\/\/portal.sma.gob.cl\/index.php\/wp-json\/wp\/v2\/categories?post=16253"},{"taxonomy":"post_tag","embeddable":true,"href":"https:\/\/portal.sma.gob.cl\/index.php\/wp-json\/wp\/v2\/tags?post=16253"}],"curies":[{"name":"wp","href":"https:\/\/api.w.org\/{rel}","templated":true}]}}