{"id":16255,"date":"2015-08-18T15:56:41","date_gmt":"2015-08-18T15:56:41","guid":{"rendered":"https:\/\/portal.sma.gob.cl\/index.php\/2015\/08\/18\/sma-participa-en-importante-reunion-del-consejo-ambiental-del-tlc-chile-estados-unidos\/"},"modified":"2015-08-18T15:56:41","modified_gmt":"2015-08-18T15:56:41","slug":"sma-participa-en-importante-reunion-del-consejo-ambiental-del-tlc-chile-estados-unidos","status":"publish","type":"post","link":"https:\/\/portal.sma.gob.cl\/index.php\/sma-participa-en-importante-reunion-del-consejo-ambiental-del-tlc-chile-estados-unidos\/","title":{"rendered":"SMA participa en importante reuni\u00f3n del Consejo Ambiental del TLC Chile \u2013 Estados Unidos"},"content":{"rendered":"<p style=\"text-align: justify;\"><strong><img decoding=\"async\" class=\"size-auto size-full wp-image-16254\" src=\"https:\/\/portal.sma.gob.cl\/wp-content\/uploads\/2015\/08\/Superintendente_Washington.jpg\" alt=\"Superintendente Washington\" width=\"760\" height=\"360\" srcset=\"https:\/\/portal.sma.gob.cl\/wp-content\/uploads\/2015\/08\/Superintendente_Washington-200x95.jpg 200w, https:\/\/portal.sma.gob.cl\/wp-content\/uploads\/2015\/08\/Superintendente_Washington-300x142.jpg 300w, https:\/\/portal.sma.gob.cl\/wp-content\/uploads\/2015\/08\/Superintendente_Washington-400x189.jpg 400w, https:\/\/portal.sma.gob.cl\/wp-content\/uploads\/2015\/08\/Superintendente_Washington-600x284.jpg 600w, https:\/\/portal.sma.gob.cl\/wp-content\/uploads\/2015\/08\/Superintendente_Washington.jpg 760w\" sizes=\"(max-width: 760px) 100vw, 760px\" \/><\/strong><\/p>\n<p style=\"text-align: justify;\"><strong>En el marco del Tratado de Libre Comercio entre Chile y EE.UU. se realiz\u00f3 la V Reuni\u00f3n de la Comisi\u00f3n Conjunta del Acuerdo de Cooperaci\u00f3n Ambiental.<\/strong><\/p>\n<p>  <!--more-->  <\/p>\n<p style=\"text-align: justify;\"><strong>Washington, 13 de agosto de 2015.<\/strong> El Superintendente del Medio Ambiente, Cristi\u00e1n Franz, particip\u00f3 en la decimos\u00e9ptima reuni\u00f3n del Environment Affairs Council (EAC), establecido bajo el Tratado de Libre Comercio entre Chile y Estados Unidos. A la par, se realiz\u00f3 la V Reuni\u00f3n de la Comisi\u00f3n Conjunta del Acuerdo de Cooperaci\u00f3n Ambiental (ACA) Chile-Estados Unidos.<\/p>\n<p style=\"text-align: justify;\">Las reuniones fueron encabezadas por la embajadora Judith G. Garber, quien es a su vez Secretaria de Estado para los Oc\u00e9anos y los temas cient\u00edficos y medioambientales internacionales, y Jennifer Prescott, Representante de los temas Ambientales y Recursos Naturales del TLC; el embajador de Chile en Estados Unidos, Gabriel Vald\u00e9s, el Superintendente del Medio Ambiente, Cristi\u00e1n Franz y el Jefe de la Direcci\u00f3n de Medio Ambiente de la Canciller\u00eda chilena, Waldemar Coutts.<\/p>\n<p style=\"text-align: justify;\">La Comisi\u00f3n Ambiental revis\u00f3 el progreso de los gobiernos de Estados Unidos y Chile en la implementaci\u00f3n de las obligaciones comprometidas en el cap\u00edtulo medio ambiental del TLC, el cual inclu\u00eda: (1) establecer mayores niveles de protecci\u00f3n ambiental; (2) efectivo cumplimiento de las regulaciones y leyes ambientales; (3) oportunidades para la participaci\u00f3n ciudadana.<\/p>\n<p style=\"text-align: justify;\">Estados Unidos, report\u00f3 entre otras cosas, las acciones tomadas respecto de la protecci\u00f3n ambiental, como la adopci\u00f3n de Estrategias Nacionales para el combate del tr\u00e1fico ilegal de animales; tambi\u00e9n medidas contra la pesca ilegal, estableciendo \u00e1reas protegidas, como el mayor santuario marino del mundo; y la promulgaci\u00f3n de regulaciones m\u00e1s estrictas respecto de las emisiones del parque automotor. A la vez, se reportaron las acciones de cumplimiento ambiental implementadas por el Departamento de Justicia y otras agencias de gobierno, y el esfuerzo realizado para promover la participaci\u00f3n p\u00fablica.<\/p>\n<p style=\"text-align: justify;\">En tanto, Chile present\u00f3 los avances para lograr una mayor protecci\u00f3n ambiental, como la revisi\u00f3n de los est\u00e1ndares de emisi\u00f3n atmosf\u00e9rica; la adopci\u00f3n de seis nuevas normas de calidad para aguas superficiales; la implementaci\u00f3n de herramientas para combatir la pesca ilegal y el establecimiento de \u00e1reas marinas para la conservaci\u00f3n de ecosistemas. Chile tambi\u00e9n inform\u00f3 las acciones tomadas respecto de la Reforma a la Institucionalidad Ambiental, con la creaci\u00f3n por ley de la Superintendencia del Medio Ambiente (SMA), y los avances de esta instituci\u00f3n tanto en el plano de su consolidaci\u00f3n material, como la apertura de nuevas oficinas, los avances en relaci\u00f3n a los aspectos de fondo relativos al modelo sancionatorio y la implementaci\u00f3n de un enfoque de fiscalizaci\u00f3n ambiental estrat\u00e9gica en funci\u00f3n de riesgos.<\/p>\n<p style=\"text-align: justify;\">El Superintendente Franz realiz\u00f3 una extensa presentaci\u00f3n en torno a las diversas actividades de cooperaci\u00f3n realizadas entre la SMA y la Environmental Protection Agency (EPA) desde el a\u00f1o 2013 en adelante.<\/p>\n<p style=\"text-align: justify;\">La ACA consider\u00f3 proyectos realizados durante el Cuatro Programa de Trabajo 2012-2014 y el estatus de proyectos en curso. Las instituciones de Chile y Estados Unidos que participaron en la jornada reportaron las actividades realizadas en dicho periodo, actividades que entre otros, consideran el fortalecimiento de pol\u00edticas de recursos naturales que involucran m\u00e1s de 22 millones de hect\u00e1reas en parques nacionales y parques privados; la expansi\u00f3n de la cooperaci\u00f3n en Sudam\u00e9rica; y la capacitaci\u00f3n de m\u00e1s de 2.700 personas en temas relativos a manejo de recursos, conservaci\u00f3n de biodiversidad y cumplimiento ambiental.<\/p>\n<p style=\"text-align: justify;\">Ambos comit\u00e9s sostuvieron sesiones p\u00fablicas, que incluyeron la participaci\u00f3n de varios stakeholders. Dichas sesiones reflejaron el compromiso de ambos pa\u00edses de mantener procesos de participaci\u00f3n abiertos. La sesi\u00f3n permiti\u00f3 participar a los miembros del p\u00fablico en una discusi\u00f3n abierta con personeros de ambos gobiernos respecto de la implementaci\u00f3n del Cap\u00edtulo Ambiental del TLC y la cooperaci\u00f3n ambiental vigente y futura, realizando preguntas en persona y a trav\u00e9s de redes sociales.<\/p>\n<p style=\"text-align: justify;\">Finalmente, Chile y Estados Unidos firmaron el Quinto Programa de Cooperaci\u00f3n Ambiental 2015-2017, el cual reafirm\u00f3 el compromiso de continuar trabajando juntos en la preservaci\u00f3n y protecci\u00f3n del medio ambiente a trav\u00e9s del Cap\u00edtulo Ambiental del TLC.<\/p>\n","protected":false},"excerpt":{"rendered":"<p>En el marco del Tratado de Libre Comercio entre Chile y EE.UU. se realiz\u00f3 la V Reuni\u00f3n de la Comisi\u00f3n Conjunta del Acuerdo de Cooperaci\u00f3n Ambiental.<\/p>\n","protected":false},"author":3,"featured_media":16254,"comment_status":"open","ping_status":"open","sticky":false,"template":"","format":"standard","meta":{"footnotes":""},"categories":[94],"tags":[],"class_list":["post-16255","post","type-post","status-publish","format-standard","has-post-thumbnail","hentry","category-notas-noticias"],"_links":{"self":[{"href":"https:\/\/portal.sma.gob.cl\/index.php\/wp-json\/wp\/v2\/posts\/16255","targetHints":{"allow":["GET"]}}],"collection":[{"href":"https:\/\/portal.sma.gob.cl\/index.php\/wp-json\/wp\/v2\/posts"}],"about":[{"href":"https:\/\/portal.sma.gob.cl\/index.php\/wp-json\/wp\/v2\/types\/post"}],"author":[{"embeddable":true,"href":"https:\/\/portal.sma.gob.cl\/index.php\/wp-json\/wp\/v2\/users\/3"}],"replies":[{"embeddable":true,"href":"https:\/\/portal.sma.gob.cl\/index.php\/wp-json\/wp\/v2\/comments?post=16255"}],"version-history":[{"count":0,"href":"https:\/\/portal.sma.gob.cl\/index.php\/wp-json\/wp\/v2\/posts\/16255\/revisions"}],"wp:featuredmedia":[{"embeddable":true,"href":"https:\/\/portal.sma.gob.cl\/index.php\/wp-json\/wp\/v2\/media\/16254"}],"wp:attachment":[{"href":"https:\/\/portal.sma.gob.cl\/index.php\/wp-json\/wp\/v2\/media?parent=16255"}],"wp:term":[{"taxonomy":"category","embeddable":true,"href":"https:\/\/portal.sma.gob.cl\/index.php\/wp-json\/wp\/v2\/categories?post=16255"},{"taxonomy":"post_tag","embeddable":true,"href":"https:\/\/portal.sma.gob.cl\/index.php\/wp-json\/wp\/v2\/tags?post=16255"}],"curies":[{"name":"wp","href":"https:\/\/api.w.org\/{rel}","templated":true}]}}