{"id":16259,"date":"2015-08-25T15:00:46","date_gmt":"2015-08-25T15:00:46","guid":{"rendered":"https:\/\/portal.sma.gob.cl\/index.php\/2015\/08\/25\/sma-firma-convenio-de-colaboracion-con-municipalidad-de-sierra-gorda\/"},"modified":"2015-08-25T15:00:46","modified_gmt":"2015-08-25T15:00:46","slug":"sma-firma-convenio-de-colaboracion-con-municipalidad-de-sierra-gorda","status":"publish","type":"post","link":"https:\/\/portal.sma.gob.cl\/index.php\/sma-firma-convenio-de-colaboracion-con-municipalidad-de-sierra-gorda\/","title":{"rendered":"SMA firma convenio de colaboraci\u00f3n con municipalidad de Sierra Gorda"},"content":{"rendered":"<p style=\"text-align: justify;\"><strong><img decoding=\"async\" class=\"size-auto size-full wp-image-16258\" src=\"https:\/\/portal.sma.gob.cl\/wp-content\/uploads\/2015\/08\/Nota_sierra_gorda.jpg\" alt=\"Nota sierra gorda\" width=\"760\" height=\"360\" srcset=\"https:\/\/portal.sma.gob.cl\/wp-content\/uploads\/2015\/08\/Nota_sierra_gorda-200x95.jpg 200w, https:\/\/portal.sma.gob.cl\/wp-content\/uploads\/2015\/08\/Nota_sierra_gorda-300x142.jpg 300w, https:\/\/portal.sma.gob.cl\/wp-content\/uploads\/2015\/08\/Nota_sierra_gorda-400x189.jpg 400w, https:\/\/portal.sma.gob.cl\/wp-content\/uploads\/2015\/08\/Nota_sierra_gorda-600x284.jpg 600w, https:\/\/portal.sma.gob.cl\/wp-content\/uploads\/2015\/08\/Nota_sierra_gorda.jpg 760w\" sizes=\"(max-width: 760px) 100vw, 760px\" \/><\/strong><\/p>\n<p style=\"text-align: justify;\"><strong>El Superintendente Cristi\u00e1n Franz y el alcalde Jos\u00e9 Guerrero sellaron el documento que permitir\u00e1 al municipio recibir denuncias y derivarlas a la SMA.<\/strong><\/p>\n<p>  <!--more-->  <\/p>\n<p style=\"text-align: justify;\"><strong>Lunes, 24 de agosto de 2015.<\/strong> La Superintendencia del Medio Ambiente (SMA) firm\u00f3 hoy un convenio de colaboraci\u00f3n con la Municipalidad de Sierra Gorda para de las denuncias asociadas a actividades fiscalizadas sujetas a uno o m\u00e1s instrumentos de gesti\u00f3n ambiental de competencia de la SMA.<\/p>\n<p style=\"text-align: justify;\">El Superintendente Cristi\u00e1n Franz firm\u00f3 el documento junto al alcalde de Sierra Gorda, Jos\u00e9 Guerrero, en el cual se establece la Municipalidad deber\u00e1 ce\u00f1irse a las directrices, acciones, plazos y oportunidades que la misma Superintendencia establezca para su realizaci\u00f3n, sin perjuicio de adoptar las definiciones que se establezcan de com\u00fan acuerdo, cuando ello sea m\u00e1s conveniente para optimizar recursos municipales. A su vez, La Municipalidad deber\u00e1 remitir a la Superintendencia del Medio Ambiente, las denuncias recibidas asociadas a sujetos fiscalizados sujetos a uno o m\u00e1s instrumentos de gesti\u00f3n ambiental de su competencia, colaborando en velar por el cumplimiento de los requisitos legales establecidos en el art\u00edculo 47 de la Ley Org\u00e1nica de la Superintendencia del Medio Ambiente.<\/p>\n<p style=\"text-align: justify;\">En este convenio, que rige por dos a\u00f1os y puede renovarse autom\u00e1ticamente a voluntad de las partes, se fijan tambi\u00e9n actividades de capacitaci\u00f3n que realizar\u00e1 la SMA a funcionarios municipales, con el objetivo de impartir cursos y proporcionar asistencia para poder manejar las denuncias recibidas en los t\u00e9rminos establecidos en la \u201cGu\u00eda Pr\u00e1ctica para Denuncias de la Ciudadan\u00eda de la SMA\u201d.<\/p>\n<p style=\"text-align: justify;\">\u201cComo Superintendencia estamos firmando este convenio porque resulta conveniente y necesaria la incorporaci\u00f3n progresiva de las Municipalidades para colaborar en la ejecuci\u00f3n de los programas y subprogramas de fiscalizaci\u00f3n ambiental, respecto de actividades que se encuentren sujetas a uno o m\u00e1s instrumentos de gesti\u00f3n ambiental que se desarrollen en su territorio, ya que poseen una mayor capacidad para desplegarse en su territorio\u201d, dijo el Superintendente Cristi\u00e1n Franz.<\/p>\n","protected":false},"excerpt":{"rendered":"<p>El Superintendente Cristi\u00e1n Franz y el alcalde Jos\u00e9 Guerrero sellaron el documento que permitir\u00e1 al municipio recibir denuncias y derivarlas a la SMA.<\/p>\n","protected":false},"author":3,"featured_media":16258,"comment_status":"open","ping_status":"open","sticky":false,"template":"","format":"standard","meta":{"footnotes":""},"categories":[90],"tags":[],"class_list":["post-16259","post","type-post","status-publish","format-standard","has-post-thumbnail","hentry","category-comunicados-noticias"],"_links":{"self":[{"href":"https:\/\/portal.sma.gob.cl\/index.php\/wp-json\/wp\/v2\/posts\/16259","targetHints":{"allow":["GET"]}}],"collection":[{"href":"https:\/\/portal.sma.gob.cl\/index.php\/wp-json\/wp\/v2\/posts"}],"about":[{"href":"https:\/\/portal.sma.gob.cl\/index.php\/wp-json\/wp\/v2\/types\/post"}],"author":[{"embeddable":true,"href":"https:\/\/portal.sma.gob.cl\/index.php\/wp-json\/wp\/v2\/users\/3"}],"replies":[{"embeddable":true,"href":"https:\/\/portal.sma.gob.cl\/index.php\/wp-json\/wp\/v2\/comments?post=16259"}],"version-history":[{"count":0,"href":"https:\/\/portal.sma.gob.cl\/index.php\/wp-json\/wp\/v2\/posts\/16259\/revisions"}],"wp:featuredmedia":[{"embeddable":true,"href":"https:\/\/portal.sma.gob.cl\/index.php\/wp-json\/wp\/v2\/media\/16258"}],"wp:attachment":[{"href":"https:\/\/portal.sma.gob.cl\/index.php\/wp-json\/wp\/v2\/media?parent=16259"}],"wp:term":[{"taxonomy":"category","embeddable":true,"href":"https:\/\/portal.sma.gob.cl\/index.php\/wp-json\/wp\/v2\/categories?post=16259"},{"taxonomy":"post_tag","embeddable":true,"href":"https:\/\/portal.sma.gob.cl\/index.php\/wp-json\/wp\/v2\/tags?post=16259"}],"curies":[{"name":"wp","href":"https:\/\/api.w.org\/{rel}","templated":true}]}}