{"id":16270,"date":"2015-09-03T19:42:16","date_gmt":"2015-09-03T19:42:16","guid":{"rendered":"https:\/\/portal.sma.gob.cl\/index.php\/2015\/09\/03\/sma-notifica-detencion-de-funcionamiento-a-empresa-ingemedical-de-gorbea\/"},"modified":"2015-09-03T19:42:16","modified_gmt":"2015-09-03T19:42:16","slug":"sma-notifica-detencion-de-funcionamiento-a-empresa-ingemedical-de-gorbea","status":"publish","type":"post","link":"https:\/\/portal.sma.gob.cl\/index.php\/sma-notifica-detencion-de-funcionamiento-a-empresa-ingemedical-de-gorbea\/","title":{"rendered":"SMA notifica detenci\u00f3n de funcionamiento a empresa Ingemedical de Gorbea"},"content":{"rendered":"<p style=\"text-align: justify;\"><strong><img decoding=\"async\" class=\"size-auto size-full wp-image-16269\" src=\"https:\/\/portal.sma.gob.cl\/wp-content\/uploads\/2015\/09\/Ingemedica_notal.jpg\" alt=\"Ingemedica notal\" width=\"760\" height=\"360\" srcset=\"https:\/\/portal.sma.gob.cl\/wp-content\/uploads\/2015\/09\/Ingemedica_notal-200x95.jpg 200w, https:\/\/portal.sma.gob.cl\/wp-content\/uploads\/2015\/09\/Ingemedica_notal-300x142.jpg 300w, https:\/\/portal.sma.gob.cl\/wp-content\/uploads\/2015\/09\/Ingemedica_notal-400x189.jpg 400w, https:\/\/portal.sma.gob.cl\/wp-content\/uploads\/2015\/09\/Ingemedica_notal-600x284.jpg 600w, https:\/\/portal.sma.gob.cl\/wp-content\/uploads\/2015\/09\/Ingemedica_notal.jpg 760w\" sizes=\"(max-width: 760px) 100vw, 760px\" \/><\/strong><\/p>\n<p style=\"text-align: justify;\"><strong>La medida provisional fue autorizada por el Ilustre Tercer Tribunal Ambiental y notificada hoy por la SMA a la empresa, la cual debe detener sus operaciones para evitar un posible da\u00f1o al medio ambiente y la salud de las personas<\/strong>.<\/p>\n<p>  <!--more-->  <\/p>\n<p style=\"text-align: justify;\"><strong>Gorbea, 03 de septiembre de 2015.<\/strong> La Superintendencia del Medio Ambiente (SMA) notific\u00f3 esta tarde a la empresa Ingemedical Ltda., la medida provisional que ordena la detenci\u00f3n del funcionamiento de las instalaciones de su proyecto \u201cPlanta de tratamiento de residuos patol\u00f3gicos e industriales\u201d, ubicada en la comuna de Gorbea, Regi\u00f3n de la Araucan\u00eda, por un plazo de 22 d\u00edas corridos, con posibilidad de renovaci\u00f3n. Esta medida, solicitada por la SMA, fue aprobada por el Ilustre Tercer Tribunal Ambiental de Valdivia.<\/p>\n<p style=\"text-align: justify;\">Cabe recordar que la SMA recibi\u00f3 la denuncia de la Ilustre Municipalidad de Gorbea respecto de la operaci\u00f3n de esta planta de tratamiento. En su presentaci\u00f3n, el municipio explica que la empresa no cuenta con Resoluci\u00f3n de Calificaci\u00f3n Ambiental (RCA), se encuentra aleda\u00f1a zonas ind\u00edgenas que no fueron informadas de su operaci\u00f3n, y adem\u00e1s est\u00e1 a 1 kil\u00f3metro de la Escuela Municipal G-736 y huertos de productos de exportaci\u00f3n.<\/p>\n<p style=\"text-align: justify;\">Analizados los antecedentes, la SMA constat\u00f3 que efectivamente la empresa ingres\u00f3 una carta de pertinencia al Sistema de Evaluaci\u00f3n de Impacto Ambiental (SEIA) de la Araucan\u00eda en julio de 2012, explicando que la operaci\u00f3n no reun\u00eda los requisitos necesarios para evaluarse ambientalmente, debido a que no edificar\u00edan m\u00e1s de 350 mt2, se ubicar\u00eda en una zona \u201ccasi inexistente de poblaci\u00f3n o casas\u201d y que el incinerador de residuos m\u00e9dicos operar\u00eda con una carga autorizada de 220 kg\/d\u00eda, entre otras disposiciones.<\/p>\n<p style=\"text-align: justify;\">La SMA realiz\u00f3 una fiscalizaci\u00f3n el d\u00eda 1 de junio de 2015, constatando, entre otras cosas, que el incinerador de residuos m\u00e9dicos posee una capacidad de incineraci\u00f3n m\u00e1xima instalada de 1.200 kg\/d\u00eda, superando cinco veces la capacidad de carga autorizada, y a la vez, superando una capacidad de tratamiento mayor a los 250 kg\/d\u00eda, el cual corresponde al l\u00edmite de ingreso al SEIA. <br \/>Luego del an\u00e1lisis de los datos que el titular aport\u00f3 al SEA y tambi\u00e9n a la Seremi de Salud de la Araucan\u00eda para obtener permisos sectoriales, la SMA en su escrito de presentaci\u00f3n ante el Tribunal, explic\u00f3 que el titular describi\u00f3 \u201cde forma imprecisa, err\u00f3nea o derechamente falsa\u201d el proyecto \u201cPlanta de Tratamiento de Residuos Patog\u00e9nicos e Industriales\u201d ante la autoridad ambiental y sanitaria, \u201comiti\u00e9ndose informaci\u00f3n o present\u00e1ndose \u00e9sta de forma parcial, con el objeto de que dichas autoridades procedieran a: (i) declarar que el proyecto, dadas las caracter\u00edsticas indicadas, no requer\u00eda ingresar al Sistema de Evaluaci\u00f3n de Impacto Ambiental; y, (ii) a entregar una autorizaci\u00f3n sanitaria que no se condice con lo realmente construido e instalado\u201d.<\/p>\n<p style=\"text-align: justify;\">Debido a estos hallazgos, la SMA adopt\u00f3 la medida de detenci\u00f3n de funcionamiento, previa autorizaci\u00f3n del Ilustre Tercer Tribunal Ambiental, la cual se justifica, entre otras cosas, porque ante la ausencia de una adecuada evaluaci\u00f3n ambiental no es posible conocer la extensi\u00f3n y magnitud de los efectos que el proyecto provoque en el medio ambiente o la salud de las personas. Uno de los ejes de trabajo de esta Superintendencia consiste en fiscalizar intensamente los proyectos o actividades que eluden el Sistema de Evaluaci\u00f3n Ambiental para evitar posibles riesgos que se puedan generar en su construcci\u00f3n y operaci\u00f3n.<\/p>\n","protected":false},"excerpt":{"rendered":"<p>La medida provisional fue autorizada por el Ilustre Tercer Tribunal Ambiental y notificada hoy por la SMA a la empresa, la cual debe detener sus operaciones para evitar un posible da\u00f1o al medio ambiente y la salud de las personas.<\/p>\n","protected":false},"author":3,"featured_media":16269,"comment_status":"open","ping_status":"open","sticky":false,"template":"","format":"standard","meta":{"footnotes":""},"categories":[90],"tags":[],"class_list":["post-16270","post","type-post","status-publish","format-standard","has-post-thumbnail","hentry","category-comunicados-noticias"],"_links":{"self":[{"href":"https:\/\/portal.sma.gob.cl\/index.php\/wp-json\/wp\/v2\/posts\/16270","targetHints":{"allow":["GET"]}}],"collection":[{"href":"https:\/\/portal.sma.gob.cl\/index.php\/wp-json\/wp\/v2\/posts"}],"about":[{"href":"https:\/\/portal.sma.gob.cl\/index.php\/wp-json\/wp\/v2\/types\/post"}],"author":[{"embeddable":true,"href":"https:\/\/portal.sma.gob.cl\/index.php\/wp-json\/wp\/v2\/users\/3"}],"replies":[{"embeddable":true,"href":"https:\/\/portal.sma.gob.cl\/index.php\/wp-json\/wp\/v2\/comments?post=16270"}],"version-history":[{"count":0,"href":"https:\/\/portal.sma.gob.cl\/index.php\/wp-json\/wp\/v2\/posts\/16270\/revisions"}],"wp:featuredmedia":[{"embeddable":true,"href":"https:\/\/portal.sma.gob.cl\/index.php\/wp-json\/wp\/v2\/media\/16269"}],"wp:attachment":[{"href":"https:\/\/portal.sma.gob.cl\/index.php\/wp-json\/wp\/v2\/media?parent=16270"}],"wp:term":[{"taxonomy":"category","embeddable":true,"href":"https:\/\/portal.sma.gob.cl\/index.php\/wp-json\/wp\/v2\/categories?post=16270"},{"taxonomy":"post_tag","embeddable":true,"href":"https:\/\/portal.sma.gob.cl\/index.php\/wp-json\/wp\/v2\/tags?post=16270"}],"curies":[{"name":"wp","href":"https:\/\/api.w.org\/{rel}","templated":true}]}}