{"id":16272,"date":"2015-09-04T17:17:15","date_gmt":"2015-09-04T17:17:15","guid":{"rendered":"https:\/\/portal.sma.gob.cl\/index.php\/2015\/09\/04\/sma-firma-acuerdo-con-el-instituto-brasilero-de-medio-ambiente\/"},"modified":"2015-09-04T17:17:15","modified_gmt":"2015-09-04T17:17:15","slug":"sma-firma-acuerdo-con-el-instituto-brasilero-de-medio-ambiente","status":"publish","type":"post","link":"https:\/\/portal.sma.gob.cl\/index.php\/sma-firma-acuerdo-con-el-instituto-brasilero-de-medio-ambiente\/","title":{"rendered":"SMA firma acuerdo con el Instituto Brasilero de Medio Ambiente"},"content":{"rendered":"<p style=\"text-align: justify;\"><strong><img decoding=\"async\" class=\"size-auto size-full wp-image-16271\" src=\"https:\/\/portal.sma.gob.cl\/wp-content\/uploads\/2015\/09\/comitiva_nota.jpg\" alt=\"comitiva nota\" width=\"760\" height=\"360\" srcset=\"https:\/\/portal.sma.gob.cl\/wp-content\/uploads\/2015\/09\/comitiva_nota-200x95.jpg 200w, https:\/\/portal.sma.gob.cl\/wp-content\/uploads\/2015\/09\/comitiva_nota-300x142.jpg 300w, https:\/\/portal.sma.gob.cl\/wp-content\/uploads\/2015\/09\/comitiva_nota-400x189.jpg 400w, https:\/\/portal.sma.gob.cl\/wp-content\/uploads\/2015\/09\/comitiva_nota-600x284.jpg 600w, https:\/\/portal.sma.gob.cl\/wp-content\/uploads\/2015\/09\/comitiva_nota.jpg 760w\" sizes=\"(max-width: 760px) 100vw, 760px\" \/><\/strong><\/p>\n<p style=\"text-align: justify;\"><strong>El Superintendente Cristi\u00e1n Franz sell\u00f3 la Declaraci\u00f3n de Intenciones con su par brasilera, Marilene de Oliveira Ramos. El acuerdo permitir\u00e1 la transferencia de las mejores pr\u00e1cticas y capacitaciones para mejorar la fiscalizaci\u00f3n ambiental en ambos pa\u00edses.<\/strong><\/p>\n<p>  <!--more-->  <\/p>\n<p style=\"text-align: justify;\"><strong>Brasilia, 3 de agosto de 2015.<\/strong> Una visita t\u00e9cnica realiz\u00f3 esta semana un equipo encabezado por el Superintendente del Medio Ambiente, Cristi\u00e1n Franz, a la sede del Instituto Brasilero de Medio Ambiente y Recursos Naturales Renovables (IBAMA). En la oportunidad, conocieron la estructura y funcionamiento de la Divisi\u00f3n de Protecci\u00f3n Ambiental (Dipro), encargada de la fiscalizaci\u00f3n y sanci\u00f3n ambiental de esa repartici\u00f3n.<\/p>\n<p style=\"text-align: justify;\">Durante la visita se firm\u00f3 una Declaraci\u00f3n de Intenciones para establecer una asociaci\u00f3n en la ejecuci\u00f3n, organizaci\u00f3n y coordinaci\u00f3n de la fiscalizaci\u00f3n ambiental. El documento fue firmado por el Superintendente Franz y Marilene de Oliveira Ramos, presidenta de IBAMA.<\/p>\n<p style=\"text-align: justify;\">El Superintendente Franz explic\u00f3 que entre los puntos del protocolo se encuentra \u201cfortalecer las capacidades profesionales de los funcionarios de ambas instituciones, a trav\u00e9s de transferencias de conocimiento y el desarrollo de trabajos t\u00e9cnicos que se enfoquen en distinguir las materias claves de fiscalizaci\u00f3n y sanci\u00f3n ambiental e incentivo al cumplimiento ambiental por parte de la comunidad regulada\u201d.<\/p>\n<p style=\"text-align: justify;\">A la par, este convenio permitir\u00e1 compartir informaci\u00f3n sobre problemas ambientales de com\u00fan ocurrencia entre ambos pa\u00edses para poder abordarlos de manera m\u00e1s eficiente compartiendo las mejores pr\u00e1cticas, como tambi\u00e9n las estrategias m\u00e1s innovadoras y herramientas t\u00e9cnicas de fiscalizaci\u00f3n y sanci\u00f3n.<\/p>\n<p style=\"text-align: justify;\">Por su parte, el director de Protecci\u00f3n Ambiental de IBAMA, Luciano Evaristo, explic\u00f3 que \u201ca trav\u00e9s de este intercambio con Chile vamos a poder cuidar mejor el medio ambiente de nuestro continente\u201d.<\/p>\n<p style=\"text-align: justify;\">Esta visita t\u00e9cnica es parte de las actividades que se enmarcan dentro de la Red Sudamericana de Fiscalizaci\u00f3n Ambiental, creada en 2013 en Santiago de Chile, y de la cual la SMA e IBAMA forman parte. En Brasilia recibi\u00f3 al equipo de la SMA el coordinador general de la Fiscalizaci\u00f3n Ambiental de IBAMA, Jair Schmitt, quien explic\u00f3 que la visita a sus instalaciones permitir\u00e1 fortalecer las relaciones institucionales entre ambos organismos.<\/p>\n<p style=\"text-align: justify;\">Por parte de la SMA particip\u00f3 el Superintendente Cristi\u00e1n Franz; Sebasti\u00e1n Elgueta, jefe del Departamento de Gesti\u00f3n de la Informaci\u00f3n; Jorge Alvi\u00f1a, abogado de la Divisi\u00f3n de Sanci\u00f3n y Cumplimiento; y Rodrigo Garc\u00eda, profesional de la Oficina Regional de Valpara\u00edso.<\/p>\n<p style=\"text-align: justify;\"><a href=\"http:\/\/www.ibama.gov.br\/publicadas\/fiscalizacao-ambiental-do-chile-assina-acordo-de-cooperacao-com-o-ibama\">M\u00e1s informaci\u00f3n en IBAMA<\/a><\/p>\n","protected":false},"excerpt":{"rendered":"<p>El Superintendente Cristi\u00e1n Franz sell\u00f3 la Declaraci\u00f3n de Intenciones con su par brasilera, Marilene de Oliveira Ramos. El acuerdo permitir\u00e1 la transferencia de las mejores pr\u00e1cticas y capacitaciones para mejorar la fiscalizaci\u00f3n ambiental en ambos pa\u00edses.<\/p>\n","protected":false},"author":3,"featured_media":16271,"comment_status":"open","ping_status":"open","sticky":false,"template":"","format":"standard","meta":{"footnotes":""},"categories":[94],"tags":[],"class_list":["post-16272","post","type-post","status-publish","format-standard","has-post-thumbnail","hentry","category-notas-noticias"],"_links":{"self":[{"href":"https:\/\/portal.sma.gob.cl\/index.php\/wp-json\/wp\/v2\/posts\/16272","targetHints":{"allow":["GET"]}}],"collection":[{"href":"https:\/\/portal.sma.gob.cl\/index.php\/wp-json\/wp\/v2\/posts"}],"about":[{"href":"https:\/\/portal.sma.gob.cl\/index.php\/wp-json\/wp\/v2\/types\/post"}],"author":[{"embeddable":true,"href":"https:\/\/portal.sma.gob.cl\/index.php\/wp-json\/wp\/v2\/users\/3"}],"replies":[{"embeddable":true,"href":"https:\/\/portal.sma.gob.cl\/index.php\/wp-json\/wp\/v2\/comments?post=16272"}],"version-history":[{"count":0,"href":"https:\/\/portal.sma.gob.cl\/index.php\/wp-json\/wp\/v2\/posts\/16272\/revisions"}],"wp:featuredmedia":[{"embeddable":true,"href":"https:\/\/portal.sma.gob.cl\/index.php\/wp-json\/wp\/v2\/media\/16271"}],"wp:attachment":[{"href":"https:\/\/portal.sma.gob.cl\/index.php\/wp-json\/wp\/v2\/media?parent=16272"}],"wp:term":[{"taxonomy":"category","embeddable":true,"href":"https:\/\/portal.sma.gob.cl\/index.php\/wp-json\/wp\/v2\/categories?post=16272"},{"taxonomy":"post_tag","embeddable":true,"href":"https:\/\/portal.sma.gob.cl\/index.php\/wp-json\/wp\/v2\/tags?post=16272"}],"curies":[{"name":"wp","href":"https:\/\/api.w.org\/{rel}","templated":true}]}}