{"id":16276,"date":"2015-09-09T12:36:24","date_gmt":"2015-09-09T12:36:24","guid":{"rendered":"https:\/\/portal.sma.gob.cl\/index.php\/2015\/09\/09\/sma-participa-en-taller-internacional-ambiental-en-peru\/"},"modified":"2015-09-09T12:36:24","modified_gmt":"2015-09-09T12:36:24","slug":"sma-participa-en-taller-internacional-ambiental-en-peru","status":"publish","type":"post","link":"https:\/\/portal.sma.gob.cl\/index.php\/sma-participa-en-taller-internacional-ambiental-en-peru\/","title":{"rendered":"SMA participa en Taller Internacional Ambiental en Per\u00fa"},"content":{"rendered":"<p style=\"text-align: justify;\"><img decoding=\"async\" class=\"size-auto size-full wp-image-16275\" src=\"https:\/\/portal.sma.gob.cl\/wp-content\/uploads\/2015\/09\/FranzPer%C3%BANOTA.jpg\" alt=\"FranzPer\u00faNOTA\" width=\"760\" height=\"360\" \/><\/p>\n<p style=\"text-align: justify;\"><strong>El Superintendente Cristi\u00e1n Franz y profesionales de la SMA expusieron en el evento \u201cLa gesti\u00f3n de conflictos socio ambientales, experiencias en el marco de la Red Sudamericana de Fiscalizaci\u00f3n y Cumplimiento Ambiental\u201d realizado en Lima entre el 1 y 4 de septiembre de 2015.<\/strong><\/p>\n<p>  <!--more-->  <\/p>\n<p style=\"text-align: justify;\"><strong>Lima, 4 de septiembre de 2015.<\/strong> La gesti\u00f3n de conflictos ambientales es una preocupaci\u00f3n constante entre los distintos pa\u00edses del continente. Por esta raz\u00f3n, se realiz\u00f3 en Lima entre el 1 y 4 de septiembre el evento internacional \u201cLa gesti\u00f3n de conflictos socio ambientales, experiencias en el marco de la Red Sudamericana de Fiscalizaci\u00f3n y Cumplimiento Ambiental\u201d.<\/p>\n<p style=\"text-align: justify;\">Dicho taller, organizado por el Organismo de Evaluaci\u00f3n y Fiscalizaci\u00f3n Ambiental de Per\u00fa (OEFA), busc\u00f3 intercambiar experiencias sobre la gesti\u00f3n de conflictos en Sudam\u00e9rica. En \u00e9l participaron profesionales de distintas instituciones p\u00fablicas de Per\u00fa, como tambi\u00e9n representantes de la Superintendencia del Medio Ambiente (SMA) de Chile y de la Autoridad Nacional de Licencias Ambientales (ANLA) de Colombia.<\/p>\n<p style=\"text-align: justify;\">Representando a Chile, particip\u00f3 el Superintendente del Medio Ambiente, Cristi\u00e1n Franz, quien viaj\u00f3 junto al abogado de Fiscal\u00eda, Raimundo P\u00e9rez, y la fiscalizadora Ang\u00e9lica Medina. En su presentaci\u00f3n, estos funcionarios dieron cuenta de las caracter\u00edsticas generales de la conflictividad socio ambiental en el pa\u00eds y de c\u00f3mo ese fen\u00f3meno se relacionaba con la institucionalidad ambiental. Junto con ello, expusieron una serie de casos de alta connotaci\u00f3n p\u00fablica en los que ha interactuado la SMA en el \u00faltimo tiempo.<\/p>\n<p style=\"text-align: justify;\">El taller tambi\u00e9n incluy\u00f3 el desarrollo de una visita t\u00e9cnica al relleno sanitario Huaycoloro, ubicado al Este de la ciudad de Lima en el distrito de San Antonio y la ejecuci\u00f3n de un simulacro de procedimiento de supervisi\u00f3n a una unidad menor de Hidrocarburos en el distrito de San Isidro, Lima. Estas actividades permitieron que los profesionales de Chile y Colombia, pudiesen comprender de manera general el modo en el que se desarrollan los procedimientos de fiscalizaci\u00f3n ambiental en el Per\u00fa.<\/p>\n<p style=\"text-align: justify;\">En el \u00e1rea sancionatoria, tambi\u00e9n se contempl\u00f3 una visita a la Corte Suprema de Per\u00fa, en donde el Presidente del Consejo Directivo del OEFA, Hugo G\u00f3mez, emiti\u00f3 un informe oral con relaci\u00f3n al aporte por regulaci\u00f3n que percibe dicha instituci\u00f3n.<\/p>\n<p style=\"text-align: justify;\">M\u00e1s informaci\u00f3n en <a href=\"https:\/\/www.oefa.gob.pe\/noticias-institucionales\/seminario-internacional-del-oefa-se-enfoco-en-la-gestion-de-conflictos-socioambientales\">OEFA.gob.pe<\/a><\/p>\n<p style=\"text-align: justify;\"><a href=\"https:\/\/www.flickr.com\/photos\/oefa\/albums\/72157657769744880\">Galer\u00eda de fotos<\/a><\/p>\n","protected":false},"excerpt":{"rendered":"<p>El Superintendente Cristi\u00e1n Franz y profesionales de la SMA expusieron en el evento \u201cLa gesti\u00f3n de conflictos socio ambientales, experiencias en el marco de la Red Sudamericana de Fiscalizaci\u00f3n y Cumplimiento Ambiental\u201d realizado en Lima entre el 1 y 4 de septiembre de 2015.<\/p>\n","protected":false},"author":3,"featured_media":16275,"comment_status":"open","ping_status":"open","sticky":false,"template":"","format":"standard","meta":{"footnotes":""},"categories":[94],"tags":[],"class_list":["post-16276","post","type-post","status-publish","format-standard","has-post-thumbnail","hentry","category-notas-noticias"],"_links":{"self":[{"href":"https:\/\/portal.sma.gob.cl\/index.php\/wp-json\/wp\/v2\/posts\/16276","targetHints":{"allow":["GET"]}}],"collection":[{"href":"https:\/\/portal.sma.gob.cl\/index.php\/wp-json\/wp\/v2\/posts"}],"about":[{"href":"https:\/\/portal.sma.gob.cl\/index.php\/wp-json\/wp\/v2\/types\/post"}],"author":[{"embeddable":true,"href":"https:\/\/portal.sma.gob.cl\/index.php\/wp-json\/wp\/v2\/users\/3"}],"replies":[{"embeddable":true,"href":"https:\/\/portal.sma.gob.cl\/index.php\/wp-json\/wp\/v2\/comments?post=16276"}],"version-history":[{"count":0,"href":"https:\/\/portal.sma.gob.cl\/index.php\/wp-json\/wp\/v2\/posts\/16276\/revisions"}],"wp:featuredmedia":[{"embeddable":true,"href":"https:\/\/portal.sma.gob.cl\/index.php\/wp-json\/wp\/v2\/media\/16275"}],"wp:attachment":[{"href":"https:\/\/portal.sma.gob.cl\/index.php\/wp-json\/wp\/v2\/media?parent=16276"}],"wp:term":[{"taxonomy":"category","embeddable":true,"href":"https:\/\/portal.sma.gob.cl\/index.php\/wp-json\/wp\/v2\/categories?post=16276"},{"taxonomy":"post_tag","embeddable":true,"href":"https:\/\/portal.sma.gob.cl\/index.php\/wp-json\/wp\/v2\/tags?post=16276"}],"curies":[{"name":"wp","href":"https:\/\/api.w.org\/{rel}","templated":true}]}}