{"id":16282,"date":"2015-09-15T13:51:28","date_gmt":"2015-09-15T13:51:28","guid":{"rendered":"https:\/\/portal.sma.gob.cl\/index.php\/2015\/09\/15\/sma-inicia-proceso-sancionatorio-contra-cecinas-bavaria-por-incumplimientos-ambientales\/"},"modified":"2015-09-15T13:51:28","modified_gmt":"2015-09-15T13:51:28","slug":"sma-inicia-proceso-sancionatorio-contra-cecinas-bavaria-por-incumplimientos-ambientales","status":"publish","type":"post","link":"https:\/\/portal.sma.gob.cl\/index.php\/sma-inicia-proceso-sancionatorio-contra-cecinas-bavaria-por-incumplimientos-ambientales\/","title":{"rendered":"SMA inicia proceso sancionatorio contra Cecinas Bavaria por incumplimientos ambientales"},"content":{"rendered":"<p style=\"text-align: justify;\"><strong><img decoding=\"async\" class=\"size-auto size-full wp-image-16281\" src=\"https:\/\/portal.sma.gob.cl\/wp-content\/uploads\/2015\/09\/Cecinas_Bavaria_Punta_Arenas.jpg\" alt=\"Cecinas Bavaria Punta Arenas\" width=\"760\" height=\"360\" srcset=\"https:\/\/portal.sma.gob.cl\/wp-content\/uploads\/2015\/09\/Cecinas_Bavaria_Punta_Arenas-200x95.jpg 200w, https:\/\/portal.sma.gob.cl\/wp-content\/uploads\/2015\/09\/Cecinas_Bavaria_Punta_Arenas-300x142.jpg 300w, https:\/\/portal.sma.gob.cl\/wp-content\/uploads\/2015\/09\/Cecinas_Bavaria_Punta_Arenas-400x189.jpg 400w, https:\/\/portal.sma.gob.cl\/wp-content\/uploads\/2015\/09\/Cecinas_Bavaria_Punta_Arenas-600x284.jpg 600w, https:\/\/portal.sma.gob.cl\/wp-content\/uploads\/2015\/09\/Cecinas_Bavaria_Punta_Arenas.jpg 760w\" sizes=\"(max-width: 760px) 100vw, 760px\" \/><\/strong><\/p>\n<p style=\"text-align: justify;\"><strong>La Superintendencia del Medio Ambiente (SMA) formul\u00f3 cargos contra la instalaci\u00f3n de Magallanes de la compa\u00f1\u00eda, luego de constatar variados incumplimientos ambientales relacionados con residuos l\u00edquidos y materia org\u00e1nica.<\/strong><\/p>\n<p>  <!--more-->  <\/p>\n<p style=\"text-align: justify;\"><strong>Santiago, 15 de septiembre de 2015.<\/strong> La Superintendencia del Medio Ambiente procedi\u00f3 a formular cargos contra Cecinas Bavaria Ltda., debido a una serie de incumplimientos ambientales en su instalaci\u00f3n Matadero Magallanes, ubicada en Barrio Industrial de Punta Arenas, sector La Puntilla. Dicha planta faena ganado ovino y bovino para el consumo de la zona.<\/p>\n<p style=\"text-align: justify;\">La SMA recibi\u00f3 una denuncia de la Junta de Vecinos R-6, quienes explicaron que la empresa emanaba olores molestos provenientes de su proceso productivo as\u00ed como tambi\u00e9n de la descarga de Residuos Industriales L\u00edquidos (RILes) en las inmediaciones de la planta. Esto motiv\u00f3 a que se realizaran inspecciones en terreno al Matadero Magallanes de Cecinas Bavaria, por funcionarios de la SMA, como tambi\u00e9n de la Superintendencia de Servicios Sanitarios, de la Seremi de Salud, y de la Direcci\u00f3n Regional del SAG, todos de la Regi\u00f3n de Magallanes.<\/p>\n<p style=\"text-align: justify;\">En terreno, estos equipos multidisciplinarios constataron variados incumplimientos, como por ejemplo, la falta de programaci\u00f3n en la aplicaci\u00f3n de purines, incumpliendo las exigencias de riego contenidas en la Resoluci\u00f3n de Calificaci\u00f3n Ambiental (RCA) de la instalaci\u00f3n, tampoco se cumplieron las exigencias de dicha Resoluci\u00f3n para el an\u00e1lisis de muestras de aguas subterr\u00e1neas. Tambi\u00e9n se consider\u00f3 la omisi\u00f3n de monitoreos y an\u00e1lisis qu\u00edmicos en los RILes Rojo y verde, como tambi\u00e9n la superaci\u00f3n de los l\u00edmites para estos RILes. La empresa tambi\u00e9n omiti\u00f3 la entrega de diversos monitoreos anuales respecto de par\u00e1metros de materia org\u00e1nica, nitr\u00f3geno, entre otros.<\/p>\n<p style=\"text-align: justify;\">Estas infracciones fueron calificadas como leves y graves por esta Superintendencia. Cabe recordar, que la formulaci\u00f3n de cargos es el inicio de un procedimiento sancionatorio por parte de la SMA. En tanto, el infractor tendr\u00e1 10 d\u00edas de plazo para presentar un Programa de Cumplimiento* o cuenta con 15 d\u00edas de plazo para formular descargos ante esta Superintendencia, tras lo cual contin\u00faa el proceso sancionatorio.<\/p>\n<p style=\"text-align: justify;\">Para mayores detalles, acceder a la formulaci\u00f3n de cargos en el <a href=\"http:\/\/snifa.sma.gob.cl\/RegistroPublico\/ProcesoSancion\/VerExpediente?expediente=D-047-2015\">Sistema Nacional de Informaci\u00f3n de Fiscalizaci\u00f3n Ambiental (SNIFA)<\/a><\/p>\n<hr \/>\n<p style=\"text-align: justify;\">&nbsp;<\/p>\n<p class=\"Piedepgina1\" style=\"text-align: justify;\"><span><span style=\"font-size: 8pt;\"><span><span style=\"font-size: 8pt; line-height: 107%; font-family: Calibri, sans-serif;\">[*]<\/span><\/span><\/span><\/span><span style=\"font-size: 8pt;\"> <strong>Programa de Cumplimiento:<\/strong> Es un plan de acciones y metas presentado por el infractor, para que dentro de un plazo fijado por la Superintendencia, el titular cumpla sus obligaciones ambientales. Si la SMA aprueba dicho programa, se pone fin al procedimiento sancionatorio. No obstante, si el titular no cumple con los compromisos establecidos en dicho programa, arriesga hasta el doble de la multa original.<\/span><\/p>\n","protected":false},"excerpt":{"rendered":"<p>La Superintendencia del Medio Ambiente (SMA) formul\u00f3 cargos contra la instalaci\u00f3n de Magallanes de la compa\u00f1\u00eda, luego de constatar variados incumplimientos ambientales relacionados con residuos l\u00edquidos y materia org\u00e1nica.<\/p>\n","protected":false},"author":3,"featured_media":16281,"comment_status":"open","ping_status":"open","sticky":false,"template":"","format":"standard","meta":{"footnotes":""},"categories":[90],"tags":[],"class_list":["post-16282","post","type-post","status-publish","format-standard","has-post-thumbnail","hentry","category-comunicados-noticias"],"_links":{"self":[{"href":"https:\/\/portal.sma.gob.cl\/index.php\/wp-json\/wp\/v2\/posts\/16282","targetHints":{"allow":["GET"]}}],"collection":[{"href":"https:\/\/portal.sma.gob.cl\/index.php\/wp-json\/wp\/v2\/posts"}],"about":[{"href":"https:\/\/portal.sma.gob.cl\/index.php\/wp-json\/wp\/v2\/types\/post"}],"author":[{"embeddable":true,"href":"https:\/\/portal.sma.gob.cl\/index.php\/wp-json\/wp\/v2\/users\/3"}],"replies":[{"embeddable":true,"href":"https:\/\/portal.sma.gob.cl\/index.php\/wp-json\/wp\/v2\/comments?post=16282"}],"version-history":[{"count":0,"href":"https:\/\/portal.sma.gob.cl\/index.php\/wp-json\/wp\/v2\/posts\/16282\/revisions"}],"wp:featuredmedia":[{"embeddable":true,"href":"https:\/\/portal.sma.gob.cl\/index.php\/wp-json\/wp\/v2\/media\/16281"}],"wp:attachment":[{"href":"https:\/\/portal.sma.gob.cl\/index.php\/wp-json\/wp\/v2\/media?parent=16282"}],"wp:term":[{"taxonomy":"category","embeddable":true,"href":"https:\/\/portal.sma.gob.cl\/index.php\/wp-json\/wp\/v2\/categories?post=16282"},{"taxonomy":"post_tag","embeddable":true,"href":"https:\/\/portal.sma.gob.cl\/index.php\/wp-json\/wp\/v2\/tags?post=16282"}],"curies":[{"name":"wp","href":"https:\/\/api.w.org\/{rel}","templated":true}]}}