{"id":16284,"date":"2015-09-24T17:54:03","date_gmt":"2015-09-24T17:54:03","guid":{"rendered":"https:\/\/portal.sma.gob.cl\/index.php\/2015\/09\/24\/sma-inaugura-oficina-regional-del-biobio\/"},"modified":"2015-09-24T17:54:03","modified_gmt":"2015-09-24T17:54:03","slug":"sma-inaugura-oficina-regional-del-biobio","status":"publish","type":"post","link":"https:\/\/portal.sma.gob.cl\/index.php\/sma-inaugura-oficina-regional-del-biobio\/","title":{"rendered":"SMA inaugura Oficina Regional del Biob\u00edo"},"content":{"rendered":"<p><img decoding=\"async\" class=\"size-auto size-full wp-image-16283\" src=\"https:\/\/portal.sma.gob.cl\/wp-content\/uploads\/2015\/09\/nota_conce2.jpg\" alt=\"nota conce2\" width=\"760\" height=\"360\" srcset=\"https:\/\/portal.sma.gob.cl\/wp-content\/uploads\/2015\/09\/nota_conce2-200x95.jpg 200w, https:\/\/portal.sma.gob.cl\/wp-content\/uploads\/2015\/09\/nota_conce2-300x142.jpg 300w, https:\/\/portal.sma.gob.cl\/wp-content\/uploads\/2015\/09\/nota_conce2-400x189.jpg 400w, https:\/\/portal.sma.gob.cl\/wp-content\/uploads\/2015\/09\/nota_conce2-600x284.jpg 600w, https:\/\/portal.sma.gob.cl\/wp-content\/uploads\/2015\/09\/nota_conce2.jpg 760w\" sizes=\"(max-width: 760px) 100vw, 760px\" \/><\/p>\n<p style=\"text-align: justify;\"><strong>El Superintendente del Medio Ambiente, Cristi\u00e1n Franz, cort\u00f3 la cinta de las nuevas dependencias ubicadas en el centro de Concepci\u00f3n. Con esta apertura, la SMA contabiliza 5 oficinas en regiones.<\/strong><\/p>\n<p>  <!--more-->  <\/p>\n<p style=\"text-align: justify;\"><strong>Concepci\u00f3n, 24 de septiembre de 2015.<\/strong> Esta ma\u00f1ana el Superintendente del Medio Ambiente, Cristi\u00e1n Franz, realiz\u00f3 el corte de cinta de la Oficina Regional del Biob\u00edo de la SMA. En la ceremonia particip\u00f3 tambi\u00e9n el Seremi del Medio Ambiente, Richard Vargas, el Seremi de Salud, Mauricio Careaga, entre otros personeros de Gobierno.<br \/> Franz explic\u00f3 que con esta nueva sede la SMA completa la instalaci\u00f3n de 5 oficinas regionales, junto a las ya existentes en Antofagasta, Copiap\u00f3, Santiago y Valdivia. Adelant\u00f3 que en el mes de octubre se realizar\u00e1 la apertura de la sede de Valpara\u00edso, cumpliendo as\u00ed con un compromiso del programa de Gobierno de la Presidenta Michelle Bachelet, que apunta a dotar a este organismo fiscalizador de oficinas en todas las regiones del pa\u00eds.<\/p>\n<p style=\"text-align: justify;\">\u201cEsta nueva oficina nos permitir\u00e1 seguir desplegando nuestra labor fiscalizadora. Debemos comprender que este es un proceso de instalaci\u00f3n en el pa\u00eds, proceso que est\u00e1 comenzando pues la SMA reci\u00e9n cumplir\u00e1 3 a\u00f1os de operaci\u00f3n en diciembre. Es importante destacar que en esta tarea no estamos solos. En agosto de 2013 se cre\u00f3 la Red Nacional de Fiscalizaci\u00f3n Ambiental (RENFA), que convoca a 16 servicios p\u00fablicos. Esta oficina regional nos ayudar\u00e1 a articular de la mejor manera posible el funcionamiento de RENFA en el Biob\u00edo, lo que permitir\u00e1 coordinamos para hacer una mejor fiscalizaci\u00f3n para todos los chilenos y chilenas\u201d, dijo el Superintendente Franz.<\/p>\n<p style=\"text-align: justify;\">La Oficina Regional del Biob\u00edo est\u00e1 encabezada por Emelina Zamorano, quien es ingeniero civil qu\u00edmico y Mag\u00edster en Gesti\u00f3n Integrada de la Universidad de Concepci\u00f3n. Previamente trabaj\u00f3 durante 18 a\u00f1os en la Seremi de Salud del Biob\u00edo, en el \u00e1rea ambiental de ese servicio. \u201cEs muy importante para m\u00ed asumir este desaf\u00edo de dirigir la oficina del Biob\u00edo, una de las regiones m\u00e1s pobladas del pa\u00eds y a la vez, altamente compleja por la gran diversidad de las actividades reguladas. En esta esta zona tenemos todo tipo de actividades industriales, que pasan desde el \u00e1rea forestal con grandes plantas de celulosa, el sector energ\u00e9tico, saneamiento ambiental y tambi\u00e9n actividades pesqueras, entre otras\u201d, afirma.<\/p>\n<p style=\"text-align: justify;\"><strong>Cifras de la SMA en la regi\u00f3n<\/strong><br \/> La Regi\u00f3n del Biob\u00edo, a la fecha, existen un total de 997 unidades fiscalizables, las que agrupan a 1.223 proyectos con Resoluci\u00f3n de Calificaci\u00f3n Ambiental (RCA). Esta diferencia se produce porque algunas faenas cuentan con m\u00e1s de una RCA. Esta zona concentra un 8,2% de las RCA que se han otorgado en el pa\u00eds.<\/p>\n<p style=\"text-align: justify;\">De acuerdo a la tipolog\u00eda de proyectos, seg\u00fan la clasificaci\u00f3n del Servicio de Evaluaci\u00f3n Ambiental, en la zona predominan las instalaciones de saneamiento ambiental (25%), seguidas por el sector energ\u00e9tico (11%) y el inmobiliario (10%).<br \/> Desde que la SMA comenz\u00f3 sus funciones, a fines de 2012, ha realizado 70 actividades de inspecci\u00f3n en la zona. A la par, se han realizado 1.132 actividades de fiscalizaci\u00f3n correspondientes a ex\u00e1menes de informaci\u00f3n ambiental entregadas por las compa\u00f1\u00edas que operan en la zona.<\/p>\n<p style=\"text-align: justify;\">En el caso de los procesos sancionatorios, en la regi\u00f3n se han iniciado 13 procedimientos. De estos, 3 corresponden al sector energ\u00eda, 2 a industrias fabriles y 2 a proyectos de saneamiento ambiental. Entre las materias ambientales m\u00e1s relevantes asociadas a infracciones, est\u00e1n las superaciones a la normativa de residuos l\u00edquidos y s\u00f3lidos, como tambi\u00e9n las emisiones atmosf\u00e9ricas.<\/p>\n<p>&nbsp;<\/p>\n","protected":false},"excerpt":{"rendered":"<p>El Superintendente del Medio Ambiente, Cristi\u00e1n Franz, cort\u00f3 la cinta de las nuevas dependencias ubicadas en el centro de Concepci\u00f3n. Con esta apertura, la SMA contabiliza 5 oficinas en regiones.<\/p>\n","protected":false},"author":3,"featured_media":16283,"comment_status":"open","ping_status":"open","sticky":false,"template":"","format":"standard","meta":{"footnotes":""},"categories":[90],"tags":[],"class_list":["post-16284","post","type-post","status-publish","format-standard","has-post-thumbnail","hentry","category-comunicados-noticias"],"_links":{"self":[{"href":"https:\/\/portal.sma.gob.cl\/index.php\/wp-json\/wp\/v2\/posts\/16284","targetHints":{"allow":["GET"]}}],"collection":[{"href":"https:\/\/portal.sma.gob.cl\/index.php\/wp-json\/wp\/v2\/posts"}],"about":[{"href":"https:\/\/portal.sma.gob.cl\/index.php\/wp-json\/wp\/v2\/types\/post"}],"author":[{"embeddable":true,"href":"https:\/\/portal.sma.gob.cl\/index.php\/wp-json\/wp\/v2\/users\/3"}],"replies":[{"embeddable":true,"href":"https:\/\/portal.sma.gob.cl\/index.php\/wp-json\/wp\/v2\/comments?post=16284"}],"version-history":[{"count":0,"href":"https:\/\/portal.sma.gob.cl\/index.php\/wp-json\/wp\/v2\/posts\/16284\/revisions"}],"wp:featuredmedia":[{"embeddable":true,"href":"https:\/\/portal.sma.gob.cl\/index.php\/wp-json\/wp\/v2\/media\/16283"}],"wp:attachment":[{"href":"https:\/\/portal.sma.gob.cl\/index.php\/wp-json\/wp\/v2\/media?parent=16284"}],"wp:term":[{"taxonomy":"category","embeddable":true,"href":"https:\/\/portal.sma.gob.cl\/index.php\/wp-json\/wp\/v2\/categories?post=16284"},{"taxonomy":"post_tag","embeddable":true,"href":"https:\/\/portal.sma.gob.cl\/index.php\/wp-json\/wp\/v2\/tags?post=16284"}],"curies":[{"name":"wp","href":"https:\/\/api.w.org\/{rel}","templated":true}]}}