{"id":16286,"date":"2015-09-25T19:46:16","date_gmt":"2015-09-25T19:46:16","guid":{"rendered":"https:\/\/portal.sma.gob.cl\/index.php\/2015\/09\/25\/sma-reune-a-servicios-publicos-en-su-oficina-regional-del-biobio\/"},"modified":"2015-09-25T19:46:16","modified_gmt":"2015-09-25T19:46:16","slug":"sma-reune-a-servicios-publicos-en-su-oficina-regional-del-biobio","status":"publish","type":"post","link":"https:\/\/portal.sma.gob.cl\/index.php\/sma-reune-a-servicios-publicos-en-su-oficina-regional-del-biobio\/","title":{"rendered":"SMA re\u00fane a servicios p\u00fablicos en su Oficina Regional del Biob\u00edo"},"content":{"rendered":"<p><img decoding=\"async\" class=\"size-auto size-full wp-image-16285\" src=\"https:\/\/portal.sma.gob.cl\/wp-content\/uploads\/2015\/09\/760x360.jpg\" alt=\"760x360\" width=\"760\" height=\"360\" srcset=\"https:\/\/portal.sma.gob.cl\/wp-content\/uploads\/2015\/09\/760x360-200x95.jpg 200w, https:\/\/portal.sma.gob.cl\/wp-content\/uploads\/2015\/09\/760x360-300x142.jpg 300w, https:\/\/portal.sma.gob.cl\/wp-content\/uploads\/2015\/09\/760x360-400x189.jpg 400w, https:\/\/portal.sma.gob.cl\/wp-content\/uploads\/2015\/09\/760x360-600x284.jpg 600w, https:\/\/portal.sma.gob.cl\/wp-content\/uploads\/2015\/09\/760x360.jpg 760w\" sizes=\"(max-width: 760px) 100vw, 760px\" \/><\/p>\n<p style=\"text-align: justify;\"><strong>La primera actividad de la nueva sede de la SMA fue una reuni\u00f3n de la Red Nacional de Fiscalizaci\u00f3n Ambiental (RENFA), conformada por 16 servicios p\u00fablicos que colaboran en la fiscalizaci\u00f3n ambiental.<\/strong><\/p>\n<p>  <!--more-->  <\/p>\n<p style=\"text-align: justify;\"><strong>Concepci\u00f3n, 24 de septiembre de 2015.<\/strong> La primera actividad de la nueva oficina regional del Biob\u00edo de la SMA se realiz\u00f3 durante la tarde del jueves 24 de septiembre. El Superintendente del Medio Ambiente, Cristi\u00e1n Franz, encabez\u00f3 la reuni\u00f3n con los servicios p\u00fablicos que forman parte de Red Nacional de Fiscalizaci\u00f3n Ambiental (RENFA), y que agrupa a 16 servicios p\u00fablicos a nivel nacional.<\/p>\n<p style=\"text-align: justify;\">En la reuni\u00f3n particip\u00f3 la Jefa de la Oficina Regional del Biob\u00edo de la SMA, Emelina Zamorano, los fiscalizadores de esa regi\u00f3n, y tambi\u00e9n el Seremi de Medio Ambiente, Richard Vargas. Adem\u00e1s participaron variadas autoridades regionales de servicios que conforman la RENFA, como la Directora del Servicio Nacional de Pesca, Marta Araneda; el Jefe de Acuicultura, Carlos Navarro; el Director del Servicio de Geolog\u00eda y Miner\u00eda, H\u00e9ctor Contreras, junto al fiscalizador Alejandro Fonseca; el Director de Conaf, Jorge Morales; por la Direcci\u00f3n General de Aguas participaron la abogada Pamela Araya y el fiscalizador Luis D\u00edaz; y por parte de la Seremi de Salud participaron el Jefe Departamento Acci\u00f3n Sanitaria, Hugo Rojas, y el Encargado Regional Ambiental, Ernesto Bravo.<\/p>\n<p style=\"text-align: justify;\">En la reuni\u00f3n se revisaron las cifras de fiscalizaciones que se han llevado a cabo en la zona. Cabe destacar que en la Regi\u00f3n del Biob\u00edo, a la fecha, existen un total de 997 unidades fiscalizables, las que agrupan a 1.223 proyectos con Resoluci\u00f3n de Calificaci\u00f3n Ambiental (RCA). Esta diferencia se produce porque algunas faenas cuentan con m\u00e1s de una RCA. Esta zona concentra un 8,2% de las RCA que se han otorgado en el pa\u00eds.<br \/> A la par, se analizaron los m\u00e1s de 70 procesos de fiscalizaci\u00f3n que se han realizado desde 2013 a la fecha, los cuales se han efectuado con personal propio de la SMA y tambi\u00e9n con diferentes profesionales de los servicios p\u00fablicos que convoca la RENFA.<\/p>\n<p style=\"text-align: justify;\">El Superintendente Franz explic\u00f3 que desde la creaci\u00f3n de RENFA, en agosto de 2013, se ha buscado mejorar la coordinaci\u00f3n de la fiscalizaci\u00f3n ambiental en Chile, potenciando las labores que cada servicio p\u00fablico realiza en el marco de su experiencia profesional. A la vez, la SMA ha realizado cursos de capacitaci\u00f3n para los funcionarios de diversos servicios, algunos de ellos apoyados por especialistas de la Agencia de Protecci\u00f3n Ambiental (EPA), de Estados Unidos, tratando de difundir las mejores pr\u00e1cticas de fiscalizaci\u00f3n a nivel internacional.<\/p>\n<p style=\"text-align: justify;\">En la reuni\u00f3n se invit\u00f3 a todos los asistentes a participar de un taller que realizar\u00e1 la SMA en el mes de noviembre para todos los fiscalizadores que forman parte de los servicios asociados a la RENFA.<\/p>\n","protected":false},"excerpt":{"rendered":"<p>La primera actividad de la nueva sede de la SMA fue una reuni\u00f3n de la Red Nacional de Fiscalizaci\u00f3n Ambiental (RENFA), conformada por 16 servicios p\u00fablicos que colaboran en la fiscalizaci\u00f3n ambiental.<\/p>\n","protected":false},"author":3,"featured_media":16285,"comment_status":"open","ping_status":"open","sticky":false,"template":"","format":"standard","meta":{"footnotes":""},"categories":[90],"tags":[],"class_list":["post-16286","post","type-post","status-publish","format-standard","has-post-thumbnail","hentry","category-comunicados-noticias"],"_links":{"self":[{"href":"https:\/\/portal.sma.gob.cl\/index.php\/wp-json\/wp\/v2\/posts\/16286","targetHints":{"allow":["GET"]}}],"collection":[{"href":"https:\/\/portal.sma.gob.cl\/index.php\/wp-json\/wp\/v2\/posts"}],"about":[{"href":"https:\/\/portal.sma.gob.cl\/index.php\/wp-json\/wp\/v2\/types\/post"}],"author":[{"embeddable":true,"href":"https:\/\/portal.sma.gob.cl\/index.php\/wp-json\/wp\/v2\/users\/3"}],"replies":[{"embeddable":true,"href":"https:\/\/portal.sma.gob.cl\/index.php\/wp-json\/wp\/v2\/comments?post=16286"}],"version-history":[{"count":0,"href":"https:\/\/portal.sma.gob.cl\/index.php\/wp-json\/wp\/v2\/posts\/16286\/revisions"}],"wp:featuredmedia":[{"embeddable":true,"href":"https:\/\/portal.sma.gob.cl\/index.php\/wp-json\/wp\/v2\/media\/16285"}],"wp:attachment":[{"href":"https:\/\/portal.sma.gob.cl\/index.php\/wp-json\/wp\/v2\/media?parent=16286"}],"wp:term":[{"taxonomy":"category","embeddable":true,"href":"https:\/\/portal.sma.gob.cl\/index.php\/wp-json\/wp\/v2\/categories?post=16286"},{"taxonomy":"post_tag","embeddable":true,"href":"https:\/\/portal.sma.gob.cl\/index.php\/wp-json\/wp\/v2\/tags?post=16286"}],"curies":[{"name":"wp","href":"https:\/\/api.w.org\/{rel}","templated":true}]}}