{"id":16289,"date":"2015-09-29T21:12:09","date_gmt":"2015-09-29T21:12:09","guid":{"rendered":"https:\/\/portal.sma.gob.cl\/index.php\/2015\/09\/29\/superintendente-participa-en-conferencia-ambiental-en-china\/"},"modified":"2015-09-29T21:12:09","modified_gmt":"2015-09-29T21:12:09","slug":"superintendente-participa-en-conferencia-ambiental-en-china","status":"publish","type":"post","link":"https:\/\/portal.sma.gob.cl\/index.php\/superintendente-participa-en-conferencia-ambiental-en-china\/","title":{"rendered":"Superintendente participa en conferencia ambiental en China"},"content":{"rendered":"<p style=\"text-align: justify;\"><strong><img decoding=\"async\" class=\"size-auto size-full wp-image-16288\" src=\"https:\/\/portal.sma.gob.cl\/wp-content\/uploads\/2015\/09\/nota_China.jpg\" alt=\"nota China\" width=\"760\" height=\"360\" srcset=\"https:\/\/portal.sma.gob.cl\/wp-content\/uploads\/2015\/09\/nota_China-200x95.jpg 200w, https:\/\/portal.sma.gob.cl\/wp-content\/uploads\/2015\/09\/nota_China-300x142.jpg 300w, https:\/\/portal.sma.gob.cl\/wp-content\/uploads\/2015\/09\/nota_China-400x189.jpg 400w, https:\/\/portal.sma.gob.cl\/wp-content\/uploads\/2015\/09\/nota_China-600x284.jpg 600w, https:\/\/portal.sma.gob.cl\/wp-content\/uploads\/2015\/09\/nota_China.jpg 760w\" sizes=\"(max-width: 760px) 100vw, 760px\" \/><\/strong><\/p>\n<p style=\"text-align: justify;\"><strong>El gobierno de ese pa\u00eds invit\u00f3 al Superintendente Franz a exponer el rol fiscalizador y sancionador de la SMA, respecto de materias de contaminaci\u00f3n ambiental en Chile.<\/strong><\/p>\n<p style=\"text-align: justify;\"><strong>Beijing, 29 de septiembre de 2015.<\/strong> El Superintendente del Medio Ambiente, Cristi\u00e1n Franz, realiz\u00f3 esta ma\u00f1ana una exposici\u00f3n en el panel N\u00b03 de la Conferencia \u201cClean Air in China Through Effective Compliance and Enforcement\u201d que se lleva a cabo en la ciudad de Beijing, China, durante esta semana y en el cual participan expertos de organismos internacionales y autoridades de diferentes pa\u00edses, tales como Taiw\u00e1n, Estados Unidos, Australia, Inglaterra, China, etc.<\/p>\n<p style=\"text-align: justify;\">El Superintendente fue invitado por el Subcomit\u00e9 de Cumplimiento Ambiental del Ministerio de Protecci\u00f3n Ambiental del gobierno de China a exponer en el panel \u201cComparaci\u00f3n de enfoques gubernamentales para lograr el cumplimiento de normativas sobre contaminaci\u00f3n atmosf\u00e9rica\u201d de la aludida conferencia. En \u00e9ste m\u00f3dulo, las m\u00e1ximas autoridades de las entidades de fiscalizaci\u00f3n ambiental de Inglaterra, Australia, del Estado de California y de Chile, presentaron el estado actual de la poluci\u00f3n del aire en sus respectivos pa\u00edses; posteriormente efectuaron un repaso a la normativa ambiental vigente, gener\u00e1ndose luego un di\u00e1logo sobre los desaf\u00edos que presenta la fiscalizaci\u00f3n de los instrumentos ambientales que regulan la materia a nivel internacional.<\/p>\n<p style=\"text-align: justify;\">En su viaje a China, el Superintendente Franz participar\u00e1 tambi\u00e9n en una reuni\u00f3n cerrada convocada por el Comit\u00e9 Ejecutivo de la International Network for Environmental Compliance and Enforcement (INECE). Este organismo invit\u00f3 recientemente al m\u00e1ximo titular de la SMA a integrar, como miembro permanente, su Comit\u00e9 Ejecutivo durante los pr\u00f3ximos cuatro a\u00f1os.<\/p>\n<p style=\"text-align: justify;\">La discusi\u00f3n que se desarrollar\u00e1 en la sesi\u00f3n del Comit\u00e9 Ejecutivo del d\u00eda mi\u00e9rcoles 30 de septiembre abordar\u00e1 el Plan de Trabajo Estrat\u00e9gico para el largo plazo de INECE. El actual plan estrat\u00e9gico rige para el per\u00edodo 2012-2017, por lo que se requiere que los miembros del Comit\u00e9 Ejecutivo perfilen desde ya los nuevos desaf\u00edos a abordar en el quinquenio 2017-2022.<\/p>\n<p style=\"text-align: justify;\">Cabe recordar que INECE es el organismo que congrega a m\u00e1s de 150 entidades de fiscalizaci\u00f3n y cumplimiento ambiental del mundo. Su objetivo es mejorar la fiscalizaci\u00f3n y el cumplimiento ambiental; desarrollar redes para la cooperaci\u00f3n en el cumplimiento ambiental; y fortalecer la capacidad para implementar acciones fiscalizadoras de exigencias ambientales. La misi\u00f3n de INECE es contribuir al cuidado de un medioambiente libre y saludable, al uso sustentable de los recursos naturales y a la protecci\u00f3n de los ecosistemas a trav\u00e9s de una efectiva fiscalizaci\u00f3n y sanci\u00f3n ambiental.<\/p>\n","protected":false},"excerpt":{"rendered":"<p>El gobierno de ese pa\u00eds invit\u00f3 al Superintendente Franz a exponer el rol fiscalizador y sancionador de la SMA, respecto de materias de contaminaci\u00f3n ambiental en Chile. Beijing, 29 de septiembre de 2015. El Superintendente del Medio Ambiente, Cristi\u00e1n Franz, realiz\u00f3 esta ma\u00f1ana una exposici\u00f3n en el panel N\u00b03 de la Conferencia \u201cClean Air in China <a href=\"https:\/\/portal.sma.gob.cl\/index.php\/superintendente-participa-en-conferencia-ambiental-en-china\/\">Leer m\u00e1s<\/a><\/p>\n","protected":false},"author":3,"featured_media":16288,"comment_status":"open","ping_status":"open","sticky":false,"template":"","format":"standard","meta":{"footnotes":""},"categories":[94],"tags":[],"class_list":["post-16289","post","type-post","status-publish","format-standard","has-post-thumbnail","hentry","category-notas-noticias"],"_links":{"self":[{"href":"https:\/\/portal.sma.gob.cl\/index.php\/wp-json\/wp\/v2\/posts\/16289","targetHints":{"allow":["GET"]}}],"collection":[{"href":"https:\/\/portal.sma.gob.cl\/index.php\/wp-json\/wp\/v2\/posts"}],"about":[{"href":"https:\/\/portal.sma.gob.cl\/index.php\/wp-json\/wp\/v2\/types\/post"}],"author":[{"embeddable":true,"href":"https:\/\/portal.sma.gob.cl\/index.php\/wp-json\/wp\/v2\/users\/3"}],"replies":[{"embeddable":true,"href":"https:\/\/portal.sma.gob.cl\/index.php\/wp-json\/wp\/v2\/comments?post=16289"}],"version-history":[{"count":0,"href":"https:\/\/portal.sma.gob.cl\/index.php\/wp-json\/wp\/v2\/posts\/16289\/revisions"}],"wp:featuredmedia":[{"embeddable":true,"href":"https:\/\/portal.sma.gob.cl\/index.php\/wp-json\/wp\/v2\/media\/16288"}],"wp:attachment":[{"href":"https:\/\/portal.sma.gob.cl\/index.php\/wp-json\/wp\/v2\/media?parent=16289"}],"wp:term":[{"taxonomy":"category","embeddable":true,"href":"https:\/\/portal.sma.gob.cl\/index.php\/wp-json\/wp\/v2\/categories?post=16289"},{"taxonomy":"post_tag","embeddable":true,"href":"https:\/\/portal.sma.gob.cl\/index.php\/wp-json\/wp\/v2\/tags?post=16289"}],"curies":[{"name":"wp","href":"https:\/\/api.w.org\/{rel}","templated":true}]}}