{"id":16293,"date":"2015-10-07T19:00:07","date_gmt":"2015-10-07T19:00:07","guid":{"rendered":"https:\/\/portal.sma.gob.cl\/index.php\/2015\/10\/07\/sma-inaugura-oficina-regional-de-valparaiso\/"},"modified":"2015-10-07T19:00:07","modified_gmt":"2015-10-07T19:00:07","slug":"sma-inaugura-oficina-regional-de-valparaiso","status":"publish","type":"post","link":"https:\/\/portal.sma.gob.cl\/index.php\/sma-inaugura-oficina-regional-de-valparaiso\/","title":{"rendered":"SMA inaugura Oficina Regional de Valpara\u00edso"},"content":{"rendered":"<p><strong><img decoding=\"async\" class=\"size-auto size-full wp-image-16292\" src=\"https:\/\/portal.sma.gob.cl\/wp-content\/uploads\/2015\/10\/nota_valpo.jpg\" alt=\"nota valpo\" width=\"760\" height=\"360\" srcset=\"https:\/\/portal.sma.gob.cl\/wp-content\/uploads\/2015\/10\/nota_valpo-200x95.jpg 200w, https:\/\/portal.sma.gob.cl\/wp-content\/uploads\/2015\/10\/nota_valpo-300x142.jpg 300w, https:\/\/portal.sma.gob.cl\/wp-content\/uploads\/2015\/10\/nota_valpo-400x189.jpg 400w, https:\/\/portal.sma.gob.cl\/wp-content\/uploads\/2015\/10\/nota_valpo-600x284.jpg 600w, https:\/\/portal.sma.gob.cl\/wp-content\/uploads\/2015\/10\/nota_valpo.jpg 760w\" sizes=\"(max-width: 760px) 100vw, 760px\" \/><\/strong><\/p>\n<p style=\"text-align: justify;\"><strong>El Superintendente del Medio Ambiente, Cristi\u00e1n Franz, cort\u00f3 la cinta de las nuevas dependencias ubicadas en el centro de la ciudad puerto. Con esta apertura, la SMA contabiliza 6 oficinas en regiones.<\/strong><\/p>\n<p>  <!--more-->  <\/p>\n<p style=\"text-align: justify;\"><strong>Valpara\u00edso, 7 de septiembre de 2015.<\/strong> Esta ma\u00f1ana el Superintendente del Medio Ambiente, Cristi\u00e1n Franz, realiz\u00f3 el corte de cinta de la Oficina Regional de Valpara\u00edso de la SMA. En la ceremonia particip\u00f3 tambi\u00e9n el Intendente de Valpara\u00edso, Gabriel Aldoney; el Gobernador de Valpara\u00edso, Omar Jara; la Seremi del Medio Ambiente, Tania Bertoglio; el Director del Servicio de Evaluaci\u00f3n Ambiental, Alberto Acu\u00f1a, entre otros personeros de Gobierno.<\/p>\n<p style=\"text-align: justify;\">Franz explic\u00f3 que con esta nueva sede la SMA completa la instalaci\u00f3n de 6 oficinas regionales, junto a las ya existentes en Antofagasta, Copiap\u00f3, Santiago, Concepci\u00f3n y Valdivia. Expres\u00f3 que con esta tercera inauguraci\u00f3n del a\u00f1o se cumple con la meta propuesta para 2015 y se avanza para cumplir con el programa de Gobierno de la Presidenta Michelle Bachelet, que apunta a dotar a este organismo fiscalizador de oficinas en todas las regiones del pa\u00eds.<br \/> \u201cEsta nueva oficina nos permitir\u00e1 seguir desplegando nuestra labor fiscalizadora en una regi\u00f3n caracterizada por zonas muy complejas desde el punto de vista ambiental. Debemos comprender que este es un proceso de instalaci\u00f3n, pues la SMA reci\u00e9n cumplir\u00e1 3 a\u00f1os de operaci\u00f3n en diciembre. Este es un primer paso en la regi\u00f3n de Valpara\u00edso\u201d, afirm\u00f3 el Superintendente Franz.<\/p>\n<p style=\"text-align: justify;\">A la vez, destac\u00f3 que en la labor fiscalizadora la SMA no est\u00e1 sola. \u201cEn agosto de 2013 se inici\u00f3 el proceso de creaci\u00f3n la Red Nacional de Fiscalizaci\u00f3n Ambiental (RENFA), que convoca a 16 servicios p\u00fablicos. Esta oficina regional nos ayudar\u00e1 a articular de la mejor manera posible el funcionamiento de RENFA en Valpara\u00edso, lo que permitir\u00e1 coordinamos para hacer una mejor fiscalizaci\u00f3n para todos los chilenos y chilenas\u201d, dijo el Superintendente Franz.<\/p>\n<p style=\"text-align: justify;\">La Oficina Regional de Valpara\u00edso est\u00e1 encabezada por Sergio de la Barrera, quien es ingeniero civil bioqu\u00edmico de la U. Cat\u00f3lica de Valpara\u00edso y m\u00e1ster en Contaminaci\u00f3n Ambiental de la Universidad Polit\u00e9cnica de Madrid. Anteriormente se desempe\u00f1\u00f3 como jefe de proyectos del Centro Nacional del Medio Ambiente. \u201cAsumo el desaf\u00edo de iniciar las labores de esta oficina que contar\u00e1 con tres fiscalizadores y un abogado. Valpara\u00edso es una zona compleja, con todo tipo de actividades industriales, donde la energ\u00eda y miner\u00eda tienen una alta incidencia, como tambi\u00e9n construcciones, saneamiento ambiental, etc. Trabajaremos por mejorar d\u00eda a d\u00eda nuestros procedimientos y para dar respuesta a quienes presentan denuncias\u201d, asegura.<\/p>\n<p style=\"text-align: justify;\"><strong>Cifras de la SMA en la regi\u00f3n<\/strong><br \/> La Regi\u00f3n de Valpara\u00edso, a la fecha, existen un total de 575 unidades fiscalizables, las que agrupan a 687 proyectos con Resoluci\u00f3n de Calificaci\u00f3n Ambiental (RCA). Esta diferencia se produce porque algunas faenas cuentan con m\u00e1s de una RCA. Esta zona concentra un 4,6% de las RCA que se han otorgado en el pa\u00eds.<br \/> De acuerdo a la tipolog\u00eda de proyectos, seg\u00fan la clasificaci\u00f3n del Servicio de Evaluaci\u00f3n Ambiental, en la zona predominan las instalaciones de saneamiento ambiental (24%), seguidas por el sector energ\u00e9tico (11%) y el minero (9%).<\/p>\n<p style=\"text-align: justify;\">Desde que la SMA comenz\u00f3 sus funciones, a fines de 2012, ha realizado 56 actividades de inspecci\u00f3n en la zona. A la par, se han realizado 657 actividades de fiscalizaci\u00f3n correspondientes a ex\u00e1menes de informaci\u00f3n ambiental entregadas por las compa\u00f1\u00edas que operan en la zona.<\/p>\n<p style=\"text-align: justify;\">Dentro de estas \u00faltimas actividades, cabe destacar 14 fiscalizaciones realizadas a 6 centrales termoel\u00e9ctricas en la zona. De esas inspecciones, 8 fueron derivadas a la Divisi\u00f3n de Sanciones porque se detectaron hallazgos que podr\u00edan constituir infracciones a la normativa.<\/p>\n<p style=\"text-align: justify;\">En el caso de los procesos sancionatorios, en la regi\u00f3n se han iniciado 20 procedimientos. De estos, 4 corresponden al sector minero y 3 al sector energ\u00eda. Del total de procesos, 3 han terminado a firme con multas que ascienden a un total de 5.606 Unidades Tributarias Anuales (UTA), equivalentes a $2.997 millones. Ese total se desglosa de la siguientes manera: Multa y cierre de planta Tecnorec de San Antonio (175 UTA), sancionatorio contra Puerto Ventanas por bodega de concentrados de cobre (132 UTA) y sancionatorio contra Mina El Soldado de Angloamerican por 5.229 UTA.<\/p>\n","protected":false},"excerpt":{"rendered":"<p>El Superintendente del Medio Ambiente, Cristi\u00e1n Franz, cort\u00f3 la cinta de las nuevas dependencias ubicadas en el centro de la ciudad puerto. Con esta apertura, la SMA contabiliza 6 oficinas en regiones.<\/p>\n","protected":false},"author":3,"featured_media":16292,"comment_status":"open","ping_status":"open","sticky":false,"template":"","format":"standard","meta":{"footnotes":""},"categories":[90],"tags":[],"class_list":["post-16293","post","type-post","status-publish","format-standard","has-post-thumbnail","hentry","category-comunicados-noticias"],"_links":{"self":[{"href":"https:\/\/portal.sma.gob.cl\/index.php\/wp-json\/wp\/v2\/posts\/16293","targetHints":{"allow":["GET"]}}],"collection":[{"href":"https:\/\/portal.sma.gob.cl\/index.php\/wp-json\/wp\/v2\/posts"}],"about":[{"href":"https:\/\/portal.sma.gob.cl\/index.php\/wp-json\/wp\/v2\/types\/post"}],"author":[{"embeddable":true,"href":"https:\/\/portal.sma.gob.cl\/index.php\/wp-json\/wp\/v2\/users\/3"}],"replies":[{"embeddable":true,"href":"https:\/\/portal.sma.gob.cl\/index.php\/wp-json\/wp\/v2\/comments?post=16293"}],"version-history":[{"count":0,"href":"https:\/\/portal.sma.gob.cl\/index.php\/wp-json\/wp\/v2\/posts\/16293\/revisions"}],"wp:featuredmedia":[{"embeddable":true,"href":"https:\/\/portal.sma.gob.cl\/index.php\/wp-json\/wp\/v2\/media\/16292"}],"wp:attachment":[{"href":"https:\/\/portal.sma.gob.cl\/index.php\/wp-json\/wp\/v2\/media?parent=16293"}],"wp:term":[{"taxonomy":"category","embeddable":true,"href":"https:\/\/portal.sma.gob.cl\/index.php\/wp-json\/wp\/v2\/categories?post=16293"},{"taxonomy":"post_tag","embeddable":true,"href":"https:\/\/portal.sma.gob.cl\/index.php\/wp-json\/wp\/v2\/tags?post=16293"}],"curies":[{"name":"wp","href":"https:\/\/api.w.org\/{rel}","templated":true}]}}