{"id":16295,"date":"2015-10-09T15:12:48","date_gmt":"2015-10-09T15:12:48","guid":{"rendered":"https:\/\/portal.sma.gob.cl\/index.php\/2015\/10\/09\/sma-realiza-segundo-ensayo-de-intercomparacion-para-laboratorios-de-calidad-del-aire\/"},"modified":"2015-10-09T15:12:48","modified_gmt":"2015-10-09T15:12:48","slug":"sma-realiza-segundo-ensayo-de-intercomparacion-para-laboratorios-de-calidad-del-aire","status":"publish","type":"post","link":"https:\/\/portal.sma.gob.cl\/index.php\/sma-realiza-segundo-ensayo-de-intercomparacion-para-laboratorios-de-calidad-del-aire\/","title":{"rendered":"SMA realiza segundo ensayo de intercomparaci\u00f3n para laboratorios de calidad del aire"},"content":{"rendered":"<p><strong style=\"font-size: 12.16px; line-height: 1.3em;\"><img decoding=\"async\" class=\"size-auto size-full wp-image-16294\" src=\"https:\/\/portal.sma.gob.cl\/wp-content\/uploads\/2015\/10\/Ejercicio_NOTA.jpg\" alt=\"Ejercicio NOTA\" width=\"760\" height=\"360\" srcset=\"https:\/\/portal.sma.gob.cl\/wp-content\/uploads\/2015\/10\/Ejercicio_NOTA-200x95.jpg 200w, https:\/\/portal.sma.gob.cl\/wp-content\/uploads\/2015\/10\/Ejercicio_NOTA-300x142.jpg 300w, https:\/\/portal.sma.gob.cl\/wp-content\/uploads\/2015\/10\/Ejercicio_NOTA-400x189.jpg 400w, https:\/\/portal.sma.gob.cl\/wp-content\/uploads\/2015\/10\/Ejercicio_NOTA-600x284.jpg 600w, https:\/\/portal.sma.gob.cl\/wp-content\/uploads\/2015\/10\/Ejercicio_NOTA.jpg 760w\" sizes=\"(max-width: 760px) 100vw, 760px\" \/><\/strong><\/p>\n<p><strong style=\"font-size: 12.16px; line-height: 1.3em;\">La Superintendencia del Medio Ambiente (SMA) realiz\u00f3 en dependencias del Ministerio de Medio Ambiente la intercomparaci\u00f3n a 3 laboratorios que realizan mediciones de calidad del aire.<\/strong><\/p>\n<p>  <!--more-->  <\/p>\n<p><strong>Santiago, 9 de octubre de 2015<\/strong>. La Secci\u00f3n de Autorizaci\u00f3n y Seguimiento a Terceros de la Divisi\u00f3n de Fiscalizaci\u00f3n de la Superintendencia del Medio Ambiente (SMA), llev\u00f3 a cabo el Segundo Ensayo de Intercomparaci\u00f3n para la Medici\u00f3n de Par\u00e1metros de Calidad del Aire (EA-SMA-02-15).<\/p>\n<p>Esta actividad forma parte del Programa de Seguimiento y Control (PSC) que la Divisi\u00f3n de Fiscalizaci\u00f3n est\u00e1 implementado para la evaluaci\u00f3n permanente del desempe\u00f1o de las Entidades T\u00e9cnicas que sean autorizadas por la SMA, para efectos de mantener o renovar sus autorizaciones.<\/p>\n<p>El ejercicio se llev\u00f3 a cabo en dependencias del laboratorio de la Red MACAM del Ministerio del Medio Ambiente, instituci\u00f3n que particip\u00f3 como laboratorio de referencia en esta actividad, ya que cuenta con acreditaci\u00f3n en la norma ISO\/IEC 17025:2005 en esta materia.&nbsp;<\/p>\n<p>En el ensayo se realizaron mediciones de SO2 (Di\u00f3xido de Azufre) y tuvo una duraci\u00f3n de dos d\u00edas (7 y 8 de octubre). En esta oportunidad participaron profesionales de los laboratorios Servicios y Proyectos &nbsp;Ambientales (SERPRAM), SGS Chile Sociedad de Control, y Asesor\u00edas Algoritmos.<\/p>\n","protected":false},"excerpt":{"rendered":"<p>La Superintendencia del Medio Ambiente (SMA) realiz\u00f3 en dependencias del Ministerio de Medio Ambiente la intercomparaci\u00f3n a 3 laboratorios que realizan mediciones de calidad del aire.<\/p>\n","protected":false},"author":3,"featured_media":16294,"comment_status":"open","ping_status":"open","sticky":false,"template":"","format":"standard","meta":{"footnotes":""},"categories":[94],"tags":[],"class_list":["post-16295","post","type-post","status-publish","format-standard","has-post-thumbnail","hentry","category-notas-noticias"],"_links":{"self":[{"href":"https:\/\/portal.sma.gob.cl\/index.php\/wp-json\/wp\/v2\/posts\/16295","targetHints":{"allow":["GET"]}}],"collection":[{"href":"https:\/\/portal.sma.gob.cl\/index.php\/wp-json\/wp\/v2\/posts"}],"about":[{"href":"https:\/\/portal.sma.gob.cl\/index.php\/wp-json\/wp\/v2\/types\/post"}],"author":[{"embeddable":true,"href":"https:\/\/portal.sma.gob.cl\/index.php\/wp-json\/wp\/v2\/users\/3"}],"replies":[{"embeddable":true,"href":"https:\/\/portal.sma.gob.cl\/index.php\/wp-json\/wp\/v2\/comments?post=16295"}],"version-history":[{"count":0,"href":"https:\/\/portal.sma.gob.cl\/index.php\/wp-json\/wp\/v2\/posts\/16295\/revisions"}],"wp:featuredmedia":[{"embeddable":true,"href":"https:\/\/portal.sma.gob.cl\/index.php\/wp-json\/wp\/v2\/media\/16294"}],"wp:attachment":[{"href":"https:\/\/portal.sma.gob.cl\/index.php\/wp-json\/wp\/v2\/media?parent=16295"}],"wp:term":[{"taxonomy":"category","embeddable":true,"href":"https:\/\/portal.sma.gob.cl\/index.php\/wp-json\/wp\/v2\/categories?post=16295"},{"taxonomy":"post_tag","embeddable":true,"href":"https:\/\/portal.sma.gob.cl\/index.php\/wp-json\/wp\/v2\/tags?post=16295"}],"curies":[{"name":"wp","href":"https:\/\/api.w.org\/{rel}","templated":true}]}}