{"id":16303,"date":"2015-10-19T17:46:02","date_gmt":"2015-10-19T17:46:02","guid":{"rendered":"https:\/\/portal.sma.gob.cl\/index.php\/2015\/10\/19\/sma-celebra-su-aniversario-n-5\/"},"modified":"2015-10-19T17:46:02","modified_gmt":"2015-10-19T17:46:02","slug":"sma-celebra-su-aniversario-n-5","status":"publish","type":"post","link":"https:\/\/portal.sma.gob.cl\/index.php\/sma-celebra-su-aniversario-n-5\/","title":{"rendered":"SMA celebra su aniversario N\u00b0 5"},"content":{"rendered":"<p style=\"text-align: justify;\"><strong><img decoding=\"async\" class=\"size-auto size-full wp-image-16302\" src=\"https:\/\/portal.sma.gob.cl\/wp-content\/uploads\/2015\/10\/galardonados_NOTA.jpg\" alt=\"galardonados NOTA\" width=\"760\" height=\"360\" srcset=\"https:\/\/portal.sma.gob.cl\/wp-content\/uploads\/2015\/10\/galardonados_NOTA-200x95.jpg 200w, https:\/\/portal.sma.gob.cl\/wp-content\/uploads\/2015\/10\/galardonados_NOTA-300x142.jpg 300w, https:\/\/portal.sma.gob.cl\/wp-content\/uploads\/2015\/10\/galardonados_NOTA-400x189.jpg 400w, https:\/\/portal.sma.gob.cl\/wp-content\/uploads\/2015\/10\/galardonados_NOTA-600x284.jpg 600w, https:\/\/portal.sma.gob.cl\/wp-content\/uploads\/2015\/10\/galardonados_NOTA.jpg 760w\" sizes=\"(max-width: 760px) 100vw, 760px\" \/><\/strong><\/p>\n<p style=\"text-align: justify;\"><strong>Con una ceremonia donde se entreg\u00f3 un reconocimiento a quienes cumplen 5 a\u00f1os en la instituci\u00f3n, se celebraron los 5 a\u00f1os de la Superintendencia de Medio Ambiente.<\/strong><\/p>\n<p>  <!--more-->  <\/p>\n<p style=\"text-align: justify;\"><strong>Santiago, 15 de octubre de 2015.<\/strong> El Superintendente del Medio Ambiente, Cristi\u00e1n Franz, encabez\u00f3 la ceremonia de aniversario n\u00famero 5 de la SMA, realizada con los m\u00e1s de 150 funcionarios que forman parte de la instituci\u00f3n.<\/p>\n<p style=\"text-align: justify;\">\u201cTal como lo he se\u00f1alado en otras oportunidades, doy las gracias y me considero afortunado de poder dirigir a este magn\u00edfico grupo humano. Ustedes que son los funcionarios que inauguran esta instituci\u00f3n, est\u00e1n haciendo historia al ser parte de la primera generaci\u00f3n de esta Superintendencia; un equipo pionero que est\u00e1 sentando las bases de una instituci\u00f3n fuerte y respetada\u201d, afirm\u00f3 el Superintendente.<\/p>\n<p style=\"text-align: justify;\">En la ceremonia tambi\u00e9n se entreg\u00f3 un reconocimiento a cinco funcionarios que forman parte de la SMA desde su inicio, cumpliendo 5 a\u00f1os en la instituci\u00f3n. Los galardonados fueron Claudia Pastore, Sandra Inostroza y Jos\u00e9 Bast\u00edas, todos de la Divisi\u00f3n de Fiscalizaci\u00f3n; Vicky Cruz y V\u00edctor S\u00e1ez, ambos funcionarios de Gabinete.<\/p>\n<hr \/>\n<p style=\"text-align: justify;\">&nbsp;<\/p>\n<p style=\"text-align: justify;\">Ver&nbsp;<a class=\"doclink\" href=\"index.php?option=com_docman&amp;task=doc_download&amp;gid=371&amp;Itemid=280\"><img decoding=\"async\" class=\" size-full wp-image-15480\" src=\"https:\/\/portal.sma.gob.cl\/wp-content\/uploads\/2012\/07\/pdf.png\" alt=\"icon\" border=\"0\" width=\"16\" height=\"16\" \/>&nbsp;Discurso Superintendente Aniversario 5<\/a><\/p>\n","protected":false},"excerpt":{"rendered":"<p>Con una ceremonia donde se entreg\u00f3 un reconocimiento a quienes cumplen 5 a\u00f1os en la instituci\u00f3n, se celebraron los 5 a\u00f1os de la Superintendencia de Medio Ambiente.<\/p>\n","protected":false},"author":3,"featured_media":16302,"comment_status":"open","ping_status":"open","sticky":false,"template":"","format":"standard","meta":{"footnotes":""},"categories":[94],"tags":[],"class_list":["post-16303","post","type-post","status-publish","format-standard","has-post-thumbnail","hentry","category-notas-noticias"],"_links":{"self":[{"href":"https:\/\/portal.sma.gob.cl\/index.php\/wp-json\/wp\/v2\/posts\/16303","targetHints":{"allow":["GET"]}}],"collection":[{"href":"https:\/\/portal.sma.gob.cl\/index.php\/wp-json\/wp\/v2\/posts"}],"about":[{"href":"https:\/\/portal.sma.gob.cl\/index.php\/wp-json\/wp\/v2\/types\/post"}],"author":[{"embeddable":true,"href":"https:\/\/portal.sma.gob.cl\/index.php\/wp-json\/wp\/v2\/users\/3"}],"replies":[{"embeddable":true,"href":"https:\/\/portal.sma.gob.cl\/index.php\/wp-json\/wp\/v2\/comments?post=16303"}],"version-history":[{"count":0,"href":"https:\/\/portal.sma.gob.cl\/index.php\/wp-json\/wp\/v2\/posts\/16303\/revisions"}],"wp:featuredmedia":[{"embeddable":true,"href":"https:\/\/portal.sma.gob.cl\/index.php\/wp-json\/wp\/v2\/media\/16302"}],"wp:attachment":[{"href":"https:\/\/portal.sma.gob.cl\/index.php\/wp-json\/wp\/v2\/media?parent=16303"}],"wp:term":[{"taxonomy":"category","embeddable":true,"href":"https:\/\/portal.sma.gob.cl\/index.php\/wp-json\/wp\/v2\/categories?post=16303"},{"taxonomy":"post_tag","embeddable":true,"href":"https:\/\/portal.sma.gob.cl\/index.php\/wp-json\/wp\/v2\/tags?post=16303"}],"curies":[{"name":"wp","href":"https:\/\/api.w.org\/{rel}","templated":true}]}}