{"id":16307,"date":"2015-10-19T21:10:59","date_gmt":"2015-10-19T21:10:59","guid":{"rendered":"https:\/\/portal.sma.gob.cl\/index.php\/2015\/10\/19\/sma-formula-cargos-contra-el-taller-de-redes-aysen-por-incumplimientos-ambientales\/"},"modified":"2015-10-19T21:10:59","modified_gmt":"2015-10-19T21:10:59","slug":"sma-formula-cargos-contra-el-taller-de-redes-aysen-por-incumplimientos-ambientales","status":"publish","type":"post","link":"https:\/\/portal.sma.gob.cl\/index.php\/sma-formula-cargos-contra-el-taller-de-redes-aysen-por-incumplimientos-ambientales\/","title":{"rendered":"SMA formula cargos contra el \u201cTaller de Redes Ays\u00e9n\u201d por incumplimientos ambientales"},"content":{"rendered":"<p><strong><img decoding=\"async\" class=\"size-auto size-full wp-image-16306\" src=\"https:\/\/portal.sma.gob.cl\/wp-content\/uploads\/2015\/10\/Taller_de_redes_nota.jpg\" alt=\"Taller de redes nota\" width=\"760\" height=\"360\" srcset=\"https:\/\/portal.sma.gob.cl\/wp-content\/uploads\/2015\/10\/Taller_de_redes_nota-200x95.jpg 200w, https:\/\/portal.sma.gob.cl\/wp-content\/uploads\/2015\/10\/Taller_de_redes_nota-300x142.jpg 300w, https:\/\/portal.sma.gob.cl\/wp-content\/uploads\/2015\/10\/Taller_de_redes_nota-400x189.jpg 400w, https:\/\/portal.sma.gob.cl\/wp-content\/uploads\/2015\/10\/Taller_de_redes_nota-600x284.jpg 600w, https:\/\/portal.sma.gob.cl\/wp-content\/uploads\/2015\/10\/Taller_de_redes_nota.jpg 760w\" sizes=\"(max-width: 760px) 100vw, 760px\" \/><\/strong><\/p>\n<p><strong>La Superintendencia del Medio Ambiente (SMA) fiscaliz\u00f3 la instalaci\u00f3n ubicada en Ays\u00e9n detectando diversos hallazgos como el escurrimiento de residuos industriales.<\/strong><\/p>\n<p>  <!--more-->  <\/p>\n<p><strong>Santiago, 19 de octubre 2015.<\/strong> La Superintendencia del Medio Ambiente procedi\u00f3 a formular cargos contra \u00darsula Margit Veloso, titular del Taller de Redes Ays\u00e9n\u201d, ubicado Puerto Ays\u00e9n. La instalaci\u00f3n, operada por la Sociedad B&amp;V, presta los servicios de lavado, reparaci\u00f3n, secado e impregnado de redes peceras o loberas, utilizadas en los centros de cultivo de salm\u00f3nidos de la zona, y cuenta con Resoluci\u00f3n de Calificaci\u00f3n Ambiental (RCA N\u00b0 762\/2006).<\/p>\n<p>Dicha instalaci\u00f3n fue inspeccionada como parte del Programa Anual de Fiscalizaci\u00f3n de la SMA en los a\u00f1os 2013 y 2014, detectando diversos incumplimientos, entre los que se encuentran:<\/p>\n<p>\u2022 Inexistencia de recipientes que permitan el almacenamiento en condiciones herm\u00e9ticas de los residuos org\u00e1nicos provenientes del acopio, lavado y reparaci\u00f3n de redes.<\/p>\n<p>\u2022 Deficiencias en el acopio de redes limpias, al no realizar el empaque de estas en mangas de polietileno.<\/p>\n<p>\u2022 Escurrimiento de residuos industriales l\u00edquidos color rojo, provenientes de la losa que contiene las redes limpias e impregnadas con pintura antiincrustante, hacia el canal perimetral del predio vecino. Dicho canal descarga en el rio Turbio, a 100 metros de las instalaciones.<\/p>\n<p>\u2022 Acumulaci\u00f3n de redes sucias fuera del pretil de contenci\u00f3n destinado para ello.<\/p>\n<p>Dichas infracciones fueron calificadas como leves y graves. Cabe recordar, que la formulaci\u00f3n de cargos es el inicio de un procedimiento sancionatorio por parte de la SMA. A contar de la fecha de notificaci\u00f3n, el titular cuenta con 10 d\u00edas para presentar un Programa de Cumplimiento* , el cual le permitir\u00e1 ponerse al d\u00eda con sus obligaciones ambientales. Si no opta por esta v\u00eda, la empresa cuenta con 15 d\u00edas para la formulaci\u00f3n de descargos ante esta Superintendencia, tras lo cual contin\u00faa el procedimiento sancionatorio hasta su t\u00e9rmino.<\/p>\n<p>Para mayores detalles, acceder a la formulaci\u00f3n de cargos en el <a href=\"http:\/\/snifa.sma.gob.cl\/RegistroPublico\/ProcesoSancion\/VerExpediente?expediente=F-026-2015\">Sistema Nacional de Informaci\u00f3n de Fiscalizaci\u00f3n Ambiental (SNIFA).<\/a><\/p>\n<hr \/>\n<p>*<strong style=\"text-align: justify; font-size: 12.16px; line-height: 1.3em;\"><span style=\"font-size: 8pt;\">Programa de Cumplimiento:<\/span><\/strong><span style=\"font-size: 8pt;\"> Es un plan de acciones y metas presentado por el infractor, para que dentro de un plazo fijado por la Superintendencia, el titular cumpla sus obligaciones ambientales. Si la SMA aprueba dicho programa, se pone fin al procedimiento sancionatorio. No obstante, si el titular no cumple con los compromisos establecidos en dicho programa, arriesga hasta el doble de la multa original.<\/span><\/p>\n<p>&nbsp;<\/p>\n","protected":false},"excerpt":{"rendered":"<p>La Superintendencia del Medio Ambiente (SMA) fiscaliz\u00f3 la instalaci\u00f3n ubicada en Ays\u00e9n detectando diversos hallazgos como el escurrimiento de residuos industriales.<\/p>\n","protected":false},"author":3,"featured_media":16306,"comment_status":"open","ping_status":"open","sticky":false,"template":"","format":"standard","meta":{"footnotes":""},"categories":[90],"tags":[],"class_list":["post-16307","post","type-post","status-publish","format-standard","has-post-thumbnail","hentry","category-comunicados-noticias"],"_links":{"self":[{"href":"https:\/\/portal.sma.gob.cl\/index.php\/wp-json\/wp\/v2\/posts\/16307","targetHints":{"allow":["GET"]}}],"collection":[{"href":"https:\/\/portal.sma.gob.cl\/index.php\/wp-json\/wp\/v2\/posts"}],"about":[{"href":"https:\/\/portal.sma.gob.cl\/index.php\/wp-json\/wp\/v2\/types\/post"}],"author":[{"embeddable":true,"href":"https:\/\/portal.sma.gob.cl\/index.php\/wp-json\/wp\/v2\/users\/3"}],"replies":[{"embeddable":true,"href":"https:\/\/portal.sma.gob.cl\/index.php\/wp-json\/wp\/v2\/comments?post=16307"}],"version-history":[{"count":0,"href":"https:\/\/portal.sma.gob.cl\/index.php\/wp-json\/wp\/v2\/posts\/16307\/revisions"}],"wp:featuredmedia":[{"embeddable":true,"href":"https:\/\/portal.sma.gob.cl\/index.php\/wp-json\/wp\/v2\/media\/16306"}],"wp:attachment":[{"href":"https:\/\/portal.sma.gob.cl\/index.php\/wp-json\/wp\/v2\/media?parent=16307"}],"wp:term":[{"taxonomy":"category","embeddable":true,"href":"https:\/\/portal.sma.gob.cl\/index.php\/wp-json\/wp\/v2\/categories?post=16307"},{"taxonomy":"post_tag","embeddable":true,"href":"https:\/\/portal.sma.gob.cl\/index.php\/wp-json\/wp\/v2\/tags?post=16307"}],"curies":[{"name":"wp","href":"https:\/\/api.w.org\/{rel}","templated":true}]}}