{"id":16309,"date":"2015-10-19T10:49:55","date_gmt":"2015-10-19T10:49:55","guid":{"rendered":"https:\/\/portal.sma.gob.cl\/index.php\/2015\/10\/19\/sma-fortalece-las-competencias-de-su-equipo-de-fiscalizadores\/"},"modified":"2015-10-19T10:49:55","modified_gmt":"2015-10-19T10:49:55","slug":"sma-fortalece-las-competencias-de-su-equipo-de-fiscalizadores","status":"publish","type":"post","link":"https:\/\/portal.sma.gob.cl\/index.php\/sma-fortalece-las-competencias-de-su-equipo-de-fiscalizadores\/","title":{"rendered":"SMA fortalece las competencias de su equipo de fiscalizadores"},"content":{"rendered":"<p style=\"text-align: justify;\"><strong><img decoding=\"async\" class=\"size-auto size-full wp-image-16308\" src=\"https:\/\/portal.sma.gob.cl\/wp-content\/uploads\/2015\/10\/nota_capacitaci%C3%B3n.jpg\" alt=\"nota capacitaci\u00f3n\" width=\"760\" height=\"360\" \/><\/strong><\/p>\n<p style=\"text-align: justify;\"><strong>En tres jornadas se abordaron usos de equipos para mediciones de ruido, aire, agua y suelos; se analiz\u00f3 la Norma de Fundiciones y tambi\u00e9n se discuti\u00f3 sobre la evaluaci\u00f3n de riesgo y el manejo de conflictos socio-ambientales.<\/strong><\/p>\n<p>  <!--more-->  <\/p>\n<p style=\"text-align: justify;\"><strong>Santiago, 16 de octubre de 2015.<\/strong> Este viernes concluy\u00f3 la tercera jornada de capacitaci\u00f3n para los funcionarios de la Divisi\u00f3n de Fiscalizaci\u00f3n de la SMA. Entre las materias abordadas el primer d\u00eda se cont\u00f3 con cursos respecto de la nueva Norma de Fundiciones y el manejo de conflictos socio-ambientales.<\/p>\n<p style=\"text-align: justify;\">En la segunda jornada de capacitaci\u00f3n se abord\u00f3 el uso de equipos tecnol\u00f3gicos para la fiscalizaci\u00f3n en terreno respecto de mediciones de ruido y par\u00e1metros anal\u00edticos en aguas, aire y suelos.<\/p>\n<p style=\"text-align: justify;\">\u201cLos cursos buscaron entregar mejores herramientas para fortalecer las competencias de nuestro equipo en todas las materias que hoy tenemos una alta carga de trabajo. Seguiremos realizando capacitaciones a nuestros fiscalizadores como tambi\u00e9n a los profesionales que forman parte de los servicios p\u00fablicos que conforman la Red Nacional de Fiscalizaci\u00f3n Ambiental (RENFA)\u201d, asegur\u00f3 el jefe de la Divisi\u00f3n de Fiscalizaci\u00f3n, Rub\u00e9n Verdugo.<\/p>\n","protected":false},"excerpt":{"rendered":"<p>En tres jornadas se abordaron usos de equipos para mediciones de ruido, aire, agua y suelos; se analiz\u00f3 la Norma de Fundiciones y tambi\u00e9n se discuti\u00f3 sobre la evaluaci\u00f3n de riesgo y el manejo de conflictos socio-ambientales.<\/p>\n","protected":false},"author":3,"featured_media":16308,"comment_status":"open","ping_status":"open","sticky":false,"template":"","format":"standard","meta":{"footnotes":""},"categories":[94],"tags":[],"class_list":["post-16309","post","type-post","status-publish","format-standard","has-post-thumbnail","hentry","category-notas-noticias"],"_links":{"self":[{"href":"https:\/\/portal.sma.gob.cl\/index.php\/wp-json\/wp\/v2\/posts\/16309","targetHints":{"allow":["GET"]}}],"collection":[{"href":"https:\/\/portal.sma.gob.cl\/index.php\/wp-json\/wp\/v2\/posts"}],"about":[{"href":"https:\/\/portal.sma.gob.cl\/index.php\/wp-json\/wp\/v2\/types\/post"}],"author":[{"embeddable":true,"href":"https:\/\/portal.sma.gob.cl\/index.php\/wp-json\/wp\/v2\/users\/3"}],"replies":[{"embeddable":true,"href":"https:\/\/portal.sma.gob.cl\/index.php\/wp-json\/wp\/v2\/comments?post=16309"}],"version-history":[{"count":0,"href":"https:\/\/portal.sma.gob.cl\/index.php\/wp-json\/wp\/v2\/posts\/16309\/revisions"}],"wp:featuredmedia":[{"embeddable":true,"href":"https:\/\/portal.sma.gob.cl\/index.php\/wp-json\/wp\/v2\/media\/16308"}],"wp:attachment":[{"href":"https:\/\/portal.sma.gob.cl\/index.php\/wp-json\/wp\/v2\/media?parent=16309"}],"wp:term":[{"taxonomy":"category","embeddable":true,"href":"https:\/\/portal.sma.gob.cl\/index.php\/wp-json\/wp\/v2\/categories?post=16309"},{"taxonomy":"post_tag","embeddable":true,"href":"https:\/\/portal.sma.gob.cl\/index.php\/wp-json\/wp\/v2\/tags?post=16309"}],"curies":[{"name":"wp","href":"https:\/\/api.w.org\/{rel}","templated":true}]}}