{"id":16311,"date":"2015-10-21T14:27:06","date_gmt":"2015-10-21T14:27:06","guid":{"rendered":"https:\/\/portal.sma.gob.cl\/index.php\/2015\/10\/21\/sma-realizara-reuniones-regionales-con-organismos-sectoriales-en-el-marco-del-plan-de-trabajo-de-la-renfa\/"},"modified":"2015-10-21T14:27:06","modified_gmt":"2015-10-21T14:27:06","slug":"sma-realizara-reuniones-regionales-con-organismos-sectoriales-en-el-marco-del-plan-de-trabajo-de-la-renfa","status":"publish","type":"post","link":"https:\/\/portal.sma.gob.cl\/index.php\/sma-realizara-reuniones-regionales-con-organismos-sectoriales-en-el-marco-del-plan-de-trabajo-de-la-renfa\/","title":{"rendered":"SMA realizar\u00e1 reuniones regionales con Organismos Sectoriales en el marco del plan de trabajo de la RENFA."},"content":{"rendered":"<p><strong><img decoding=\"async\" class=\"size-auto size-full wp-image-16310\" src=\"https:\/\/portal.sma.gob.cl\/wp-content\/uploads\/2015\/10\/taller_regionalOS.jpg\" alt=\"taller regionalOS\" width=\"760\" height=\"360\" srcset=\"https:\/\/portal.sma.gob.cl\/wp-content\/uploads\/2015\/10\/taller_regionalOS-200x95.jpg 200w, https:\/\/portal.sma.gob.cl\/wp-content\/uploads\/2015\/10\/taller_regionalOS-300x142.jpg 300w, https:\/\/portal.sma.gob.cl\/wp-content\/uploads\/2015\/10\/taller_regionalOS-400x189.jpg 400w, https:\/\/portal.sma.gob.cl\/wp-content\/uploads\/2015\/10\/taller_regionalOS-600x284.jpg 600w, https:\/\/portal.sma.gob.cl\/wp-content\/uploads\/2015\/10\/taller_regionalOS.jpg 760w\" sizes=\"(max-width: 760px) 100vw, 760px\" \/><\/strong><\/p>\n<p><strong>Las actividades regionales buscan reforzar las capacidades de los funcionarios que desempe\u00f1an actividades de fiscalizaci\u00f3n, adem\u00e1s de reconocer las prioridades regionales de fiscalizaci\u00f3n de cada servicio p\u00fablico para el a\u00f1o 2016.<\/strong><\/p>\n<p>  <!--more-->  <\/p>\n<p style=\"text-align: justify;\"><strong>Santiago, 20 de octubre de 2015.<\/strong> En el marco del Plan de trabajo establecido por la Superintendencia del Medio Ambiente (SMA) para el a\u00f1o 2015, para la Red Nacional de Fiscalizaci\u00f3n Ambiental (RENFA), se ha definido desarrollar actividades destinadas a los funcionarios de los Organismos Sectoriales que desarrollan actividades de fiscalizaci\u00f3n ambiental.<\/p>\n<p style=\"text-align: justify;\">En dicho contexto, durante los meses de octubre y noviembre se contemplan desarrollar jornadas de trabajo a nivel regional, con la finalidad de:<br \/>\u2022 Presentar los alcances del instructivo de seguimiento ambiental (Resoluci\u00f3n N\u00b0 223\/2015 de la SMA).<br \/>\u2022 Explicar aspectos de herramienta inform\u00e1tica para la gesti\u00f3n de informes de seguimiento ambiental.<br \/>\u2022 Presentar proyecto de catastro de funcionarios que desempe\u00f1an actividades de fiscalizaci\u00f3n ambiental.<br \/>\u2022 Reforzar aspectos asociados a la planificaci\u00f3n de la inspecci\u00f3n ambiental y el llenado del acta respectiva.<br \/>\u2022 Revisar propuestas de programas de fiscalizaci\u00f3n de Resoluciones de Calificaci\u00f3n Ambiental para el a\u00f1o 2016.<\/p>\n<p style=\"text-align: justify;\">Una vez finalizadas las consultas regionales se realizaran reuniones con los Niveles Centrales de los Organismos Sectoriales, para ajustar y validar la programaci\u00f3n, as\u00ed como presentar los resultados de las reuniones de consulta regional.<\/p>\n<p><strong>En el mes de octubre se realizar\u00e1n las siguientes reuniones:<\/strong><br \/>\u2022 21-oct (mi\u00e9rcoles): Regi\u00f3n de Ays\u00e9n.<br \/>\u2022 23-oct (viernes): Regi\u00f3n de O\u2019Higgins.<br \/>\u2022 27-oct (martes): Regi\u00f3n Metropolitana y Regi\u00f3n de los R\u00edos.<br \/>\u2022 28-oct (mi\u00e9rcoles): Regi\u00f3n del Maule.<br \/>\u2022 29-oct (jueves): Regi\u00f3n de Antofagasta.<br \/>\u2022 30-oct (viernes): Regi\u00f3n de la Araucan\u00eda.<\/p>\n<p><strong>En noviembre corresponde la realizaci\u00f3n de las siguientes reuniones:<\/strong><br \/>\u2022 3-nov (martes): Regi\u00f3n de Arica y Parinacota, y Regi\u00f3n de los Lagos.<br \/>\u2022 4-nov (mi\u00e9rcoles): Regi\u00f3n de Atacama y Regi\u00f3n de Coquimbo.<br \/>\u2022 5-nov (jueves): Regi\u00f3n de Tarapac\u00e1 y Regi\u00f3n del Biob\u00edo. <br \/>\u2022 6-nov (viernes): Regi\u00f3n de Valpara\u00edso y Regi\u00f3n de Magallanes.<\/p>\n","protected":false},"excerpt":{"rendered":"<p>Las actividades regionales buscan reforzar las capacidades de los funcionarios que desempe\u00f1an actividades de fiscalizaci\u00f3n, adem\u00e1s de reconocer las prioridades regionales de fiscalizaci\u00f3n de cada servicio p\u00fablico para el a\u00f1o 2016.<\/p>\n","protected":false},"author":3,"featured_media":16310,"comment_status":"open","ping_status":"open","sticky":false,"template":"","format":"standard","meta":{"footnotes":""},"categories":[94],"tags":[],"class_list":["post-16311","post","type-post","status-publish","format-standard","has-post-thumbnail","hentry","category-notas-noticias"],"_links":{"self":[{"href":"https:\/\/portal.sma.gob.cl\/index.php\/wp-json\/wp\/v2\/posts\/16311","targetHints":{"allow":["GET"]}}],"collection":[{"href":"https:\/\/portal.sma.gob.cl\/index.php\/wp-json\/wp\/v2\/posts"}],"about":[{"href":"https:\/\/portal.sma.gob.cl\/index.php\/wp-json\/wp\/v2\/types\/post"}],"author":[{"embeddable":true,"href":"https:\/\/portal.sma.gob.cl\/index.php\/wp-json\/wp\/v2\/users\/3"}],"replies":[{"embeddable":true,"href":"https:\/\/portal.sma.gob.cl\/index.php\/wp-json\/wp\/v2\/comments?post=16311"}],"version-history":[{"count":0,"href":"https:\/\/portal.sma.gob.cl\/index.php\/wp-json\/wp\/v2\/posts\/16311\/revisions"}],"wp:featuredmedia":[{"embeddable":true,"href":"https:\/\/portal.sma.gob.cl\/index.php\/wp-json\/wp\/v2\/media\/16310"}],"wp:attachment":[{"href":"https:\/\/portal.sma.gob.cl\/index.php\/wp-json\/wp\/v2\/media?parent=16311"}],"wp:term":[{"taxonomy":"category","embeddable":true,"href":"https:\/\/portal.sma.gob.cl\/index.php\/wp-json\/wp\/v2\/categories?post=16311"},{"taxonomy":"post_tag","embeddable":true,"href":"https:\/\/portal.sma.gob.cl\/index.php\/wp-json\/wp\/v2\/tags?post=16311"}],"curies":[{"name":"wp","href":"https:\/\/api.w.org\/{rel}","templated":true}]}}