{"id":16320,"date":"2015-11-02T18:03:58","date_gmt":"2015-11-02T18:03:58","guid":{"rendered":"https:\/\/portal.sma.gob.cl\/index.php\/2015\/11\/02\/sma-desarrolla-reuniones-regionales-con-servicios-en-el-marco-del-plan-de-trabajo-de-la-renfa\/"},"modified":"2015-11-02T18:03:58","modified_gmt":"2015-11-02T18:03:58","slug":"sma-desarrolla-reuniones-regionales-con-servicios-en-el-marco-del-plan-de-trabajo-de-la-renfa","status":"publish","type":"post","link":"https:\/\/portal.sma.gob.cl\/index.php\/sma-desarrolla-reuniones-regionales-con-servicios-en-el-marco-del-plan-de-trabajo-de-la-renfa\/","title":{"rendered":"SMA desarrolla reuniones regionales con servicios en el marco del plan de trabajo de la RENFA"},"content":{"rendered":"<p><strong><img decoding=\"async\" class=\"size-auto size-full wp-image-16319\" src=\"https:\/\/portal.sma.gob.cl\/wp-content\/uploads\/2015\/11\/Taller_Renfa_NOTA.jpg\" alt=\"Taller Renfa NOTA\" width=\"760\" height=\"360\" srcset=\"https:\/\/portal.sma.gob.cl\/wp-content\/uploads\/2015\/11\/Taller_Renfa_NOTA-200x95.jpg 200w, https:\/\/portal.sma.gob.cl\/wp-content\/uploads\/2015\/11\/Taller_Renfa_NOTA-300x142.jpg 300w, https:\/\/portal.sma.gob.cl\/wp-content\/uploads\/2015\/11\/Taller_Renfa_NOTA-400x189.jpg 400w, https:\/\/portal.sma.gob.cl\/wp-content\/uploads\/2015\/11\/Taller_Renfa_NOTA-600x284.jpg 600w, https:\/\/portal.sma.gob.cl\/wp-content\/uploads\/2015\/11\/Taller_Renfa_NOTA.jpg 760w\" sizes=\"(max-width: 760px) 100vw, 760px\" \/><\/strong><\/p>\n<p><strong>Entre el 21 y el 30 de octubre, se desarrollaron 7 reuniones regionales de trabajo en materia de fiscalizaci\u00f3n ambiental. Durante noviembre seguir\u00e1n los talleres a lo largo del pa\u00eds.<\/strong><\/p>\n<p>  <!--more-->  <\/p>\n<p style=\"text-align: justify;\"><strong>Santiago, 02 de noviembre de 2015.<\/strong> En el marco del Plan de Trabajo 2015 establecido por la Superintendencia del Medio Ambiente (SMA) para la Red Nacional de Fiscalizaci\u00f3n Ambiental (RENFA) se han desarrollado reuniones de trabajo con funcionarios de los Organismos Sectoriales que conforman dicha red. Las actividades han sido desarrolladas en las regiones de Ays\u00e9n, O\u00b4Higgins, Metropolitana, Los R\u00edos, Del Maule, Antofagasta y de la Araucan\u00eda.<\/p>\n<p style=\"text-align: justify;\">Las actividades han tenido como foco, fortalecer y reforzar criterios de trabajo regionales, as\u00ed como tambi\u00e9n:<br \/>\u2022 Presentar instructivo de seguimiento ambiental asociado a la Resoluci\u00f3n N\u00b0 223\/2015 de la SMA.<br \/>\u2022 Presentar lineamientos de la herramienta inform\u00e1tica para la gesti\u00f3n de informes de seguimiento ambiental.<br \/>\u2022 Presentar proyecto que busca crear un catastro de funcionarios que desempe\u00f1an actividades de fiscalizaci\u00f3n ambiental.<br \/>\u2022 Reforzar aspectos asociados al llenado de acta de inspecci\u00f3n ambiental y planificaci\u00f3n.<br \/>\u2022 Revisar propuestas de programas de fiscalizaci\u00f3n de Resoluciones de Calificaci\u00f3n Ambiental para el a\u00f1o 2016.<\/p>\n<p style=\"text-align: justify;\">Durante la primera semana de noviembre se realizar\u00e1n cinco reuniones en las regiones de Arica y Parinacota, Atacama, Coquimbo, Tarapac\u00e1, Biob\u00edo, Valpara\u00edso y Magallanes.<\/p>\n","protected":false},"excerpt":{"rendered":"<p>Entre el 21 y el 30 de octubre, se desarrollaron 7 reuniones regionales de trabajo en materia de fiscalizaci\u00f3n ambiental. Durante noviembre seguir\u00e1n los talleres a lo largo del pa\u00eds.<\/p>\n","protected":false},"author":3,"featured_media":16319,"comment_status":"open","ping_status":"open","sticky":false,"template":"","format":"standard","meta":{"footnotes":""},"categories":[94],"tags":[],"class_list":["post-16320","post","type-post","status-publish","format-standard","has-post-thumbnail","hentry","category-notas-noticias"],"_links":{"self":[{"href":"https:\/\/portal.sma.gob.cl\/index.php\/wp-json\/wp\/v2\/posts\/16320","targetHints":{"allow":["GET"]}}],"collection":[{"href":"https:\/\/portal.sma.gob.cl\/index.php\/wp-json\/wp\/v2\/posts"}],"about":[{"href":"https:\/\/portal.sma.gob.cl\/index.php\/wp-json\/wp\/v2\/types\/post"}],"author":[{"embeddable":true,"href":"https:\/\/portal.sma.gob.cl\/index.php\/wp-json\/wp\/v2\/users\/3"}],"replies":[{"embeddable":true,"href":"https:\/\/portal.sma.gob.cl\/index.php\/wp-json\/wp\/v2\/comments?post=16320"}],"version-history":[{"count":0,"href":"https:\/\/portal.sma.gob.cl\/index.php\/wp-json\/wp\/v2\/posts\/16320\/revisions"}],"wp:featuredmedia":[{"embeddable":true,"href":"https:\/\/portal.sma.gob.cl\/index.php\/wp-json\/wp\/v2\/media\/16319"}],"wp:attachment":[{"href":"https:\/\/portal.sma.gob.cl\/index.php\/wp-json\/wp\/v2\/media?parent=16320"}],"wp:term":[{"taxonomy":"category","embeddable":true,"href":"https:\/\/portal.sma.gob.cl\/index.php\/wp-json\/wp\/v2\/categories?post=16320"},{"taxonomy":"post_tag","embeddable":true,"href":"https:\/\/portal.sma.gob.cl\/index.php\/wp-json\/wp\/v2\/tags?post=16320"}],"curies":[{"name":"wp","href":"https:\/\/api.w.org\/{rel}","templated":true}]}}