{"id":16330,"date":"2015-11-27T18:41:03","date_gmt":"2015-11-27T18:41:03","guid":{"rendered":"https:\/\/portal.sma.gob.cl\/index.php\/2015\/11\/27\/sma-realiza-taller-con-municipios-de-la-region-metropolitana\/"},"modified":"2015-11-27T18:41:03","modified_gmt":"2015-11-27T18:41:03","slug":"sma-realiza-taller-con-municipios-de-la-region-metropolitana","status":"publish","type":"post","link":"https:\/\/portal.sma.gob.cl\/index.php\/sma-realiza-taller-con-municipios-de-la-region-metropolitana\/","title":{"rendered":"SMA realiza taller con municipios de la Regi\u00f3n Metropolitana"},"content":{"rendered":"<p style=\"text-align: justify;\"><img decoding=\"async\" class=\"size-auto size-full wp-image-16329\" src=\"https:\/\/portal.sma.gob.cl\/wp-content\/uploads\/2015\/11\/nota-intendente.jpg\" alt=\"nota-intendente\" width=\"760\" height=\"360\" srcset=\"https:\/\/portal.sma.gob.cl\/wp-content\/uploads\/2015\/11\/nota-intendente-200x95.jpg 200w, https:\/\/portal.sma.gob.cl\/wp-content\/uploads\/2015\/11\/nota-intendente-300x142.jpg 300w, https:\/\/portal.sma.gob.cl\/wp-content\/uploads\/2015\/11\/nota-intendente-400x189.jpg 400w, https:\/\/portal.sma.gob.cl\/wp-content\/uploads\/2015\/11\/nota-intendente-600x284.jpg 600w, https:\/\/portal.sma.gob.cl\/wp-content\/uploads\/2015\/11\/nota-intendente.jpg 760w\" sizes=\"(max-width: 760px) 100vw, 760px\" \/><\/p>\n<p style=\"text-align: justify;\"><strong>El Intendente de la Regi\u00f3n Metropolitana, Claudio Orrego, realiz\u00f3 la apertura de la ceremonia que reuni\u00f3 a representantes de 52 municipios. El Superintendente Cristi\u00e1n Franz explic\u00f3 que se busca fortalecer las capacidades de fiscalizaci\u00f3n de los profesionales municipales para lograr una mejor gesti\u00f3n ambiental.<\/strong><\/p>\n<p>  <!--more-->  <\/p>\n<p style=\"text-align: justify;\"><strong>Santiago, 27 de noviembre de 2015.<\/strong> En dependencias del Gobierno Regional de la Regi\u00f3n Metropolitana se desarroll\u00f3 esta ma\u00f1ana el \u201cTaller de Capacitaci\u00f3n de Municipalidades\u201d, iniciativa liderada por la Superintendencia del Medio Ambiente (SMA), la Intendencia Metropolitana y la Seremi de Medio Ambiente. La instancia reuni\u00f3 a profesionales del \u00e1rea ambiental de los 52 municipios de la capital.<\/p>\n<p style=\"text-align: justify;\">\u201cEn la coordinaci\u00f3n est\u00e1 el \u00e9xito. Cada vez que nos hemos puesto de acuerdo hemos tenido un excelente resultado\u201d, dijo el Intendente Orrego al inaugurar el evento, haciendo hincapi\u00e9 en 3 iniciativas de tipo ambiental que se han llevado a cabo durante el \u00faltimo a\u00f1o y medio. Entre ellos, destac\u00f3 la pol\u00edtica regional respecto a planteles porcinos. Puso como ejemplo el caso del plantel Porkland ubicado en la comuna de Tiltil. \u201cEste es un ejemplo. Ac\u00e1 hubo una crisis que afect\u00f3 a la poblaci\u00f3n de la zona, pero este caso mostr\u00f3 una cara opuesta a la de Freir\u00eda, donde el Estado funcion\u00f3 mal, la empresa funcion\u00f3 mal, finalmente la gente se tom\u00f3 las calles y las instalaciones y se perdieron miles de puestos de trabajo. Ac\u00e1, con la debida coordinaci\u00f3n y respetando las competencias de cada servicio, se logr\u00f3 un buen resultado y la institucionalidad ambiental fortalecida\u201d, explic\u00f3 Orrego.<br \/>\u2028Respecto de la pol\u00edtica de fiscalizaci\u00f3n de planteles porciones, el Seremi de Medio Ambiente Jorge Canals, explic\u00f3 que se realiz\u00f3 un catastro respecto de los 100 planteles de cerdos que existen en 10 de las 52 comunas de la Regi\u00f3n Metropolitana. \u201cUna vez catastrados, se realiz\u00f3 una investigaci\u00f3n respecto de si hab\u00edan sido fiscalizados o no, si ten\u00edan Resoluci\u00f3n de Calificaci\u00f3n Ambiental (RCA) o no, y se organiz\u00f3 el trabajo de distintos servicios p\u00fablicos en el marco de sus competencias\u201d, indic\u00f3 Canals.<\/p>\n<p style=\"text-align: justify;\">En tanto, el Superintendente del Medio Ambiente, Cristi\u00e1n Franz, explic\u00f3 que el taller de capacitaci\u00f3n busca crear una Red Regional de Fiscalizaci\u00f3n Ambiental, iniciativa que se est\u00e1 impulsando en todas las regiones del pa\u00eds, \u201cy la Regi\u00f3n Metropolitana ha sido la primera y m\u00e1s entusiasta en apoyarla\u201d. Adem\u00e1s, explic\u00f3 que este tipo de instancias buscan aumentar las capacidades de fiscalizaci\u00f3n de los profesionales municipales, con nuevas y mejores herramientas que permitan potenciar la gesti\u00f3n ambiental de la RM.<\/p>\n<p style=\"text-align: justify;\">A la par, el Superintendente explic\u00f3 que la SMA est\u00e1 creciendo y consolid\u00e1ndose para llegar con una respuesta \u201coportuna e impecable cada vez que la ciudadan\u00eda lo requiere. Como Superintendencia buscamos asegurar el cumplimiento ambiental. No es nuestro objetivo andar imponiendo multas, esa no es una buena noticia para el pa\u00eds. En 2015 hemos encontrado incumplimientos en 2 de cada 3 proyectos que fiscalizamos. Esas cifras no nos dejan tranquilos\u201d, asegur\u00f3.<\/p>\n<p style=\"text-align: justify;\">En ese sentido, Franz explic\u00f3 que es primordial la coordinaci\u00f3n con los municipios como los actores m\u00e1s cercanos a la ciudadan\u00eda. Adem\u00e1s, la Ley Org\u00e1nica de la SMA establece que las municipalidades pueden recibir denuncias y derivarlas a la SMA. \u201cEs muy importante que los municipios entiendan qu\u00e9 materias son denunciables y cu\u00e1les no, porque en la poblaci\u00f3n no se deben generar falsas expectativas. Por ejemplo, una de las materias m\u00e1s denunciadas en la Superintendencia son los ruidos molestos. Pero la ley es clara, la SMA fiscaliza los ruidos de fuentes fijas, no de cualquier cosa, por ejemplo, no fiscalizamos el ruidos vehicular, naviero, ni ferias libres, etc\u201d.<\/p>\n<p style=\"text-align: justify;\">El taller de municipalidades cont\u00f3 con 10 m\u00f3dulos. Entre ellos se cuenta la pol\u00edtica ambiental regional, el marco de acci\u00f3n de la SMA, los procedimientos de fiscalizaci\u00f3n y sanci\u00f3n; y durante la tarde se realizaron presentaciones respecto a casos de fiscalizaci\u00f3n realizados en la RM, buscando explicar detalladamente los pasos de un ejercicio en terreno y la planificaci\u00f3n previa, como tambi\u00e9n compartir experiencias asociadas a estos procesos.<\/p>\n<p style=\"text-align: justify;\">La actividad finaliz\u00f3 en la tarde con una ronda de preguntas y comentarios moderada por la jefa regional de la SMA, Mar\u00eda Isabel Mallea, quien agradeci\u00f3 la masiva asistencia a la actividad.<\/p>\n","protected":false},"excerpt":{"rendered":"<p>El Intendente de la Regi\u00f3n Metropolitana, Claudio Orrego, realiz\u00f3 la apertura de la ceremonia que reuni\u00f3 a representantes de 52 municipios. El Superintendente Cristi\u00e1n Franz explic\u00f3 que se busca fortalecer las capacidades de fiscalizaci\u00f3n de los profesionales municipales para lograr una mejor gesti\u00f3n ambiental.<\/p>\n","protected":false},"author":3,"featured_media":16328,"comment_status":"open","ping_status":"open","sticky":false,"template":"","format":"standard","meta":{"footnotes":""},"categories":[90],"tags":[],"class_list":["post-16330","post","type-post","status-publish","format-standard","has-post-thumbnail","hentry","category-comunicados-noticias"],"_links":{"self":[{"href":"https:\/\/portal.sma.gob.cl\/index.php\/wp-json\/wp\/v2\/posts\/16330","targetHints":{"allow":["GET"]}}],"collection":[{"href":"https:\/\/portal.sma.gob.cl\/index.php\/wp-json\/wp\/v2\/posts"}],"about":[{"href":"https:\/\/portal.sma.gob.cl\/index.php\/wp-json\/wp\/v2\/types\/post"}],"author":[{"embeddable":true,"href":"https:\/\/portal.sma.gob.cl\/index.php\/wp-json\/wp\/v2\/users\/3"}],"replies":[{"embeddable":true,"href":"https:\/\/portal.sma.gob.cl\/index.php\/wp-json\/wp\/v2\/comments?post=16330"}],"version-history":[{"count":0,"href":"https:\/\/portal.sma.gob.cl\/index.php\/wp-json\/wp\/v2\/posts\/16330\/revisions"}],"wp:featuredmedia":[{"embeddable":true,"href":"https:\/\/portal.sma.gob.cl\/index.php\/wp-json\/wp\/v2\/media\/16328"}],"wp:attachment":[{"href":"https:\/\/portal.sma.gob.cl\/index.php\/wp-json\/wp\/v2\/media?parent=16330"}],"wp:term":[{"taxonomy":"category","embeddable":true,"href":"https:\/\/portal.sma.gob.cl\/index.php\/wp-json\/wp\/v2\/categories?post=16330"},{"taxonomy":"post_tag","embeddable":true,"href":"https:\/\/portal.sma.gob.cl\/index.php\/wp-json\/wp\/v2\/tags?post=16330"}],"curies":[{"name":"wp","href":"https:\/\/api.w.org\/{rel}","templated":true}]}}