{"id":16336,"date":"2015-12-03T18:20:47","date_gmt":"2015-12-03T18:20:47","guid":{"rendered":"https:\/\/portal.sma.gob.cl\/index.php\/2015\/12\/03\/sma-realiza-presentacion-del-libro-de-su-modelo-sancionatorio-con-gran-audiencia\/"},"modified":"2015-12-03T18:20:47","modified_gmt":"2015-12-03T18:20:47","slug":"sma-realiza-presentacion-del-libro-de-su-modelo-sancionatorio-con-gran-audiencia","status":"publish","type":"post","link":"https:\/\/portal.sma.gob.cl\/index.php\/sma-realiza-presentacion-del-libro-de-su-modelo-sancionatorio-con-gran-audiencia\/","title":{"rendered":"SMA realiza presentaci\u00f3n del libro de su Modelo Sancionatorio con gran audiencia"},"content":{"rendered":"<p style=\"text-align: justify;\">&nbsp;<\/p>\n<p style=\"text-align: justify;\"><strong><img decoding=\"async\" class=\"size-auto size-full wp-image-16335\" src=\"https:\/\/portal.sma.gob.cl\/wp-content\/uploads\/2015\/12\/nota-guia.jpg\" alt=\"nota-guia\" width=\"760\" height=\"360\" srcset=\"https:\/\/portal.sma.gob.cl\/wp-content\/uploads\/2015\/12\/nota-guia-200x95.jpg 200w, https:\/\/portal.sma.gob.cl\/wp-content\/uploads\/2015\/12\/nota-guia-300x142.jpg 300w, https:\/\/portal.sma.gob.cl\/wp-content\/uploads\/2015\/12\/nota-guia-400x189.jpg 400w, https:\/\/portal.sma.gob.cl\/wp-content\/uploads\/2015\/12\/nota-guia-600x284.jpg 600w, https:\/\/portal.sma.gob.cl\/wp-content\/uploads\/2015\/12\/nota-guia.jpg 760w\" sizes=\"(max-width: 760px) 100vw, 760px\" \/><\/strong><\/p>\n<p style=\"text-align: justify;\"><strong>El Fiscal Nacional Econ\u00f3mico, Felipe Irarr\u00e1zabal, y el profesor de Derecho Administrativo, Juan Carlos Ferrada, comentaron la publicaci\u00f3n \u201cBases metodol\u00f3gicas para la determinaci\u00f3n de sanciones ambientales\u201d.<\/strong><\/p>\n<p>  <!--more-->  <\/p>\n<p style=\"text-align: justify;\"><strong>Santiago, 2 de diciembre de 2015.<\/strong> Con la presencia de m\u00e1s de 80 personas se realiz\u00f3 el lanzamiento del libro \u201cBases metodol\u00f3gicas para la determinaci\u00f3n de sanciones ambientales\u201d, elaborado por la Superintendencia del Medio Ambiente (SMA). En el auditorio del Centro de Extensi\u00f3n de la Pontificia Universidad Cat\u00f3lica de Valpara\u00edso ubicado en Santiago se dio cita al evento convocado para presentar la publicaci\u00f3n que surge como una respuesta estrat\u00e9gica a las necesidades que impone la Ley Org\u00e1nica de la SMA respecto de la fundamentaci\u00f3n de las determinaciones adoptadas en materia sancionatoria.<\/p>\n<p style=\"text-align: justify;\">El Superintendente del Medio Ambiente, Cristi\u00e1n Franz, al abrir la jornada se\u00f1al\u00f3 que \u201cla imposici\u00f3n de sanciones tiene por finalidad orientar la conducta de los sujetos regulados hacia el cumplimiento, ejerciendo una funci\u00f3n disuasiva respecto de la comisi\u00f3n de infracciones, es decir, desincentivando futuros incumplimientos\u201d. En ese sentido, explic\u00f3 que el poder disuasivo de las sanciones depende, entre otros factores, \u201cdel impacto econ\u00f3mico que \u00e9stas provoquen a los infractores, su adecuada fundamentaci\u00f3n y coherencia y la efectividad de su aplicaci\u00f3n. En este sentido, la elaboraci\u00f3n de una metodolog\u00eda de determinaci\u00f3n de sanciones como esta que ponemos a disposici\u00f3n de la comunidad de regulados y del p\u00fablico en general es un hito estrat\u00e9gico en el proceso de consolidaci\u00f3n institucional que estamos llevando a cabo en la SMA&#8221;, apunt\u00f3.<\/p>\n<p style=\"text-align: justify;\">Por su parte, la Jefa de la Divisi\u00f3n de Sanci\u00f3n y Cumplimiento, Marie Claude Plumer, agradeci\u00f3 al equipo multidisciplinario de la SMA que ha contribuido en este proceso de elaboraci\u00f3n del documento. \u201cEste es el resultado de un proceso que viene desde 2012. Esta gu\u00eda es un hito y consolida criterios que ya hemos ido aplicando a distintos casos desde 2014 y que se basa en principios centrales reconocidos en distintas regulaciones internacionales como las de OCDE, INECE, y en experiencias comparadas\u201d. Recalc\u00f3 que estas bases son din\u00e1micas y que se seguir\u00e1n ajustando, no s\u00f3lo a la casu\u00edstica, sino tambi\u00e9n en relaci\u00f3n a la jurisprudencia que se asiente sobre ella.<\/p>\n<p style=\"text-align: justify;\"><strong>Comentaristas<\/strong><\/p>\n<p style=\"text-align: justify;\">En tanto, el Fiscal Nacional Econ\u00f3mico, Felipe Irarr\u00e1zabal, quien coment\u00f3 la publicaci\u00f3n, destac\u00f3 la importancia del documento y el esfuerzo de la SMA para obtener un documento que permita tener coherencia, mostrando \u201cconsistencia entre caso y caso. Adem\u00e1s de un tratamiento proporcional y justo, que exista un equilibrio al realizar los sancionatorios\u201d.<\/p>\n<p style=\"text-align: justify;\">Adem\u00e1s, Irarr\u00e1zabal hizo hincapi\u00e9 en el efecto disuasivo de las sanciones, explicando que \u201clos organismos fiscalizadores deben ser selectivos en los casos que deciden investigar. No puede una autoridad fiscalizadora tomar un caso y perderlo, sino que debe tramitarlos en forma impecable y, al ganarlos, se produce un efecto m\u00e1gico en virtud del cual , otras empresas lo comienzan a ver y se genera un efecto disuasivo. Los gerentes se van a preguntar cu\u00e1l es el peor escenario y la posibilidad que los detecten en incumplimientos ambientales\u201d.<\/p>\n<p style=\"text-align: justify;\">Por su parte, el profesor de la Universidad de Valpara\u00edso, Juan Carlos Ferrada, tambi\u00e9n enfatiz\u00f3 la importancia de la disuasi\u00f3n de las sanciones, por lo que genera a nivel de ejemplo en distintos sectores econ\u00f3micos. \u201cHay que felicitar a la SMA por este esfuerzo que eleva la discusi\u00f3n en el \u00e1mbito del derecho administrativo sancionatorio\u201d apunt\u00f3.<\/p>\n","protected":false},"excerpt":{"rendered":"<p>&nbsp; El Fiscal Nacional Econ\u00f3mico, Felipe Irarr\u00e1zabal, y el profesor de Derecho Administrativo, Juan Carlos Ferrada, comentaron la publicaci\u00f3n \u201cBases metodol\u00f3gicas para la determinaci\u00f3n de sanciones ambientales\u201d.<\/p>\n","protected":false},"author":3,"featured_media":16335,"comment_status":"open","ping_status":"open","sticky":false,"template":"","format":"standard","meta":{"footnotes":""},"categories":[90],"tags":[],"class_list":["post-16336","post","type-post","status-publish","format-standard","has-post-thumbnail","hentry","category-comunicados-noticias"],"_links":{"self":[{"href":"https:\/\/portal.sma.gob.cl\/index.php\/wp-json\/wp\/v2\/posts\/16336","targetHints":{"allow":["GET"]}}],"collection":[{"href":"https:\/\/portal.sma.gob.cl\/index.php\/wp-json\/wp\/v2\/posts"}],"about":[{"href":"https:\/\/portal.sma.gob.cl\/index.php\/wp-json\/wp\/v2\/types\/post"}],"author":[{"embeddable":true,"href":"https:\/\/portal.sma.gob.cl\/index.php\/wp-json\/wp\/v2\/users\/3"}],"replies":[{"embeddable":true,"href":"https:\/\/portal.sma.gob.cl\/index.php\/wp-json\/wp\/v2\/comments?post=16336"}],"version-history":[{"count":0,"href":"https:\/\/portal.sma.gob.cl\/index.php\/wp-json\/wp\/v2\/posts\/16336\/revisions"}],"wp:featuredmedia":[{"embeddable":true,"href":"https:\/\/portal.sma.gob.cl\/index.php\/wp-json\/wp\/v2\/media\/16335"}],"wp:attachment":[{"href":"https:\/\/portal.sma.gob.cl\/index.php\/wp-json\/wp\/v2\/media?parent=16336"}],"wp:term":[{"taxonomy":"category","embeddable":true,"href":"https:\/\/portal.sma.gob.cl\/index.php\/wp-json\/wp\/v2\/categories?post=16336"},{"taxonomy":"post_tag","embeddable":true,"href":"https:\/\/portal.sma.gob.cl\/index.php\/wp-json\/wp\/v2\/tags?post=16336"}],"curies":[{"name":"wp","href":"https:\/\/api.w.org\/{rel}","templated":true}]}}