{"id":16340,"date":"2015-12-15T12:28:03","date_gmt":"2015-12-15T12:28:03","guid":{"rendered":"https:\/\/portal.sma.gob.cl\/index.php\/2015\/12\/15\/se-realiza-el-decimoctava-consejo-de-la-sociedad-civil\/"},"modified":"2015-12-15T12:28:03","modified_gmt":"2015-12-15T12:28:03","slug":"se-realiza-el-decimoctava-consejo-de-la-sociedad-civil","status":"publish","type":"post","link":"https:\/\/portal.sma.gob.cl\/index.php\/se-realiza-el-decimoctava-consejo-de-la-sociedad-civil\/","title":{"rendered":"Se realiza decimoctava sesi\u00f3n del Consejo de la Sociedad Civil"},"content":{"rendered":"<p style=\"text-align: justify;\"><img decoding=\"async\" class=\"size-auto size-full wp-image-16089\" src=\"https:\/\/portal.sma.gob.cl\/wp-content\/uploads\/2015\/01\/nota.jpg\" alt=\"nota\" width=\"760\" height=\"360\" \/><\/p>\n<p style=\"text-align: justify;\">En la instancia, los representantes del consejo conocieron alcances de la participaci\u00f3n de la SMA en la Comisi\u00f3n Asesora Presidencial para la Evaluaci\u00f3n del Sistema de Evaluaci\u00f3n de Impacto Ambiental.<\/p>\n<p>  <!--more-->  <\/p>\n<p style=\"text-align: justify;\"><strong>Santiago, 11 de diciembre de 2015.<\/strong> Esta ma\u00f1ana se realiz\u00f3 la decimoctava sesi\u00f3n del Consejo de la Sociedad Civil de la SMA, presidida por el Superintendente Cristi\u00e1n Franz. Esta instancia se enmarca en el contexto de la Ley 20.500, Sobre Asociaciones y Participaci\u00f3n Ciudadana en la Gesti\u00f3n P\u00fablica.<\/p>\n<p style=\"text-align: justify;\">En la oportunidad, el Superintendente del Medio Ambiente, Cristi\u00e1n Franz, realiz\u00f3 un repaso sobre la gesti\u00f3n 2015 de la SMA. En ese sentido, explic\u00f3 que la instituci\u00f3n est\u00e1 viviendo una \u201cconsolidaci\u00f3n institucional, con la apertura de nuevas oficinas. El pr\u00f3ximo a\u00f1o abriremos oficinas regionales en Iquique, Rancagua y Puerto Montt, lo que nos llevar\u00e1 a terminar 2016 con nueve oficinas regionales. Esto ha llevado a que el grupo humano crezca fuertemente, lo cual obviamente implica fuertes desaf\u00edos para crecer con calidad\u201d, explic\u00f3. A la par, indic\u00f3 que este a\u00f1o ha terminado con importantes satisfacciones, como la publicaci\u00f3n del libro <a href=\"index.php\/noticias\/comunicados\/618-sma-publica-bases-metodologicas-para-la-determinacion-de-sanciones\" target=\"_blank\">\u201cBases Metodol\u00f3gicas para la Determinaci\u00f3n de Sanciones de la SMA\u201d<\/a>.<\/p>\n<p style=\"text-align: justify;\">En la oportunidad, adem\u00e1s expuso el abogado de Fiscal\u00eda, Raimundo P\u00e9rez, quien explic\u00f3 el rol jugado por la SMA en la Mesa T\u00e9cnica N\u00b04 de la Comisi\u00f3n Asesora Presidencial para la Evaluaci\u00f3n del Sistema de Evaluaci\u00f3n de Impacto Ambiental. En esta instancia, la Superintendencia ha expuesto su visi\u00f3n respecto de lo que ocurre una vez dictada una Resoluci\u00f3n de Calificaci\u00f3n Ambiental, puesto que pasa a ser parte del universo fiscalizable de la SMA.<\/p>\n<p style=\"text-align: justify;\">En ese sentido, expuso algunos de los acuerdos a los que lleg\u00f3 la Mesa T\u00e9cnica N\u00b04, los cuales requieren de cambios legales y otros de cambios reglamentarios. En ese sentido, la primera propuesta permitir\u00e1 crear una plataforma integrada, manejada por la SMA, para tener a la vista todos los documentos anexos a las RCA de los proyectos, tales como pertinencias y otros cambios que se realizan al proyecto.<\/p>\n<p style=\"text-align: justify;\">La segunda propuesta considera que a futuro, toda unidad productiva deber\u00e1 contar con una sola RCA, y ser\u00e1 de responsabilidad del titular, proponer al SEA unificar todos sus compromisos ambientales en un solo permiso. Esto permitir\u00e1 fiscalizar las obligaciones ambientales de los titulares y a la vez, ser\u00e1 m\u00e1s claro para ellos tener al d\u00eda todos los compromisos ambientales aceptados para la realizaci\u00f3n de sus proyectos.<\/p>\n<p style=\"text-align: justify;\">La tercera propuesta se refiere a la revisi\u00f3n de las RCA cuando existen efectos e impactos ambientales no previstos. Para ello, se propuso crear un procedimiento simplificado de revisi\u00f3n de RCA con el alcance singularizado a la variable que se comport\u00f3 de la forma no prevista en la evaluaci\u00f3n original.<\/p>\n<p style=\"text-align: justify;\">Raimundo P\u00e9rez explic\u00f3 estas conclusiones a los Consejeros de la Sociedad Civil, quienes hicieron consultas respecto de la discusi\u00f3n que se dio en el marco de la Comisi\u00f3n Asesora. Los detalles de las actas y propuestas pueden revisarse en el sitio <a href=\"http:\/\/comision-seia.mma.gob.cl\/\" target=\"_blank\">web de dicha Comisi\u00f3n.<\/a><\/p>\n<p style=\"text-align: justify;\"><strong>Participantes de la reuni\u00f3n<\/strong> <br \/>En la sesi\u00f3n de hoy, participaron seis miembros del Consejo: Mar\u00eda Eliana Arntz, Camila Boettiger Phillips, Jaime Esp\u00ednola, Mar\u00eda Isabel Aninat Sanhli y Mar\u00eda de los \u00c1ngeles Arrieta.<\/p>\n<p style=\"text-align: justify;\">El Consejo tiene un car\u00e1cter consultivo, representativo, plural y diverso. Tambi\u00e9n participa en los procesos de consulta de los planes, programas o pol\u00edticas en materia de seguimiento y fiscalizaci\u00f3n ambiental que la instituci\u00f3n estime pertinente. La instancia est\u00e1 integrada por 10 representantes de gremios, ONG, universidades y centros de estudio.<\/p>\n","protected":false},"excerpt":{"rendered":"<p>En la instancia, los representantes del consejo conocieron alcances de la participaci\u00f3n de la SMA en la Comisi\u00f3n Asesora Presidencial para la Evaluaci\u00f3n del Sistema de Evaluaci\u00f3n de Impacto Ambiental.<\/p>\n","protected":false},"author":3,"featured_media":16089,"comment_status":"open","ping_status":"open","sticky":false,"template":"","format":"standard","meta":{"footnotes":""},"categories":[94],"tags":[],"class_list":["post-16340","post","type-post","status-publish","format-standard","has-post-thumbnail","hentry","category-notas-noticias"],"_links":{"self":[{"href":"https:\/\/portal.sma.gob.cl\/index.php\/wp-json\/wp\/v2\/posts\/16340","targetHints":{"allow":["GET"]}}],"collection":[{"href":"https:\/\/portal.sma.gob.cl\/index.php\/wp-json\/wp\/v2\/posts"}],"about":[{"href":"https:\/\/portal.sma.gob.cl\/index.php\/wp-json\/wp\/v2\/types\/post"}],"author":[{"embeddable":true,"href":"https:\/\/portal.sma.gob.cl\/index.php\/wp-json\/wp\/v2\/users\/3"}],"replies":[{"embeddable":true,"href":"https:\/\/portal.sma.gob.cl\/index.php\/wp-json\/wp\/v2\/comments?post=16340"}],"version-history":[{"count":0,"href":"https:\/\/portal.sma.gob.cl\/index.php\/wp-json\/wp\/v2\/posts\/16340\/revisions"}],"wp:featuredmedia":[{"embeddable":true,"href":"https:\/\/portal.sma.gob.cl\/index.php\/wp-json\/wp\/v2\/media\/16089"}],"wp:attachment":[{"href":"https:\/\/portal.sma.gob.cl\/index.php\/wp-json\/wp\/v2\/media?parent=16340"}],"wp:term":[{"taxonomy":"category","embeddable":true,"href":"https:\/\/portal.sma.gob.cl\/index.php\/wp-json\/wp\/v2\/categories?post=16340"},{"taxonomy":"post_tag","embeddable":true,"href":"https:\/\/portal.sma.gob.cl\/index.php\/wp-json\/wp\/v2\/tags?post=16340"}],"curies":[{"name":"wp","href":"https:\/\/api.w.org\/{rel}","templated":true}]}}