{"id":16342,"date":"2015-12-18T15:42:21","date_gmt":"2015-12-18T15:42:21","guid":{"rendered":"https:\/\/portal.sma.gob.cl\/index.php\/2015\/12\/18\/sma-participa-en-taller-con-salmoneras\/"},"modified":"2015-12-18T15:42:21","modified_gmt":"2015-12-18T15:42:21","slug":"sma-participa-en-taller-con-salmoneras","status":"publish","type":"post","link":"https:\/\/portal.sma.gob.cl\/index.php\/sma-participa-en-taller-con-salmoneras\/","title":{"rendered":"SMA participa en taller con salmoneras"},"content":{"rendered":"<p style=\"text-align: justify;\"><strong><img decoding=\"async\" class=\"size-auto size-full wp-image-16341\" src=\"https:\/\/portal.sma.gob.cl\/wp-content\/uploads\/2015\/12\/salmones_nota.jpg\" alt=\"salmones nota\" width=\"760\" height=\"360\" srcset=\"https:\/\/portal.sma.gob.cl\/wp-content\/uploads\/2015\/12\/salmones_nota-200x95.jpg 200w, https:\/\/portal.sma.gob.cl\/wp-content\/uploads\/2015\/12\/salmones_nota-300x142.jpg 300w, https:\/\/portal.sma.gob.cl\/wp-content\/uploads\/2015\/12\/salmones_nota-400x189.jpg 400w, https:\/\/portal.sma.gob.cl\/wp-content\/uploads\/2015\/12\/salmones_nota-600x284.jpg 600w, https:\/\/portal.sma.gob.cl\/wp-content\/uploads\/2015\/12\/salmones_nota.jpg 760w\" sizes=\"(max-width: 760px) 100vw, 760px\" \/><\/strong><\/p>\n<p style=\"text-align: justify;\"><strong>El Servicio Nacional de Pesca y Acuicultura (Sernapesca) realiz\u00f3 un seminario sobre \u201cnormativa ambiental y sanitaria en pisciculturas\u201d en Puc\u00f3n.<\/strong><\/p>\n<p>  <!--more-->  <\/p>\n<p style=\"text-align: justify;\"><strong>Puc\u00f3n, 17 de diciembre de 2015.<\/strong> En la ciudad de Puc\u00f3n, regi\u00f3n de la Araucan\u00eda, se realiz\u00f3 el \u201cSeminario Normativa Ambiental y Sanitaria en pisciculturas\u201d, organizada por el Servicio Nacional de Pesca y Acuicultura (Sernapesca).<\/p>\n<p style=\"text-align: justify;\">La actividad fue encabezada por el Director Regional de SERNAPESCA de la IX Regi\u00f3n de la Araucan\u00eda, Bernardo Pardo P\u00e9rez, y cont\u00f3 adem\u00e1s con la participaci\u00f3n del Servicio de Evaluaci\u00f3n Ambiental, y la Seremi de Medio Ambiente de la Araucan\u00eda. En la instancia se busc\u00f3 explicar a los asistentes las principales actualizaciones en normativa ambiental y sectorial sanitaria aplicada a centros de cultivo en tierra, en su mayor\u00eda con captaci\u00f3n, y restituci\u00f3n de aguas superficiales.<\/p>\n<p style=\"text-align: justify;\">Por parte de la Superintendencia del Medio Ambiente (SMA), particip\u00f3 el jefe de la Macro Zona Sur, Eduardo Rodr\u00edguez, quien tuvo a cargo explicar la fiscalizaci\u00f3n ambiental de los centros que cuentan con Resoluciones de calificaci\u00f3n Ambiental, o bien les aplica la Norma de Emisi\u00f3n para su descarga de RILes , como tambi\u00e9n las normas que aplican al seguimiento ambiental y las sanciones que puede aplicar la SMA en casos de incumplimiento.<\/p>\n<p style=\"text-align: justify;\">El Jefe de la Macro Zona Sur se\u00f1al\u00f3 a los asistentes: \u201cLa actividad de esta Superintendencia no se agota solamente en la fiscalizaci\u00f3n y la sanci\u00f3n, sino tambi\u00e9n hay un deber de asistencia al cumplimiento a sus regulados, tarea que estamos ejerciendo permanentemente\u201d.<\/p>\n<p style=\"text-align: justify;\">La actividad cont\u00f3 con la participaci\u00f3n de m\u00e1s de 80 representantes de distintas empresas acu\u00edcolas de la regi\u00f3n.<\/p>\n","protected":false},"excerpt":{"rendered":"<p>El Servicio Nacional de Pesca y Acuicultura (Sernapesca) realiz\u00f3 un seminario sobre \u201cnormativa ambiental y sanitaria en pisciculturas\u201d en Puc\u00f3n.<\/p>\n","protected":false},"author":3,"featured_media":16341,"comment_status":"open","ping_status":"open","sticky":false,"template":"","format":"standard","meta":{"footnotes":""},"categories":[94],"tags":[],"class_list":["post-16342","post","type-post","status-publish","format-standard","has-post-thumbnail","hentry","category-notas-noticias"],"_links":{"self":[{"href":"https:\/\/portal.sma.gob.cl\/index.php\/wp-json\/wp\/v2\/posts\/16342","targetHints":{"allow":["GET"]}}],"collection":[{"href":"https:\/\/portal.sma.gob.cl\/index.php\/wp-json\/wp\/v2\/posts"}],"about":[{"href":"https:\/\/portal.sma.gob.cl\/index.php\/wp-json\/wp\/v2\/types\/post"}],"author":[{"embeddable":true,"href":"https:\/\/portal.sma.gob.cl\/index.php\/wp-json\/wp\/v2\/users\/3"}],"replies":[{"embeddable":true,"href":"https:\/\/portal.sma.gob.cl\/index.php\/wp-json\/wp\/v2\/comments?post=16342"}],"version-history":[{"count":0,"href":"https:\/\/portal.sma.gob.cl\/index.php\/wp-json\/wp\/v2\/posts\/16342\/revisions"}],"wp:featuredmedia":[{"embeddable":true,"href":"https:\/\/portal.sma.gob.cl\/index.php\/wp-json\/wp\/v2\/media\/16341"}],"wp:attachment":[{"href":"https:\/\/portal.sma.gob.cl\/index.php\/wp-json\/wp\/v2\/media?parent=16342"}],"wp:term":[{"taxonomy":"category","embeddable":true,"href":"https:\/\/portal.sma.gob.cl\/index.php\/wp-json\/wp\/v2\/categories?post=16342"},{"taxonomy":"post_tag","embeddable":true,"href":"https:\/\/portal.sma.gob.cl\/index.php\/wp-json\/wp\/v2\/tags?post=16342"}],"curies":[{"name":"wp","href":"https:\/\/api.w.org\/{rel}","templated":true}]}}