{"id":16359,"date":"2015-12-22T18:54:46","date_gmt":"2015-12-22T18:54:46","guid":{"rendered":"https:\/\/portal.sma.gob.cl\/index.php\/2015\/12\/22\/sma-realiza-taller-informativo-sobre-norma-de-termoelectricas\/"},"modified":"2015-12-22T18:54:46","modified_gmt":"2015-12-22T18:54:46","slug":"sma-realiza-taller-informativo-sobre-norma-de-termoelectricas","status":"publish","type":"post","link":"https:\/\/portal.sma.gob.cl\/index.php\/sma-realiza-taller-informativo-sobre-norma-de-termoelectricas\/","title":{"rendered":"SMA realiza taller informativo sobre norma de termoel\u00e9ctricas"},"content":{"rendered":"<p style=\"text-align: justify;\"><strong><img decoding=\"async\" class=\"size-auto size-full wp-image-16358\" src=\"https:\/\/portal.sma.gob.cl\/wp-content\/uploads\/2015\/12\/eventonota.jpg\" alt=\"eventonota\" width=\"760\" height=\"360\" srcset=\"https:\/\/portal.sma.gob.cl\/wp-content\/uploads\/2015\/12\/eventonota-200x95.jpg 200w, https:\/\/portal.sma.gob.cl\/wp-content\/uploads\/2015\/12\/eventonota-300x142.jpg 300w, https:\/\/portal.sma.gob.cl\/wp-content\/uploads\/2015\/12\/eventonota-400x189.jpg 400w, https:\/\/portal.sma.gob.cl\/wp-content\/uploads\/2015\/12\/eventonota-600x284.jpg 600w, https:\/\/portal.sma.gob.cl\/wp-content\/uploads\/2015\/12\/eventonota.jpg 760w\" sizes=\"(max-width: 760px) 100vw, 760px\" \/>En un evento organizado por la Asociaci\u00f3n de Generadoras de Chile, profesionales de la SMA resolvieron dudas sobre la norma que aplica a las unidades termoel\u00e9ctricas del pa\u00eds.<\/strong><\/p>\n<p>  <!--more-->  <\/p>\n<p style=\"text-align: justify;\"><strong>Santiago, 15 de diciembre de 2015.<\/strong> Profesionales de Fiscal\u00eda y de la Divisi\u00f3n de Fiscalizaci\u00f3n de la Superintendencia del Medio Ambiente (SMA), encabezados por sus respectivas jefaturas, participaron un taller dirigido a aclarar los alcances del Decreto Supremo 13 de 2011, que establece la norma de emisi\u00f3n para centrales termoel\u00e9ctricas. La actividad cont\u00f3 con la participaci\u00f3n de la totalidad de los representantes de empresas energ\u00e9ticas de la Asociaci\u00f3n de Generadoras de Chile.<\/p>\n<p style=\"text-align: justify;\">La actividad se inici\u00f3 con las palabras de Claudio Seebach, Vicepresidente Ejecutivo de la Asociaci\u00f3n de Generadoras de Chile, quien agradeci\u00f3 la presencia de los profesionales de la SMA e indic\u00f3 que este taller se enmarcaba en una estrategia que busca fortalecer al sector, en este caso espec\u00edfico, en relaci\u00f3n con el cumplimiento de la norma para termoel\u00e9ctricas.<\/p>\n<p style=\"text-align: justify;\">En el mismo sentido, Rub\u00e9n Verdugo, Jefe de la Divisi\u00f3n de Fiscalizaci\u00f3n de la SMA, indic\u00f3 que esta iniciativa es parte de una estrategia de incentivo al cumplimento que viene desplegando la instituci\u00f3n con distintos sectores productivos. En el caso del sector energ\u00e9tico, esta es la segunda reuni\u00f3n que se realiza en el a\u00f1o para entregar algunos detalles respecto de la fiscalizaci\u00f3n de la norma de termoel\u00e9ctricas.<\/p>\n<p style=\"text-align: justify;\">En el taller, que dur\u00f3 casi 4 horas, la Divisi\u00f3n de Fiscalizaci\u00f3n de la SMA realiz\u00f3 una evaluaci\u00f3n de los reportes que empresas reguladas han hecho llegar hasta la fecha, aclarando entre otras cosas, algunas dudas que a\u00fan persisten respecto de la metodolog\u00eda q para el Monitoreo Continuo de Emisiones (CEMS), as\u00ed como tambi\u00e9n las inconsistencias encontradas en la revisi\u00f3n de los reportes trimestrales, de tal modo que al momento de realizar la evaluaci\u00f3n de cumplimiento normativo, se pueda contar con la mejor informaci\u00f3n posible para este efecto. En ese sentido, se realizaron algunos ejercicios pr\u00e1cticos para explicar a los asistentes c\u00f3mo deben entregarse correctamente los reportes exigidos por la norma.<\/p>\n<p style=\"text-align: justify;\"><span style=\"font-size: 12.16px; line-height: 1.3em;\" data-mce-mark=\"1\">&nbsp;<\/span><\/p>\n","protected":false},"excerpt":{"rendered":"<p>En un evento organizado por la Asociaci\u00f3n de Generadoras de Chile, profesionales de la SMA resolvieron dudas sobre la norma que aplica a las unidades termoel\u00e9ctricas del pa\u00eds.<\/p>\n","protected":false},"author":3,"featured_media":16358,"comment_status":"open","ping_status":"open","sticky":false,"template":"","format":"standard","meta":{"footnotes":""},"categories":[94],"tags":[],"class_list":["post-16359","post","type-post","status-publish","format-standard","has-post-thumbnail","hentry","category-notas-noticias"],"_links":{"self":[{"href":"https:\/\/portal.sma.gob.cl\/index.php\/wp-json\/wp\/v2\/posts\/16359","targetHints":{"allow":["GET"]}}],"collection":[{"href":"https:\/\/portal.sma.gob.cl\/index.php\/wp-json\/wp\/v2\/posts"}],"about":[{"href":"https:\/\/portal.sma.gob.cl\/index.php\/wp-json\/wp\/v2\/types\/post"}],"author":[{"embeddable":true,"href":"https:\/\/portal.sma.gob.cl\/index.php\/wp-json\/wp\/v2\/users\/3"}],"replies":[{"embeddable":true,"href":"https:\/\/portal.sma.gob.cl\/index.php\/wp-json\/wp\/v2\/comments?post=16359"}],"version-history":[{"count":0,"href":"https:\/\/portal.sma.gob.cl\/index.php\/wp-json\/wp\/v2\/posts\/16359\/revisions"}],"wp:featuredmedia":[{"embeddable":true,"href":"https:\/\/portal.sma.gob.cl\/index.php\/wp-json\/wp\/v2\/media\/16358"}],"wp:attachment":[{"href":"https:\/\/portal.sma.gob.cl\/index.php\/wp-json\/wp\/v2\/media?parent=16359"}],"wp:term":[{"taxonomy":"category","embeddable":true,"href":"https:\/\/portal.sma.gob.cl\/index.php\/wp-json\/wp\/v2\/categories?post=16359"},{"taxonomy":"post_tag","embeddable":true,"href":"https:\/\/portal.sma.gob.cl\/index.php\/wp-json\/wp\/v2\/tags?post=16359"}],"curies":[{"name":"wp","href":"https:\/\/api.w.org\/{rel}","templated":true}]}}