{"id":16367,"date":"2015-12-24T13:10:32","date_gmt":"2015-12-24T13:10:32","guid":{"rendered":"https:\/\/portal.sma.gob.cl\/index.php\/2015\/12\/24\/macrozona-sur-de-la-sma-celebro-una-tarde-navidena-con-ninos-del-jardin-infantil-el-delfin-de-corral\/"},"modified":"2015-12-24T13:10:32","modified_gmt":"2015-12-24T13:10:32","slug":"macrozona-sur-de-la-sma-celebro-una-tarde-navidena-con-ninos-del-jardin-infantil-el-delfin-de-corral","status":"publish","type":"post","link":"https:\/\/portal.sma.gob.cl\/index.php\/macrozona-sur-de-la-sma-celebro-una-tarde-navidena-con-ninos-del-jardin-infantil-el-delfin-de-corral\/","title":{"rendered":"Macrozona Sur de la SMA celebr\u00f3 una tarde navide\u00f1a con ni\u00f1os del Jard\u00edn Infantil &#8220;El Delf\u00edn&#8221; de Corral"},"content":{"rendered":"<p style=\"text-align: justify;\"><strong><img decoding=\"async\" class=\"size-auto size-full wp-image-16366\" src=\"https:\/\/portal.sma.gob.cl\/wp-content\/uploads\/2015\/12\/PASCUERONOTA.jpg\" alt=\"PASCUERONOTA\" width=\"760\" height=\"360\" srcset=\"https:\/\/portal.sma.gob.cl\/wp-content\/uploads\/2015\/12\/PASCUERONOTA-200x95.jpg 200w, https:\/\/portal.sma.gob.cl\/wp-content\/uploads\/2015\/12\/PASCUERONOTA-300x142.jpg 300w, https:\/\/portal.sma.gob.cl\/wp-content\/uploads\/2015\/12\/PASCUERONOTA-400x189.jpg 400w, https:\/\/portal.sma.gob.cl\/wp-content\/uploads\/2015\/12\/PASCUERONOTA-600x284.jpg 600w, https:\/\/portal.sma.gob.cl\/wp-content\/uploads\/2015\/12\/PASCUERONOTA.jpg 760w\" sizes=\"(max-width: 760px) 100vw, 760px\" \/><\/strong><\/p>\n<p style=\"text-align: justify;\"><strong>Al sector rural de Chaihuin en la comuna de Corral se traslad\u00f3 parte del equipo institucional para brindarles una once navide\u00f1a a los m\u00e1s peque\u00f1os.<\/strong><\/p>\n<p>  <!--more-->  <\/p>\n<p style=\"text-align: justify;\"><strong>Corral, 23 de diciembre de 2015.<\/strong> En el marco del compromiso con la campa\u00f1a \u201cNavidad en mi jard\u00edn\u201d, que impulsa la Junta Nacional de Jardines Infantiles (JUNJI), el equipo de la Macrozona Sur de la Superintendencia de Medio Ambiente se traslad\u00f3 este mi\u00e9rcoles al sector Chaihuin de la comuna de Corral, Regi\u00f3n de Los R\u00edos, para brindar una tarde navide\u00f1a a ni\u00f1as y ni\u00f1os del jard\u00edn intercultural \u201cEl Delf\u00edn\u201d. Las actividades se desarrollaron junto a las t\u00edas Marcela, y Ang\u00e9lica.<\/p>\n<p style=\"text-align: justify;\">La anunciada visita, seg\u00fan contaron las t\u00edas, hab\u00eda causado gran ilusi\u00f3n desde la ma\u00f1ana en todos los peque\u00f1os quienes se estaban ansiosos por compartir una tarde navide\u00f1a. El equipo institucional no defraud\u00f3, con gran entusiasmo la t\u00eda y t\u00edos de la SMA, Giovanna, Juan, Mauricio y Eduardo compartieron con los ni\u00f1os, entonando canciones infantiles y realizando juegos con ellos.<\/p>\n<p style=\"text-align: justify;\">Durante la tarde los peque\u00f1os disfrutaron junto al equipo institucional de una deliciosa once, con torta, dulces y galletas. Pero ciertamente el momento que m\u00e1s sorprendi\u00f3 a los ni\u00f1os se dio cuando el grupo anunci\u00f3 que tra\u00edan un encargo del \u201cViejito Pascuero\u201d, quien en su trineo dej\u00f3 en las oficinas de la SMA una gran caja con regalos para cada uno de los 18 ni\u00f1os del jard\u00edn.<\/p>\n<p style=\"text-align: justify;\">Eduardo Rodr\u00edguez, Jefe de la Macrozona Sur, al finalizar la actividad, coment\u00f3 que \u201ccomo servicio p\u00fablico nos sentimos muy agradecidos que la Junji nos d\u00e9 la oportunidad de apadrinar este jard\u00edn infantil y con ello cultivar valores como la amistad, la solidaridad, y el compa\u00f1erismo, adem\u00e1s de fortalecer los lazos de la SMA con la comunidad. Adem\u00e1s, esperamos transmitir a los ni\u00f1os el cuidado del medio ambiente, un valor muy importante para todos nosotros, y sobre todo, para las futuras generaciones de nuestro pa\u00eds\u201d.<\/p>\n","protected":false},"excerpt":{"rendered":"<p>Al sector rural de Chaihuin en la comuna de Corral se traslad\u00f3 parte del equipo institucional para brindarles una once navide\u00f1a a los m\u00e1s peque\u00f1os.<\/p>\n","protected":false},"author":3,"featured_media":16366,"comment_status":"open","ping_status":"open","sticky":false,"template":"","format":"standard","meta":{"footnotes":""},"categories":[94],"tags":[],"class_list":["post-16367","post","type-post","status-publish","format-standard","has-post-thumbnail","hentry","category-notas-noticias"],"_links":{"self":[{"href":"https:\/\/portal.sma.gob.cl\/index.php\/wp-json\/wp\/v2\/posts\/16367","targetHints":{"allow":["GET"]}}],"collection":[{"href":"https:\/\/portal.sma.gob.cl\/index.php\/wp-json\/wp\/v2\/posts"}],"about":[{"href":"https:\/\/portal.sma.gob.cl\/index.php\/wp-json\/wp\/v2\/types\/post"}],"author":[{"embeddable":true,"href":"https:\/\/portal.sma.gob.cl\/index.php\/wp-json\/wp\/v2\/users\/3"}],"replies":[{"embeddable":true,"href":"https:\/\/portal.sma.gob.cl\/index.php\/wp-json\/wp\/v2\/comments?post=16367"}],"version-history":[{"count":0,"href":"https:\/\/portal.sma.gob.cl\/index.php\/wp-json\/wp\/v2\/posts\/16367\/revisions"}],"wp:featuredmedia":[{"embeddable":true,"href":"https:\/\/portal.sma.gob.cl\/index.php\/wp-json\/wp\/v2\/media\/16366"}],"wp:attachment":[{"href":"https:\/\/portal.sma.gob.cl\/index.php\/wp-json\/wp\/v2\/media?parent=16367"}],"wp:term":[{"taxonomy":"category","embeddable":true,"href":"https:\/\/portal.sma.gob.cl\/index.php\/wp-json\/wp\/v2\/categories?post=16367"},{"taxonomy":"post_tag","embeddable":true,"href":"https:\/\/portal.sma.gob.cl\/index.php\/wp-json\/wp\/v2\/tags?post=16367"}],"curies":[{"name":"wp","href":"https:\/\/api.w.org\/{rel}","templated":true}]}}