{"id":16371,"date":"2016-01-05T14:27:54","date_gmt":"2016-01-05T14:27:54","guid":{"rendered":"https:\/\/portal.sma.gob.cl\/index.php\/2016\/01\/05\/sma-inicia-segundo-proceso-sancionatorio-contra-minera-el-toqui-de-aysen\/"},"modified":"2016-01-05T14:27:54","modified_gmt":"2016-01-05T14:27:54","slug":"sma-inicia-segundo-proceso-sancionatorio-contra-minera-el-toqui-de-aysen","status":"publish","type":"post","link":"https:\/\/portal.sma.gob.cl\/index.php\/sma-inicia-segundo-proceso-sancionatorio-contra-minera-el-toqui-de-aysen\/","title":{"rendered":"SMA inicia segundo proceso sancionatorio contra Minera El Toqui de Ays\u00e9n"},"content":{"rendered":"<p style=\"text-align: justify;\"><strong><img decoding=\"async\" class=\"size-auto size-full wp-image-16370\" src=\"https:\/\/portal.sma.gob.cl\/wp-content\/uploads\/2016\/01\/ElToquiNOTA.jpg\" alt=\"ElToquiNOTA\" width=\"760\" height=\"360\" \/><\/strong><\/p>\n<p style=\"text-align: justify;\"><strong>La empresa ya hab\u00eda sido sometida a un proceso de sanci\u00f3n en 2014 y ahora presenta incumplimientos asociados a su Tranque de Relaves Confluencia.<\/strong><\/p>\n<p>  <!--more-->  <\/p>\n<p style=\"text-align: justify;\"><strong>Santiago, 05 de enero de 2016.<\/strong> La Superintendencia del Medio Ambiente (SMA) procedi\u00f3 a formular cargos a Sociedad Contractual Minera El Toqui debido a incumplimientos asociados a su proyecto Tranque de Relaves Confluencia. Este es el segundo proceso sancionatorio abierto contra la misma compa\u00f1\u00eda, que anteriormente se acogi\u00f3 a un Programa de Cumplimiento para implementar mejoras en sus procesos.<\/p>\n<p style=\"text-align: justify;\">Cabe recordar que Minera El Toqui opera desde 1983 extrayendo minerales de plomo, zinc, plata y oro, en el sector de Alto Ma\u00f1ihuales, provincia de Coyhaique. En septiembre de 2014 vecinos de la faena denunciaron la muerte de 2 bovinos, mientras que otros 4 animales que beb\u00edan agua cerca del Tranque de Relaves sufrieron de enfermedades pero se recuperaron.<\/p>\n<p style=\"text-align: justify;\">Esta denuncia gatill\u00f3 diversas acciones de fiscalizaci\u00f3n, como tambi\u00e9n la toma de muestras y su posterior an\u00e1lisis por parte de profesionales de la SMA, del Servicio Agr\u00edcola y Ganadero, la Seremi de Salud y la Direcci\u00f3n General de Aguas \u2013todos de la Regi\u00f3n de Ays\u00e9n- durante 2014 y 2015. Una vez analizados los resultados, se obtuvieron datos que arrojaron que la empresa continuaba depositando relaves en el Tranque Confluencia, excediendo su capacidad y presentando cambios de consideraci\u00f3n respecto de la RCA N\u00b0 331\/2004 que aprob\u00f3 su funcionamiento.<\/p>\n<p style=\"text-align: justify;\">Es importante destacar que existen indicios respecto a la emisi\u00f3n de material particulado con metales pesados producto de la acci\u00f3n del viento en la cubeta del tranque de relaves, provocando un impacto ambiental no previsto en la zona aleda\u00f1a al proyecto. Por esta raz\u00f3n, y en forma previa a esta formulaci\u00f3n de cargos, la SMA dict\u00f3 una medida provisional (R.E. 603\/2015) la cual orden\u00f3 a la Minera a implementar medidas dirigidas a hacerse cargo de la dispersi\u00f3n de material particulado a trav\u00e9s de la humectaci\u00f3n de la cubeta del tranque. El 28 de diciembre se renovaron estas medidas para evitar un riesgo inminente de da\u00f1o a la salud de las personas y el medio ambiente.<\/p>\n<p style=\"text-align: justify;\">A contar de la fecha de notificaci\u00f3n de esta formulaci\u00f3n de cargos, Minera El Toqui cuenta con 15 d\u00edas para la formulaci\u00f3n de descargos ante esta Superintendencia, tras lo cual contin\u00faa el procedimiento sancionatorio hasta su t\u00e9rmino.<\/p>\n<p style=\"text-align: justify;\">Para mayores detalles de la sanci\u00f3n, acceder al expediente completo en el <a href=\"http:\/\/snifa.sma.gob.cl\/RegistroPublico\/ProcesoSancion\/VerExpediente?expediente=F-057-2015\">Sistema Nacional de Fiscalizaci\u00f3n Ambiental (SNIFA)<\/a><\/p>\n<p>&nbsp;<\/p>\n","protected":false},"excerpt":{"rendered":"<p>La empresa ya hab\u00eda sido sometida a un proceso de sanci\u00f3n en 2014 y ahora presenta incumplimientos asociados a su Tranque de Relaves Confluencia.<\/p>\n","protected":false},"author":3,"featured_media":16370,"comment_status":"open","ping_status":"open","sticky":false,"template":"","format":"standard","meta":{"footnotes":""},"categories":[90],"tags":[],"class_list":["post-16371","post","type-post","status-publish","format-standard","has-post-thumbnail","hentry","category-comunicados-noticias"],"_links":{"self":[{"href":"https:\/\/portal.sma.gob.cl\/index.php\/wp-json\/wp\/v2\/posts\/16371","targetHints":{"allow":["GET"]}}],"collection":[{"href":"https:\/\/portal.sma.gob.cl\/index.php\/wp-json\/wp\/v2\/posts"}],"about":[{"href":"https:\/\/portal.sma.gob.cl\/index.php\/wp-json\/wp\/v2\/types\/post"}],"author":[{"embeddable":true,"href":"https:\/\/portal.sma.gob.cl\/index.php\/wp-json\/wp\/v2\/users\/3"}],"replies":[{"embeddable":true,"href":"https:\/\/portal.sma.gob.cl\/index.php\/wp-json\/wp\/v2\/comments?post=16371"}],"version-history":[{"count":0,"href":"https:\/\/portal.sma.gob.cl\/index.php\/wp-json\/wp\/v2\/posts\/16371\/revisions"}],"wp:featuredmedia":[{"embeddable":true,"href":"https:\/\/portal.sma.gob.cl\/index.php\/wp-json\/wp\/v2\/media\/16370"}],"wp:attachment":[{"href":"https:\/\/portal.sma.gob.cl\/index.php\/wp-json\/wp\/v2\/media?parent=16371"}],"wp:term":[{"taxonomy":"category","embeddable":true,"href":"https:\/\/portal.sma.gob.cl\/index.php\/wp-json\/wp\/v2\/categories?post=16371"},{"taxonomy":"post_tag","embeddable":true,"href":"https:\/\/portal.sma.gob.cl\/index.php\/wp-json\/wp\/v2\/tags?post=16371"}],"curies":[{"name":"wp","href":"https:\/\/api.w.org\/{rel}","templated":true}]}}