{"id":16380,"date":"2016-01-15T15:13:35","date_gmt":"2016-01-15T15:13:35","guid":{"rendered":"https:\/\/portal.sma.gob.cl\/index.php\/2016\/01\/15\/sma-realiza-consulta-ciudadana-previa-a-la-cuenta-publica-2015\/"},"modified":"2016-01-15T15:13:35","modified_gmt":"2016-01-15T15:13:35","slug":"sma-realiza-consulta-ciudadana-previa-a-la-cuenta-publica-2015","status":"publish","type":"post","link":"https:\/\/portal.sma.gob.cl\/index.php\/sma-realiza-consulta-ciudadana-previa-a-la-cuenta-publica-2015\/","title":{"rendered":"SMA realiza consulta ciudadana previa a la Cuenta P\u00fablica 2015"},"content":{"rendered":"<p><a href=\"http:\/\/pac.sma.gob.cl\/\"><strong><img decoding=\"async\" class=\"size-auto size-full wp-image-16379\" src=\"https:\/\/portal.sma.gob.cl\/wp-content\/uploads\/2016\/01\/consulta-nota.png\" alt=\"consulta-nota\" width=\"760\" height=\"360\" srcset=\"https:\/\/portal.sma.gob.cl\/wp-content\/uploads\/2016\/01\/consulta-nota-200x95.png 200w, https:\/\/portal.sma.gob.cl\/wp-content\/uploads\/2016\/01\/consulta-nota-300x142.png 300w, https:\/\/portal.sma.gob.cl\/wp-content\/uploads\/2016\/01\/consulta-nota-400x189.png 400w, https:\/\/portal.sma.gob.cl\/wp-content\/uploads\/2016\/01\/consulta-nota-600x284.png 600w, https:\/\/portal.sma.gob.cl\/wp-content\/uploads\/2016\/01\/consulta-nota.png 760w\" sizes=\"(max-width: 760px) 100vw, 760px\" \/><\/strong><\/a><\/p>\n<p><strong>La Superintendencia invita a la ciudadan\u00eda a entregar sus opiniones sobre las materias que deber\u00edan estar presentes en la Cuenta P\u00fablica Participativa del organismo.<\/strong><\/p>\n<p>  <!--more-->  <\/p>\n<p style=\"text-align: justify;\"><strong>Santiago, 15 de enero de 2016.<\/strong> La Superintendencia del Medio Ambiente (SMA) inici\u00f3 el proceso de Consulta Ciudadana previa a la Cuenta P\u00fablica 2015. Esta consulta se enmarca dentro de las recomendaciones del Consejo para la Transparencia, que busca perfeccionar los procesos de cuenta p\u00fablica a efectuarse por \u00f3rganos de la Administraci\u00f3n del Estado.<\/p>\n<p style=\"text-align: justify;\">El objetivo de la encuesta es conocer la opini\u00f3n de la ciudadan\u00eda para realizar una Cuenta P\u00fablica Participativa que responda a los intereses de los chilenos y chilenas, respecto al funcionamiento de la Superintendencia del Medio Ambiente.<\/p>\n<p style=\"text-align: justify;\">El d\u00eda 12 de enero se dio inicio a la consulta p\u00fablica y esta se extender\u00e1 hasta el 1 de febrero de 2016. Para acceder a la consulta, debe ingresar al siguiente link: <strong><a href=\"http:\/\/pac.sma.gob.cl\/consultas-ciudadanas\">Participaci\u00f3n Ciudadana.<\/a><\/strong><\/p>\n<p style=\"text-align: justify;\">Invitamos a todos los interesados a participar de manera informada, pluralista y participativa en esta consulta.<\/p>\n","protected":false},"excerpt":{"rendered":"<p>La Superintendencia invita a la ciudadan\u00eda a entregar sus opiniones sobre las materias que deber\u00edan estar presentes en la Cuenta P\u00fablica Participativa del organismo.<\/p>\n","protected":false},"author":3,"featured_media":16379,"comment_status":"open","ping_status":"open","sticky":false,"template":"","format":"standard","meta":{"footnotes":""},"categories":[94],"tags":[],"class_list":["post-16380","post","type-post","status-publish","format-standard","has-post-thumbnail","hentry","category-notas-noticias"],"_links":{"self":[{"href":"https:\/\/portal.sma.gob.cl\/index.php\/wp-json\/wp\/v2\/posts\/16380","targetHints":{"allow":["GET"]}}],"collection":[{"href":"https:\/\/portal.sma.gob.cl\/index.php\/wp-json\/wp\/v2\/posts"}],"about":[{"href":"https:\/\/portal.sma.gob.cl\/index.php\/wp-json\/wp\/v2\/types\/post"}],"author":[{"embeddable":true,"href":"https:\/\/portal.sma.gob.cl\/index.php\/wp-json\/wp\/v2\/users\/3"}],"replies":[{"embeddable":true,"href":"https:\/\/portal.sma.gob.cl\/index.php\/wp-json\/wp\/v2\/comments?post=16380"}],"version-history":[{"count":0,"href":"https:\/\/portal.sma.gob.cl\/index.php\/wp-json\/wp\/v2\/posts\/16380\/revisions"}],"wp:featuredmedia":[{"embeddable":true,"href":"https:\/\/portal.sma.gob.cl\/index.php\/wp-json\/wp\/v2\/media\/16379"}],"wp:attachment":[{"href":"https:\/\/portal.sma.gob.cl\/index.php\/wp-json\/wp\/v2\/media?parent=16380"}],"wp:term":[{"taxonomy":"category","embeddable":true,"href":"https:\/\/portal.sma.gob.cl\/index.php\/wp-json\/wp\/v2\/categories?post=16380"},{"taxonomy":"post_tag","embeddable":true,"href":"https:\/\/portal.sma.gob.cl\/index.php\/wp-json\/wp\/v2\/tags?post=16380"}],"curies":[{"name":"wp","href":"https:\/\/api.w.org\/{rel}","templated":true}]}}