{"id":16384,"date":"2016-01-21T22:40:00","date_gmt":"2016-01-21T22:40:00","guid":{"rendered":"https:\/\/portal.sma.gob.cl\/index.php\/2016\/01\/21\/sma-solicita-prohibicion-de-funcionamiento-del-relleno-sanitario-santa-marta-de-talagante\/"},"modified":"2016-01-21T22:40:00","modified_gmt":"2016-01-21T22:40:00","slug":"sma-solicita-prohibicion-de-funcionamiento-del-relleno-sanitario-santa-marta-de-talagante","status":"publish","type":"post","link":"https:\/\/portal.sma.gob.cl\/index.php\/sma-solicita-prohibicion-de-funcionamiento-del-relleno-sanitario-santa-marta-de-talagante\/","title":{"rendered":"SMA solicita prohibici\u00f3n de funcionamiento del Relleno Sanitario Santa Marta de Talagante"},"content":{"rendered":"<p style=\"text-align: justify;\"><strong><img decoding=\"async\" class=\"size-auto size-full wp-image-16383\" src=\"https:\/\/portal.sma.gob.cl\/wp-content\/uploads\/2016\/01\/notasantamarta.jpg\" alt=\"notasantamarta\" width=\"760\" height=\"360\" srcset=\"https:\/\/portal.sma.gob.cl\/wp-content\/uploads\/2016\/01\/notasantamarta-200x95.jpg 200w, https:\/\/portal.sma.gob.cl\/wp-content\/uploads\/2016\/01\/notasantamarta-300x142.jpg 300w, https:\/\/portal.sma.gob.cl\/wp-content\/uploads\/2016\/01\/notasantamarta-400x189.jpg 400w, https:\/\/portal.sma.gob.cl\/wp-content\/uploads\/2016\/01\/notasantamarta-600x284.jpg 600w, https:\/\/portal.sma.gob.cl\/wp-content\/uploads\/2016\/01\/notasantamarta.jpg 760w\" sizes=\"(max-width: 760px) 100vw, 760px\" \/><\/strong><\/p>\n<p style=\"text-align: justify;\"><strong>El Superintendente, Cristi\u00e1n Franz, orden\u00f3 esta medida provisional que fue enviada en consulta al Tribunal Ambiental de Santiago con car\u00e1cter urgente.<\/strong><\/p>\n<p>  <!--more-->  <\/p>\n<p style=\"text-align: justify;\"><strong>Santiago, 21 de enero de 2016.<\/strong> La Superintendencia del Medio Ambiente (SMA) solicit\u00f3 hoy una medida provisional de prohibici\u00f3n de recepci\u00f3n y disposici\u00f3n de residuos sobre el Relleno Sanitario Santa Marta, ubicado en Talagante, y perteneciente al titular Consorcio Santa Marta S.A. Dicha medida fue enviada por el Superintendente Cristi\u00e1n Franz al Segundo Tribunal Ambiental de Santiago, el que deber\u00e1 analizar la solicitud y aprobarla para que \u00e9sta se haga efectiva.<\/p>\n<p style=\"text-align: justify;\">Esta acci\u00f3n se tom\u00f3 luego de analizar los antecedentes recabados en las fiscalizaciones realizadas por la SMA los d\u00edas 19 y 20 de enero, a las que se suman las actividades realizadas por la Seremi de Salud de la Regi\u00f3n Metropolitana desde el d\u00eda s\u00e1bado 16 de enero a la fecha.<\/p>\n<p style=\"text-align: justify;\">La medida provisional consiste en la prohibici\u00f3n de la recepci\u00f3n de todo tipo de residuos (domiciliarios, hospitalarios e industriales) en el relleno Santa Marta. Dichos residuos deber\u00e1n ser enviados a otros recintos que tengan la capacidad para recibirlos.<\/p>\n<p style=\"text-align: justify;\">\u201cEsta medida es de car\u00e1cter preventivo y se mantendr\u00e1 vigente hasta que un estudio independiente certifique que el relleno puede volver a funcionar sin generar riesgos para el medio ambiente y la salud de las personas\u201d, explic\u00f3 el Superintendente Cristi\u00e1n Franz.<\/p>\n<p style=\"text-align: justify;\">Adicionalmente a esta medida, el d\u00eda 20 de enero la SMA ofici\u00f3 a Consorcio Santa Marta S.A. la entrega de 11 informes de car\u00e1cter ambiental en un plazo de 5 d\u00edas h\u00e1biles. Entre ellos se cuentan cuatro informes referidos a la recepci\u00f3n y manejo de residuos, como tambi\u00e9n reportes operacionales del incidente en cuesti\u00f3n.<\/p>\n<p>&nbsp;<\/p>\n","protected":false},"excerpt":{"rendered":"<p>El Superintendente, Cristi\u00e1n Franz, orden\u00f3 esta medida provisional que fue enviada en consulta al Tribunal Ambiental de Santiago con car\u00e1cter urgente.<\/p>\n","protected":false},"author":3,"featured_media":16383,"comment_status":"open","ping_status":"open","sticky":false,"template":"","format":"standard","meta":{"footnotes":""},"categories":[90],"tags":[],"class_list":["post-16384","post","type-post","status-publish","format-standard","has-post-thumbnail","hentry","category-comunicados-noticias"],"_links":{"self":[{"href":"https:\/\/portal.sma.gob.cl\/index.php\/wp-json\/wp\/v2\/posts\/16384","targetHints":{"allow":["GET"]}}],"collection":[{"href":"https:\/\/portal.sma.gob.cl\/index.php\/wp-json\/wp\/v2\/posts"}],"about":[{"href":"https:\/\/portal.sma.gob.cl\/index.php\/wp-json\/wp\/v2\/types\/post"}],"author":[{"embeddable":true,"href":"https:\/\/portal.sma.gob.cl\/index.php\/wp-json\/wp\/v2\/users\/3"}],"replies":[{"embeddable":true,"href":"https:\/\/portal.sma.gob.cl\/index.php\/wp-json\/wp\/v2\/comments?post=16384"}],"version-history":[{"count":0,"href":"https:\/\/portal.sma.gob.cl\/index.php\/wp-json\/wp\/v2\/posts\/16384\/revisions"}],"wp:featuredmedia":[{"embeddable":true,"href":"https:\/\/portal.sma.gob.cl\/index.php\/wp-json\/wp\/v2\/media\/16383"}],"wp:attachment":[{"href":"https:\/\/portal.sma.gob.cl\/index.php\/wp-json\/wp\/v2\/media?parent=16384"}],"wp:term":[{"taxonomy":"category","embeddable":true,"href":"https:\/\/portal.sma.gob.cl\/index.php\/wp-json\/wp\/v2\/categories?post=16384"},{"taxonomy":"post_tag","embeddable":true,"href":"https:\/\/portal.sma.gob.cl\/index.php\/wp-json\/wp\/v2\/tags?post=16384"}],"curies":[{"name":"wp","href":"https:\/\/api.w.org\/{rel}","templated":true}]}}