{"id":16386,"date":"2016-01-22T21:44:53","date_gmt":"2016-01-22T21:44:53","guid":{"rendered":"https:\/\/portal.sma.gob.cl\/index.php\/2016\/01\/22\/segundo-tribunal-ambiental-aprueba-prohibicion-de-funcionamiento-de-relleno-santa-marta\/"},"modified":"2016-01-22T21:44:53","modified_gmt":"2016-01-22T21:44:53","slug":"segundo-tribunal-ambiental-aprueba-prohibicion-de-funcionamiento-de-relleno-santa-marta","status":"publish","type":"post","link":"https:\/\/portal.sma.gob.cl\/index.php\/segundo-tribunal-ambiental-aprueba-prohibicion-de-funcionamiento-de-relleno-santa-marta\/","title":{"rendered":"Segundo Tribunal Ambiental aprueba prohibici\u00f3n de funcionamiento de relleno Santa Marta"},"content":{"rendered":"<p style=\"text-align: justify;\"><strong><img decoding=\"async\" class=\"size-auto size-full wp-image-16385\" src=\"https:\/\/portal.sma.gob.cl\/wp-content\/uploads\/2016\/01\/stamarta2OK.jpg\" alt=\"stamarta2OK\" width=\"760\" height=\"360\" \/><\/strong><\/p>\n<p style=\"text-align: justify;\"><strong>La medida provisional, solicitada por la Superintendencia del Medio Ambiente (SMA), es de car\u00e1cter preventivo y busca resguardar el medio ambiente y la salud de las personas.<\/strong><\/p>\n<p>  <!--more-->  <\/p>\n<p style=\"text-align: justify;\"><strong>Santiago, 22 de enero de 2016.<\/strong> En horas de la tarde el Segundo Tribunal Ambiental resolvi\u00f3 aprobar la medida provisional solicitada por la Superintendencia del Medio Ambiente (SMA) ayer, respecto de la prohibici\u00f3n de recepci\u00f3n y disposici\u00f3n de residuos sobre el Relleno Sanitario Santa Marta, ubicado en Talagante, y perteneciente al titular Consorcio Santa Marta S.A. Esta medida, de car\u00e1cter preventivo, se tom\u00f3 debido al escenario de riesgo para el medio ambiente y la salud de las personas.<\/p>\n<p style=\"text-align: justify;\">Esta acci\u00f3n se tom\u00f3 luego de analizar los antecedentes recabados en las fiscalizaciones realizadas por la SMA los d\u00edas 19 y 20 de enero, a las que se suman las actividades realizadas por la Seremi de Salud de la Regi\u00f3n Metropolitana desde el d\u00eda s\u00e1bado 16 de enero a la fecha.<\/p>\n<p style=\"text-align: justify;\">La medida provisional, autorizada durante 15 d\u00edas h\u00e1biles por el Segundo Tribunal Ambiental de acuerdo a lo dispuesto en el inciso 2\u00b0 de la Ley Org\u00e1nica de la SMA, consiste en la prohibici\u00f3n de la recepci\u00f3n de todo tipo de residuos (domiciliarios, hospitalarios e industriales) en el relleno Santa Marta. Dichos residuos deber\u00e1n ser enviados a otros recintos que tengan la capacidad para recibirlos.<\/p>\n<p>&nbsp;<\/p>\n","protected":false},"excerpt":{"rendered":"<p>La medida provisional, solicitada por la Superintendencia del Medio Ambiente (SMA), es de car\u00e1cter preventivo y busca resguardar el medio ambiente y la salud de las personas.<\/p>\n","protected":false},"author":3,"featured_media":16385,"comment_status":"open","ping_status":"open","sticky":false,"template":"","format":"standard","meta":{"footnotes":""},"categories":[90],"tags":[],"class_list":["post-16386","post","type-post","status-publish","format-standard","has-post-thumbnail","hentry","category-comunicados-noticias"],"_links":{"self":[{"href":"https:\/\/portal.sma.gob.cl\/index.php\/wp-json\/wp\/v2\/posts\/16386","targetHints":{"allow":["GET"]}}],"collection":[{"href":"https:\/\/portal.sma.gob.cl\/index.php\/wp-json\/wp\/v2\/posts"}],"about":[{"href":"https:\/\/portal.sma.gob.cl\/index.php\/wp-json\/wp\/v2\/types\/post"}],"author":[{"embeddable":true,"href":"https:\/\/portal.sma.gob.cl\/index.php\/wp-json\/wp\/v2\/users\/3"}],"replies":[{"embeddable":true,"href":"https:\/\/portal.sma.gob.cl\/index.php\/wp-json\/wp\/v2\/comments?post=16386"}],"version-history":[{"count":0,"href":"https:\/\/portal.sma.gob.cl\/index.php\/wp-json\/wp\/v2\/posts\/16386\/revisions"}],"wp:featuredmedia":[{"embeddable":true,"href":"https:\/\/portal.sma.gob.cl\/index.php\/wp-json\/wp\/v2\/media\/16385"}],"wp:attachment":[{"href":"https:\/\/portal.sma.gob.cl\/index.php\/wp-json\/wp\/v2\/media?parent=16386"}],"wp:term":[{"taxonomy":"category","embeddable":true,"href":"https:\/\/portal.sma.gob.cl\/index.php\/wp-json\/wp\/v2\/categories?post=16386"},{"taxonomy":"post_tag","embeddable":true,"href":"https:\/\/portal.sma.gob.cl\/index.php\/wp-json\/wp\/v2\/tags?post=16386"}],"curies":[{"name":"wp","href":"https:\/\/api.w.org\/{rel}","templated":true}]}}