{"id":16388,"date":"2016-01-28T18:20:00","date_gmt":"2016-01-28T18:20:00","guid":{"rendered":"https:\/\/portal.sma.gob.cl\/index.php\/2016\/01\/28\/superintendente-visita-al-nuevo-presidente-de-la-corte-suprema\/"},"modified":"2016-01-28T18:20:00","modified_gmt":"2016-01-28T18:20:00","slug":"superintendente-visita-al-nuevo-presidente-de-la-corte-suprema","status":"publish","type":"post","link":"https:\/\/portal.sma.gob.cl\/index.php\/superintendente-visita-al-nuevo-presidente-de-la-corte-suprema\/","title":{"rendered":"Superintendente visita al nuevo presidente de la Corte Suprema"},"content":{"rendered":"<p><img decoding=\"async\" class=\"size-auto size-full wp-image-16387\" src=\"https:\/\/portal.sma.gob.cl\/wp-content\/uploads\/2016\/01\/SUPREMASLIDE.jpg\" alt=\"SUPREMASLIDE\" width=\"760\" height=\"360\" srcset=\"https:\/\/portal.sma.gob.cl\/wp-content\/uploads\/2016\/01\/SUPREMASLIDE-200x95.jpg 200w, https:\/\/portal.sma.gob.cl\/wp-content\/uploads\/2016\/01\/SUPREMASLIDE-300x142.jpg 300w, https:\/\/portal.sma.gob.cl\/wp-content\/uploads\/2016\/01\/SUPREMASLIDE-400x189.jpg 400w, https:\/\/portal.sma.gob.cl\/wp-content\/uploads\/2016\/01\/SUPREMASLIDE-600x284.jpg 600w, https:\/\/portal.sma.gob.cl\/wp-content\/uploads\/2016\/01\/SUPREMASLIDE.jpg 760w\" sizes=\"(max-width: 760px) 100vw, 760px\" \/><strong>Esta ma\u00f1ana el Superintendente Cristi\u00e1n Franz realiz\u00f3 una visita protocolar al nuevo titular de la Suprema, Hugo Dolmestch.<\/strong><\/p>\n<p>  <!--more-->  <\/p>\n<p style=\"text-align: justify;\"><strong>Santiago, 28 de enero de 2016.<\/strong> Esta ma\u00f1ana el Superintendente del Medio Ambiente, Cristi\u00e1n Franz, realiz\u00f3 una visita protocolar al nuevo Presidente de la Corte Suprema, Hugo Dolmestch, quien asumi\u00f3 su cargo el pasado 6 de enero, para el bienio 2016-2018.<\/p>\n<p style=\"text-align: justify;\">En la oportunidad el Superintendente le dese\u00f3 el mayor de los \u00e9xitos al nuevo Presidente en su gesti\u00f3n y aprovech\u00f3 de compartir con \u00e9l los principales aspectos relacionados con las competencias de la SMA, en t\u00e9rminos de fiscalizaci\u00f3n y sanci\u00f3n en los casos de incumplimientos en materia ambiental. Franz destac\u00f3 la importancia de la nueva institucionalidad ambiental que comenz\u00f3 a operar en 2013, y que \u201cjunto a los Tribunales Ambientales, viene a fortalecer la acci\u00f3n combinada, tanto del Poder Judicial como del Poder Ejecutivo, en la defensa y promoci\u00f3n del derecho a vivir en un medio ambiente libre de contaminaci\u00f3n\u201d, afirm\u00f3.<\/p>\n","protected":false},"excerpt":{"rendered":"<p>Esta ma\u00f1ana el Superintendente Cristi\u00e1n Franz realiz\u00f3 una visita protocolar al nuevo titular de la Suprema, Hugo Dolmestch.<\/p>\n","protected":false},"author":3,"featured_media":16387,"comment_status":"open","ping_status":"open","sticky":false,"template":"","format":"standard","meta":{"footnotes":""},"categories":[94],"tags":[],"class_list":["post-16388","post","type-post","status-publish","format-standard","has-post-thumbnail","hentry","category-notas-noticias"],"_links":{"self":[{"href":"https:\/\/portal.sma.gob.cl\/index.php\/wp-json\/wp\/v2\/posts\/16388","targetHints":{"allow":["GET"]}}],"collection":[{"href":"https:\/\/portal.sma.gob.cl\/index.php\/wp-json\/wp\/v2\/posts"}],"about":[{"href":"https:\/\/portal.sma.gob.cl\/index.php\/wp-json\/wp\/v2\/types\/post"}],"author":[{"embeddable":true,"href":"https:\/\/portal.sma.gob.cl\/index.php\/wp-json\/wp\/v2\/users\/3"}],"replies":[{"embeddable":true,"href":"https:\/\/portal.sma.gob.cl\/index.php\/wp-json\/wp\/v2\/comments?post=16388"}],"version-history":[{"count":0,"href":"https:\/\/portal.sma.gob.cl\/index.php\/wp-json\/wp\/v2\/posts\/16388\/revisions"}],"wp:featuredmedia":[{"embeddable":true,"href":"https:\/\/portal.sma.gob.cl\/index.php\/wp-json\/wp\/v2\/media\/16387"}],"wp:attachment":[{"href":"https:\/\/portal.sma.gob.cl\/index.php\/wp-json\/wp\/v2\/media?parent=16388"}],"wp:term":[{"taxonomy":"category","embeddable":true,"href":"https:\/\/portal.sma.gob.cl\/index.php\/wp-json\/wp\/v2\/categories?post=16388"},{"taxonomy":"post_tag","embeddable":true,"href":"https:\/\/portal.sma.gob.cl\/index.php\/wp-json\/wp\/v2\/tags?post=16388"}],"curies":[{"name":"wp","href":"https:\/\/api.w.org\/{rel}","templated":true}]}}