{"id":16390,"date":"2016-01-29T19:09:09","date_gmt":"2016-01-29T19:09:09","guid":{"rendered":"https:\/\/portal.sma.gob.cl\/index.php\/2016\/01\/29\/sma-inicio-de-periodo-de-postulacion-para-integrar-el-consejo-de-la-sociedad-civil\/"},"modified":"2016-01-29T19:09:09","modified_gmt":"2016-01-29T19:09:09","slug":"sma-inicio-de-periodo-de-postulacion-para-integrar-el-consejo-de-la-sociedad-civil","status":"publish","type":"post","link":"https:\/\/portal.sma.gob.cl\/index.php\/sma-inicio-de-periodo-de-postulacion-para-integrar-el-consejo-de-la-sociedad-civil\/","title":{"rendered":"SMA inicia per\u00edodo de postulaci\u00f3n para integrar el Consejo de la Sociedad Civil"},"content":{"rendered":"<p style=\"text-align: justify;\"><strong><img decoding=\"async\" class=\"size-auto size-full wp-image-16389\" src=\"https:\/\/portal.sma.gob.cl\/wp-content\/uploads\/2016\/01\/consejosc-nota.png\" alt=\"consejosc-nota\" width=\"760\" height=\"360\" srcset=\"https:\/\/portal.sma.gob.cl\/wp-content\/uploads\/2016\/01\/consejosc-nota-200x95.png 200w, https:\/\/portal.sma.gob.cl\/wp-content\/uploads\/2016\/01\/consejosc-nota-300x142.png 300w, https:\/\/portal.sma.gob.cl\/wp-content\/uploads\/2016\/01\/consejosc-nota-400x189.png 400w, https:\/\/portal.sma.gob.cl\/wp-content\/uploads\/2016\/01\/consejosc-nota-600x284.png 600w, https:\/\/portal.sma.gob.cl\/wp-content\/uploads\/2016\/01\/consejosc-nota.png 760w\" sizes=\"(max-width: 760px) 100vw, 760px\" \/><\/strong><\/p>\n<p style=\"text-align: justify;\"><strong style=\"font-size: 12.16px; line-height: 1.3em;\">Se invita a los interesados a postular hasta el martes de 15 de marzo.<\/strong><\/p>\n<p>  <!--more-->  <\/p>\n<p style=\"text-align: justify;\">S<strong>antiago, 29 de enero de 2016.<\/strong> La Superintendencia del Medio Ambiente (SMA), como servicio p\u00fablico descentralizado perteneciente a la Administraci\u00f3n del Estado debe dar cumplimiento a lo se\u00f1alado en el art\u00edculo 74, de la Ley N\u00b0 20.500, del Ministerio Secretar\u00eda General de Gobierno, sobre asociaciones y participaci\u00f3n ciudadana, que dispone <em>\u201cLos \u00f3rganos de la Administraci\u00f3n del Estado deber\u00e1n establecer consejos de la sociedad civil, de car\u00e1cter consultivo, que estar\u00e1n conformados de manera diversa, representativa y pluralista por asociaciones sin fines de lucro que tengan relaci\u00f3n con la competencia del \u00f3rgano respectivo.\u201d<\/em><\/p>\n<p style=\"text-align: justify;\">Para dar ejecuci\u00f3n al mandato legal transcrito, mediante la dictaci\u00f3n de la Resoluci\u00f3n Exenta N\u00b0 1.360, de fecha 29 de noviembre del a\u00f1o 2013, se aprob\u00f3 el reglamento del Consejo de la Sociedad Civil de la Superintendencia del Medio Ambiente, en el cual se establece que sus consejeros durar\u00e1n en sus funciones un per\u00edodo de dos a\u00f1os, plazo que se encuentra cumplido.<\/p>\n<p style=\"text-align: justify;\">En raz\u00f3n de lo se\u00f1alado, el Superintendente del Medio Ambiente ha resuelto abrir un procedimiento de postulaci\u00f3n para integrar el Consejo de la Sociedad Civil de este ente fiscalizador para el per\u00edodo comprendido entre los a\u00f1os 2016 a 2018, invitando a participar del proceso a instituciones sin fines de lucro, que tengan relaci\u00f3n con la competencias de esta Superintendencia, como son:<\/p>\n<p style=\"text-align: justify;\"><strong>a) Gremios u organizaciones empresariales del pa\u00eds; <\/strong><br \/><strong>b) Centros de estudios que se ocupen de materias que tengan relaci\u00f3n con la protecci\u00f3n del medio ambiente, y que no pertenezcan ni formen parte de instituciones de educaci\u00f3n superior; <\/strong><br \/><strong>c) Facultades de ciencias ambientales de instituciones de educaci\u00f3n superior; <\/strong><br \/><strong>d) Facultades o escuelas de derecho de instituciones de educaci\u00f3n superior, que estudien o se ocupen de materias de Derecho Ambiental y\/o Derecho Administrativo; <\/strong><br \/><strong>e) Organizaciones no gubernamentales cuyos fines tengan relaci\u00f3n con la protecci\u00f3n del medio ambiente; <\/strong><br \/><strong>f) Colegios de profesionales cuyas profesiones tengan relaci\u00f3n con la protecci\u00f3n del medio ambiente; y <\/strong><br \/><strong>g) Organizaciones sindicales del pa\u00eds.<\/strong><\/p>\n<p style=\"text-align: justify;\">Las solicitudes de todas las entidades deber\u00e1n se\u00f1alar el nombre de un representante titular y de un suplente para reemplazar al primero, en caso de que este se encuentre impedido de asistir a las sesiones que se celebren.<\/p>\n<p style=\"text-align: justify;\">En el caso de las entidades se\u00f1aladas en la letra e), la solicitud deber\u00e1 consignar el nombre y domicilio de las entidades, y deber\u00e1n acompa\u00f1arse de los documentos que acrediten el objeto, la personalidad jur\u00eddica y la fecha de constituci\u00f3n de las mismas, las que deber\u00e1n tener una existencia no inferior a un a\u00f1o, contado desde la fecha de la solicitud.<\/p>\n<p style=\"text-align: justify;\">Las entidades gremiales que postulen deber\u00e1n proponer una n\u00f3mina, y acompa\u00f1ar a su solicitud los antecedentes relativos al n\u00famero de afiliados y a\u00f1os de existencia.<\/p>\n<p style=\"text-align: justify;\">Todas las solicitudes ser\u00e1n entregadas de forma presencial, en la Oficina de Partes de la Superintendencia del Medio Ambiente, ubicada en calle Teatinos N\u00b0 280, 8\u00b0piso, entre las 09:00 y 13 horas. No se aceptar\u00e1n las solicitudes que se entreguen con posterioridad al d\u00eda martes 15 de marzo de 2016.<\/p>\n<p style=\"text-align: justify;\">La designaci\u00f3n de los consejeros que integrar\u00e1n el Consejo de la Sociedad Civil de la Superintendencia del Medio Ambiente, se efectuar\u00e1 mediante la respectiva resoluci\u00f3n exenta del Superintendente del Medio Ambiente, a m\u00e1s tardar el d\u00eda martes 29 de marzo de 2016, y tendr\u00e1 vigencia a contar del d\u00eda 01 de mayo de 2016, de conformidad a lo se\u00f1alado en el art\u00edculo 4\u00b0 de la resoluci\u00f3n exenta N \u00b0 1.360, ya singularizada.<\/p>\n","protected":false},"excerpt":{"rendered":"<p>Se invita a los interesados a postular hasta el martes de 15 de marzo.<\/p>\n","protected":false},"author":3,"featured_media":16389,"comment_status":"open","ping_status":"open","sticky":false,"template":"","format":"standard","meta":{"footnotes":""},"categories":[94],"tags":[],"class_list":["post-16390","post","type-post","status-publish","format-standard","has-post-thumbnail","hentry","category-notas-noticias"],"_links":{"self":[{"href":"https:\/\/portal.sma.gob.cl\/index.php\/wp-json\/wp\/v2\/posts\/16390","targetHints":{"allow":["GET"]}}],"collection":[{"href":"https:\/\/portal.sma.gob.cl\/index.php\/wp-json\/wp\/v2\/posts"}],"about":[{"href":"https:\/\/portal.sma.gob.cl\/index.php\/wp-json\/wp\/v2\/types\/post"}],"author":[{"embeddable":true,"href":"https:\/\/portal.sma.gob.cl\/index.php\/wp-json\/wp\/v2\/users\/3"}],"replies":[{"embeddable":true,"href":"https:\/\/portal.sma.gob.cl\/index.php\/wp-json\/wp\/v2\/comments?post=16390"}],"version-history":[{"count":0,"href":"https:\/\/portal.sma.gob.cl\/index.php\/wp-json\/wp\/v2\/posts\/16390\/revisions"}],"wp:featuredmedia":[{"embeddable":true,"href":"https:\/\/portal.sma.gob.cl\/index.php\/wp-json\/wp\/v2\/media\/16389"}],"wp:attachment":[{"href":"https:\/\/portal.sma.gob.cl\/index.php\/wp-json\/wp\/v2\/media?parent=16390"}],"wp:term":[{"taxonomy":"category","embeddable":true,"href":"https:\/\/portal.sma.gob.cl\/index.php\/wp-json\/wp\/v2\/categories?post=16390"},{"taxonomy":"post_tag","embeddable":true,"href":"https:\/\/portal.sma.gob.cl\/index.php\/wp-json\/wp\/v2\/tags?post=16390"}],"curies":[{"name":"wp","href":"https:\/\/api.w.org\/{rel}","templated":true}]}}