{"id":16393,"date":"2016-02-02T17:39:00","date_gmt":"2016-02-02T17:39:00","guid":{"rendered":"https:\/\/portal.sma.gob.cl\/index.php\/2016\/02\/02\/tribunal-ambiental-de-santiago-ratifica-multa-de-la-sma-a-proyecto-minero-caserones\/"},"modified":"2016-02-02T17:39:00","modified_gmt":"2016-02-02T17:39:00","slug":"tribunal-ambiental-de-santiago-ratifica-multa-de-la-sma-a-proyecto-minero-caserones","status":"publish","type":"post","link":"https:\/\/portal.sma.gob.cl\/index.php\/tribunal-ambiental-de-santiago-ratifica-multa-de-la-sma-a-proyecto-minero-caserones\/","title":{"rendered":"Tribunal Ambiental de Santiago ratifica multa de la SMA a proyecto minero Caserones"},"content":{"rendered":"<p style=\"text-align: justify;\"><strong><img decoding=\"async\" class=\"size-auto size-full wp-image-16392\" src=\"https:\/\/portal.sma.gob.cl\/wp-content\/uploads\/2016\/02\/NOTA.jpg\" alt=\"NOTA\" width=\"760\" height=\"300\" srcset=\"https:\/\/portal.sma.gob.cl\/wp-content\/uploads\/2016\/02\/NOTA-200x79.jpg 200w, https:\/\/portal.sma.gob.cl\/wp-content\/uploads\/2016\/02\/NOTA-300x118.jpg 300w, https:\/\/portal.sma.gob.cl\/wp-content\/uploads\/2016\/02\/NOTA-400x158.jpg 400w, https:\/\/portal.sma.gob.cl\/wp-content\/uploads\/2016\/02\/NOTA-600x237.jpg 600w, https:\/\/portal.sma.gob.cl\/wp-content\/uploads\/2016\/02\/NOTA.jpg 760w\" sizes=\"(max-width: 760px) 100vw, 760px\" \/><\/strong><\/p>\n<p style=\"text-align: justify;\"><strong><span style=\"line-height: 15.808px; text-align: justify;\" data-mce-mark=\"1\">La instancia, por unanimidad de sus integrantes, rechaz\u00f3 dos reclamaciones interpuestas contra la decisi\u00f3n tomada por la SMA en marzo de 2015.<\/span><\/strong><\/p>\n<p>  <!--more-->  <\/p>\n<p style=\"text-align: justify;\"><strong>Santiago, 2 de febrero de 2016.<\/strong> El Tribunal Ambiental de Santiago, por la unanimidad de sus integrantes, rechaz\u00f3 las dos reclamaciones interpuestas por la Comunidad Ind\u00edgena Colla Tata Inti Pueblo Los Loros y vecinos de la zona, contra la resoluci\u00f3n sancionatoria de la Superintendencia del Medio Ambiente (SMA), de marzo de 2015, y que sancion\u00f3 al proyecto minero Caserones, ubicado en la Regi\u00f3n de Atacama, con una multa de 14.387 UTA (US$10,8 millones).<\/p>\n<p style=\"text-align: justify;\">En su resoluci\u00f3n sancionatoria la SMA comprob\u00f3 17 incumplimientos a varias de las RCA del proyecto Caserones, 8 de ellas graves y 9 leves, y orden\u00f3 medidas urgentes y transitorias al titular del proyecto ubicado en la comuna de Tierra Amarilla.<br \/>El Segundo Tribunal Ambiental, integrado por su presidente Rafael Asenjo; y los ministros Sebasti\u00e1n Vald\u00e9s y Ximena Insunza, respaldaron el actuar de la SMA y se\u00f1alaron que &#8220;por todo lo desarrollado en esta sentencia, el Tribunal confirma la clasificaci\u00f3n de las infracciones, as\u00ed como la aplicaci\u00f3n de las circunstancias del art\u00edculo 40 de la Ley Org\u00e1nica de la SMA (LOSMA) para la determinaci\u00f3n de la sanci\u00f3n al caso concreto y su cuant\u00eda&#8221;.<\/p>\n<p style=\"text-align: justify;\">Al respecto, el Superintendente Cristi\u00e1n Franz expres\u00f3: \u201cEsta es una excelente noticia para nosotros. Una vez m\u00e1s, el Tribunal Ambiental de Santiago nos da la raz\u00f3n, confirmando la alta calidad del trabajo de nuestros fiscalizadores y de nuestros abogados los que en este caso, como en todos los otros, han presentado los mejores argumentos que nos permiten ganar en Tribunales\u201d.<\/p>\n<p style=\"text-align: justify;\">Para mayor informaci\u00f3n, visitar el expediente de la causa en el <a href=\"http:\/\/consultas.tribunalambiental.cl\/ambiental_portal\/Web\/Portal\/LEX_POR_ExpedienteCausa.aspx?q=qwwvEXYDPdGeq\/+h7eqnhy196sdGd\/gOri1l9f0Ga0UaUT83ORlsHs5uiDdETb8ZuXmIb41AEGLA0Qb9jEacYsO3UVz75NUyzWo1J3rMECg=\" target=\"_blank\">Segundo Tribunal Ambiental.<\/a><\/p>\n","protected":false},"excerpt":{"rendered":"<p>La instancia, por unanimidad de sus integrantes, rechaz\u00f3 dos reclamaciones interpuestas contra la decisi\u00f3n tomada por la SMA en marzo de 2015.<\/p>\n","protected":false},"author":3,"featured_media":16391,"comment_status":"open","ping_status":"open","sticky":false,"template":"","format":"standard","meta":{"footnotes":""},"categories":[90],"tags":[],"class_list":["post-16393","post","type-post","status-publish","format-standard","has-post-thumbnail","hentry","category-comunicados-noticias"],"_links":{"self":[{"href":"https:\/\/portal.sma.gob.cl\/index.php\/wp-json\/wp\/v2\/posts\/16393","targetHints":{"allow":["GET"]}}],"collection":[{"href":"https:\/\/portal.sma.gob.cl\/index.php\/wp-json\/wp\/v2\/posts"}],"about":[{"href":"https:\/\/portal.sma.gob.cl\/index.php\/wp-json\/wp\/v2\/types\/post"}],"author":[{"embeddable":true,"href":"https:\/\/portal.sma.gob.cl\/index.php\/wp-json\/wp\/v2\/users\/3"}],"replies":[{"embeddable":true,"href":"https:\/\/portal.sma.gob.cl\/index.php\/wp-json\/wp\/v2\/comments?post=16393"}],"version-history":[{"count":0,"href":"https:\/\/portal.sma.gob.cl\/index.php\/wp-json\/wp\/v2\/posts\/16393\/revisions"}],"wp:featuredmedia":[{"embeddable":true,"href":"https:\/\/portal.sma.gob.cl\/index.php\/wp-json\/wp\/v2\/media\/16391"}],"wp:attachment":[{"href":"https:\/\/portal.sma.gob.cl\/index.php\/wp-json\/wp\/v2\/media?parent=16393"}],"wp:term":[{"taxonomy":"category","embeddable":true,"href":"https:\/\/portal.sma.gob.cl\/index.php\/wp-json\/wp\/v2\/categories?post=16393"},{"taxonomy":"post_tag","embeddable":true,"href":"https:\/\/portal.sma.gob.cl\/index.php\/wp-json\/wp\/v2\/tags?post=16393"}],"curies":[{"name":"wp","href":"https:\/\/api.w.org\/{rel}","templated":true}]}}