{"id":16396,"date":"2016-02-10T21:16:43","date_gmt":"2016-02-10T21:16:43","guid":{"rendered":"https:\/\/portal.sma.gob.cl\/index.php\/2016\/02\/10\/tribunal-ambiental-acoge-solicitud-de-la-sma-y-autoriza-la-clausura-parcial-del-relleno-santa-marta\/"},"modified":"2016-02-10T21:16:43","modified_gmt":"2016-02-10T21:16:43","slug":"tribunal-ambiental-acoge-solicitud-de-la-sma-y-autoriza-la-clausura-parcial-del-relleno-santa-marta","status":"publish","type":"post","link":"https:\/\/portal.sma.gob.cl\/index.php\/tribunal-ambiental-acoge-solicitud-de-la-sma-y-autoriza-la-clausura-parcial-del-relleno-santa-marta\/","title":{"rendered":"Tribunal Ambiental acoge solicitud de la SMA y autoriza la clausura parcial del relleno Santa Marta"},"content":{"rendered":"<p><strong><img decoding=\"async\" class=\"size-auto size-full wp-image-16395\" src=\"https:\/\/portal.sma.gob.cl\/wp-content\/uploads\/2016\/02\/santamarta1.jpg\" alt=\"santamarta1\" width=\"760\" height=\"360\" srcset=\"https:\/\/portal.sma.gob.cl\/wp-content\/uploads\/2016\/02\/santamarta1-200x95.jpg 200w, https:\/\/portal.sma.gob.cl\/wp-content\/uploads\/2016\/02\/santamarta1-300x142.jpg 300w, https:\/\/portal.sma.gob.cl\/wp-content\/uploads\/2016\/02\/santamarta1-400x189.jpg 400w, https:\/\/portal.sma.gob.cl\/wp-content\/uploads\/2016\/02\/santamarta1-600x284.jpg 600w, https:\/\/portal.sma.gob.cl\/wp-content\/uploads\/2016\/02\/santamarta1.jpg 760w\" sizes=\"(max-width: 760px) 100vw, 760px\" \/><\/strong><\/p>\n<p><strong>Medida fue concedida por 30 d\u00edas corridos. La SMA notific\u00f3 hoy a la empresa Consorcio Santa Marta S.A de la decisi\u00f3n del Ilustre Tribunal.<\/strong><\/p>\n<p>  <!--more-->  <\/p>\n<p><strong>Santiago, 10 de febrero de 2016.<\/strong> El Tribunal Ambiental de Santiago autoriz\u00f3 a la Superintendencia del Medio Ambiente (SMA) para decretar la clausura temporal parcial de las instalaciones del Relleno Sanitario Santa Marta, ubicado en la comuna de Talagante.<\/p>\n<p>La instancia expres\u00f3: \u201cQue, de acuerdo con lo se\u00f1alado en las consideraciones precedentes, los nuevos antecedentes acompa\u00f1ados a la presente solicitud -en particular los informes t\u00e9cnicos singularizados en el considerando 6 anterior-, y el car\u00e1cter p\u00fablico y notorio de algunos de los hechos ocurridos recientemente en el Relleno Sanitario Santa Marta, y de sus potenciales consecuencias, es claro para este Ministro que se mantiene en la actualidad un escenario de riesgo o da\u00f1o inminente al medio ambiente y a la salud de las personas de la Regi\u00f3n Metropolitana, en particular, a la poblaci\u00f3n aleda\u00f1a al relleno sanitario, el que debe necesariamente prevenirse a trav\u00e9s de la medida solicitada\u201d, dice la sentencia redactada por el ministro de Turno, Sebasti\u00e1n Vald\u00e9s.<\/p>\n<p>La resoluci\u00f3n detalla que \u201cs\u00f3lo se podr\u00e1 disponer y operar el \u00e1rea identificada como \u201czona de seguridad \u2013 Celda 1\u201d, georreferenciada detalladamente en la parte resolutiva IX de la Resoluci\u00f3n Exenta N\u00b0 1\/ROL F-11-2016\u2033.<\/p>\n<p>La autorizaci\u00f3n de clausura parcial fue concedida por el t\u00e9rmino de 30 d\u00edas corridos, contados desde que la SMA notifique a Consorcio Santa Marta S.A., titular del relleno sanitario.<\/p>\n<p>Para mayor informaci\u00f3n, visitar la web del <a style=\"font-size: 12.16px; line-height: 1.3em;\" href=\"http:\/\/www.tribunalambiental.cl\/2ta\/tribunal-ambiental-de-santiago-autorizo-la-clausura-temporal-parcial-de-las-instalaciones-del-relleno-sanitario-santa-marta\/\">Segundo Tribunal Ambiental de Santiago.<\/a><\/p>\n","protected":false},"excerpt":{"rendered":"<p>Medida fue concedida por 30 d\u00edas corridos. La SMA notific\u00f3 hoy a la empresa Consorcio Santa Marta S.A de la decisi\u00f3n del Ilustre Tribunal.<\/p>\n","protected":false},"author":3,"featured_media":16395,"comment_status":"open","ping_status":"open","sticky":false,"template":"","format":"standard","meta":{"footnotes":""},"categories":[90],"tags":[],"class_list":["post-16396","post","type-post","status-publish","format-standard","has-post-thumbnail","hentry","category-comunicados-noticias"],"_links":{"self":[{"href":"https:\/\/portal.sma.gob.cl\/index.php\/wp-json\/wp\/v2\/posts\/16396","targetHints":{"allow":["GET"]}}],"collection":[{"href":"https:\/\/portal.sma.gob.cl\/index.php\/wp-json\/wp\/v2\/posts"}],"about":[{"href":"https:\/\/portal.sma.gob.cl\/index.php\/wp-json\/wp\/v2\/types\/post"}],"author":[{"embeddable":true,"href":"https:\/\/portal.sma.gob.cl\/index.php\/wp-json\/wp\/v2\/users\/3"}],"replies":[{"embeddable":true,"href":"https:\/\/portal.sma.gob.cl\/index.php\/wp-json\/wp\/v2\/comments?post=16396"}],"version-history":[{"count":0,"href":"https:\/\/portal.sma.gob.cl\/index.php\/wp-json\/wp\/v2\/posts\/16396\/revisions"}],"wp:featuredmedia":[{"embeddable":true,"href":"https:\/\/portal.sma.gob.cl\/index.php\/wp-json\/wp\/v2\/media\/16395"}],"wp:attachment":[{"href":"https:\/\/portal.sma.gob.cl\/index.php\/wp-json\/wp\/v2\/media?parent=16396"}],"wp:term":[{"taxonomy":"category","embeddable":true,"href":"https:\/\/portal.sma.gob.cl\/index.php\/wp-json\/wp\/v2\/categories?post=16396"},{"taxonomy":"post_tag","embeddable":true,"href":"https:\/\/portal.sma.gob.cl\/index.php\/wp-json\/wp\/v2\/tags?post=16396"}],"curies":[{"name":"wp","href":"https:\/\/api.w.org\/{rel}","templated":true}]}}