{"id":16400,"date":"2016-02-18T19:15:17","date_gmt":"2016-02-18T19:15:17","guid":{"rendered":"https:\/\/portal.sma.gob.cl\/index.php\/2016\/02\/18\/en-marzo-se-efectuaran-los-talleres-del-programa-de-encuentros-para-la-promocion-al-cumplimiento-dirigidos-a-titulares-de-proyectos\/"},"modified":"2016-02-18T19:15:17","modified_gmt":"2016-02-18T19:15:17","slug":"en-marzo-se-efectuaran-los-talleres-del-programa-de-encuentros-para-la-promocion-al-cumplimiento-dirigidos-a-titulares-de-proyectos","status":"publish","type":"post","link":"https:\/\/portal.sma.gob.cl\/index.php\/en-marzo-se-efectuaran-los-talleres-del-programa-de-encuentros-para-la-promocion-al-cumplimiento-dirigidos-a-titulares-de-proyectos\/","title":{"rendered":"En marzo se efectuar\u00e1n talleres de capacitaci\u00f3n en Seguimiento Ambiental dirigidos a Titulares de proyectos"},"content":{"rendered":"<p style=\"text-align: justify;\"><img decoding=\"async\" class=\"size-auto size-full wp-image-16399\" src=\"https:\/\/portal.sma.gob.cl\/wp-content\/uploads\/2016\/02\/seguimiento-nota.png\" alt=\"seguimiento-nota\" width=\"684\" height=\"324\" srcset=\"https:\/\/portal.sma.gob.cl\/wp-content\/uploads\/2016\/02\/seguimiento-nota-200x95.png 200w, https:\/\/portal.sma.gob.cl\/wp-content\/uploads\/2016\/02\/seguimiento-nota-300x142.png 300w, https:\/\/portal.sma.gob.cl\/wp-content\/uploads\/2016\/02\/seguimiento-nota-400x190.png 400w, https:\/\/portal.sma.gob.cl\/wp-content\/uploads\/2016\/02\/seguimiento-nota-600x284.png 600w, https:\/\/portal.sma.gob.cl\/wp-content\/uploads\/2016\/02\/seguimiento-nota-768x364.png 768w, https:\/\/portal.sma.gob.cl\/wp-content\/uploads\/2016\/02\/seguimiento-nota-800x379.png 800w, https:\/\/portal.sma.gob.cl\/wp-content\/uploads\/2016\/02\/seguimiento-nota-1024x485.png 1024w, https:\/\/portal.sma.gob.cl\/wp-content\/uploads\/2016\/02\/seguimiento-nota-1200x569.png 1200w, https:\/\/portal.sma.gob.cl\/wp-content\/uploads\/2016\/02\/seguimiento-nota.png 1583w\" sizes=\"(max-width: 684px) 100vw, 684px\" \/><\/p>\n<p style=\"text-align: justify;\"><strong>En el mes de marzo se dar\u00e1 inicio al Programa de Encuentros para la Promoci\u00f3n al Cumplimiento, iniciativa impulsada por la SMA que busca entregar herramientas a distintos actores relacionados con la fiscalizaci\u00f3n ambiental orientadas a incrementar el cumplimiento de la normativa ambiental.<\/strong><\/p>\n<p>  <!--more-->  <\/p>\n<p style=\"text-align: justify;\"><strong>Santiago, 18 de febrero de 2016.<\/strong> Se efectuaran 8 talleres dirigidos a Titulares de proyectos que deban reportar seguimientos comprometidos en Planes de Descontaminaci\u00f3n Ambiental y Normas de Emisi\u00f3n Atmosf\u00e9ricas a trav\u00e9s de RETC.<\/p>\n<p style=\"text-align: justify;\">Las fechas y ciudades de los talleres de RETC son: &nbsp; &nbsp; &nbsp; &nbsp; &nbsp; &nbsp; &nbsp; &nbsp; &nbsp; &nbsp; &nbsp; &nbsp; &nbsp; &nbsp; &nbsp; &nbsp; &nbsp; &nbsp; &nbsp; &nbsp; &nbsp; &nbsp; &nbsp; &nbsp; &nbsp; &nbsp; &nbsp; &nbsp; &nbsp; &nbsp; &nbsp; &nbsp; &nbsp; &nbsp; &nbsp; &nbsp; &nbsp; &nbsp; &nbsp; &nbsp; &nbsp; &nbsp; &nbsp; &nbsp; &nbsp; &nbsp; &nbsp;&nbsp;<\/p>\n<table style=\"border-collapse: collapse; border: none; width: 100%;\" border=\"1\" cellspacing=\"0\" cellpadding=\"0\">\n<tbody>\n<tr>\n<td style=\"width: 75.62%; border: 1pt solid windowtext; padding: 0cm 5.4pt;\" colspan=\"6\" valign=\"top\" width=\"75%\">\n<p style=\"margin-bottom: 0.0001pt; text-align: center;\" align=\"center\"><strong>Taller de Seguimiento Ambiental-RETC<\/strong><\/p>\n<\/td>\n<td style=\"width: 24.38%; border-style: solid solid solid none; border-top-color: windowtext; border-right-color: windowtext; border-bottom-color: windowtext; border-top-width: 1pt; border-right-width: 1pt; border-bottom-width: 1pt; padding: 0cm 5.4pt;\" valign=\"top\" width=\"24%\">\n<p style=\"margin-bottom: 0.0001pt; text-align: center;\" align=\"center\"><strong><a class=\"doclink\" style=\"font-size: 12.16px; line-height: 15.808px; text-align: justify;\" href=\"index.php?option=com_docman&amp;task=doc_download&amp;gid=398&amp;Itemid=280\"><img decoding=\"async\" class=\" size-full wp-image-15480\" src=\"https:\/\/portal.sma.gob.cl\/wp-content\/uploads\/2012\/07\/pdf.png\" alt=\"icon\" border=\"0\" width=\"16\" height=\"16\" \/>&nbsp;Descargue el programa del Taller RETC aqu\u00ed<\/a>&nbsp;<\/strong><\/p>\n<\/td>\n<\/tr>\n<tr>\n<td style=\"width: 11.38%; border-style: none solid solid; border-right-color: windowtext; border-bottom-color: windowtext; border-left-color: windowtext; border-right-width: 1pt; border-bottom-width: 1pt; border-left-width: 1pt; padding: 0cm 5.4pt;\" valign=\"top\" width=\"11%\">\n<p style=\"margin-bottom: 0.0001pt;\"><strong>Fecha<\/strong><\/p>\n<\/td>\n<td style=\"width: 11.48%; border-style: none solid solid none; border-bottom-color: windowtext; border-bottom-width: 1pt; border-right-color: windowtext; border-right-width: 1pt; padding: 0cm 5.4pt;\" valign=\"top\" width=\"11%\">\n<p style=\"margin-bottom: 0.0001pt;\"><strong>Ciudad<\/strong><\/p>\n<\/td>\n<td style=\"width: 11.58%; border-style: none solid solid none; border-bottom-color: windowtext; border-bottom-width: 1pt; border-right-color: windowtext; border-right-width: 1pt; padding: 0cm 5.4pt;\" valign=\"top\" width=\"11%\">\n<p style=\"margin-bottom: 0.0001pt;\"><strong>P\u00fablico Objetivo<\/strong><\/p>\n<\/td>\n<td style=\"width: 11.1%; border-style: none solid solid none; border-bottom-color: windowtext; border-bottom-width: 1pt; border-right-color: windowtext; border-right-width: 1pt; padding: 0cm 5.4pt;\" valign=\"top\" width=\"11%\">\n<p style=\"margin-bottom: 0.0001pt;\"><strong>Lugar <\/strong><\/p>\n<\/td>\n<td style=\"width: 11%; border-style: none solid solid none; border-bottom-color: windowtext; border-bottom-width: 1pt; border-right-color: windowtext; border-right-width: 1pt; padding: 0cm 5.4pt;\" valign=\"top\" width=\"11%\">\n<p style=\"margin-bottom: 0.0001pt;\"><strong>Horario<\/strong><\/p>\n<\/td>\n<td style=\"width: 19.08%; border-style: none solid solid none; border-bottom-color: windowtext; border-bottom-width: 1pt; border-right-color: windowtext; border-right-width: 1pt; padding: 0cm 5.4pt;\" valign=\"top\" width=\"19%\">\n<p style=\"margin-bottom: 0.0001pt;\"><strong>Inscripci\u00f3n Previa Requerida<\/strong><\/p>\n<\/td>\n<td style=\"width: 24.38%; border-style: none solid solid none; border-bottom-color: windowtext; border-bottom-width: 1pt; border-right-color: windowtext; border-right-width: 1pt; padding: 0cm 5.4pt;\" valign=\"top\" width=\"24%\">\n<p style=\"margin-bottom: 0.0001pt;\"><strong>Correo de inscripci\u00f3n<\/strong><\/p>\n<\/td>\n<\/tr>\n<tr>\n<td style=\"width: 11.38%; border-style: none solid solid; border-right-color: windowtext; border-bottom-color: windowtext; border-left-color: windowtext; border-right-width: 1pt; border-bottom-width: 1pt; border-left-width: 1pt; padding: 0cm 5.4pt;\" valign=\"top\" width=\"11%\">\n<p style=\"margin-bottom: 0.0001pt;\">Martes 08\/03\/16<\/p>\n<\/td>\n<td style=\"width: 11.48%; border-style: none solid solid none; border-bottom-color: windowtext; border-bottom-width: 1pt; border-right-color: windowtext; border-right-width: 1pt; padding: 0cm 5.4pt;\" valign=\"top\" width=\"11%\">\n<p style=\"margin-bottom: 0.0001pt;\">Santiago<\/p>\n<p style=\"margin-bottom: 0.0001pt;\"><span style=\"color: #ff0000;\"><strong>\u00a1CUPOS&nbsp;<\/strong><\/span><\/p>\n<p style=\"margin-bottom: 0.0001pt;\"><span style=\"color: #ff0000;\"><strong style=\"color: #ff0000; line-height: 1.3em;\">AGOTADOS!<\/strong><\/span><\/p>\n<\/td>\n<td style=\"width: 11.58%; border-style: none solid solid none; border-bottom-color: windowtext; border-bottom-width: 1pt; border-right-color: windowtext; border-right-width: 1pt; padding: 0cm 5.4pt;\" rowspan=\"8\" width=\"11%\">\n<p style=\"margin-bottom: 0.0001pt; text-align: justify;\"><strong>Titulares que deben reportar seguimiento de PPDA y NE en RETC<\/strong><\/p>\n<\/td>\n<td style=\"width: 11.1%; border-style: none solid solid none; border-bottom-color: windowtext; border-bottom-width: 1pt; border-right-color: windowtext; border-right-width: 1pt; padding: 0cm 5.4pt;\" valign=\"top\" width=\"11%\">\n<p style=\"margin-bottom: 0.0001pt;\">Hotel Panamericano, Sal\u00f3n Teatinos Teatino N\u00b0 320, ,<\/p>\n<p style=\"margin-bottom: 0.0001pt;\">Santiago.<\/p>\n<\/td>\n<td style=\"width: 11%; border-style: none solid solid none; border-bottom-color: windowtext; border-bottom-width: 1pt; border-right-color: windowtext; border-right-width: 1pt; padding: 0cm 5.4pt;\" valign=\"top\" width=\"11%\">\n<p style=\"margin-bottom: 0.0001pt;\">9:00-13:30<\/p>\n<\/td>\n<td style=\"width: 19.08%; border-style: none solid solid none; border-bottom-color: windowtext; border-bottom-width: 1pt; border-right-color: windowtext; border-right-width: 1pt; padding: 0cm 5.4pt;\" rowspan=\"8\" valign=\"top\" width=\"19%\">\n<p style=\"margin-bottom: 0.0001pt; text-align: justify;\">Cupos limitados previa inscripci\u00f3n.<\/p>\n<p style=\"margin-bottom: 0.0001pt; text-align: justify;\">&nbsp;<\/p>\n<p style=\"margin-bottom: 0.0001pt; text-align: justify;\">Se\u00f1alar en asunto \u201cTaller RETC-Ciudad\u201d, e indicar nombre completo, empresa, fecha y ciudad del taller al que desea asistir y correo electr\u00f3nico de contacto.<\/p>\n<p style=\"margin-bottom: 0.0001pt; text-align: justify;\">&nbsp;<\/p>\n<p style=\"margin-bottom: 0.0001pt; text-align: justify;\">Previo al evento se remitir\u00e1 confirmaci\u00f3n de los inscritos.<\/p>\n<p style=\"margin-bottom: 0.0001pt; text-align: justify;\">&nbsp;<\/p>\n<p style=\"margin-bottom: 0.0001pt; text-align: justify;\">Los lugares de realizaci\u00f3n ser\u00e1n confirmados en la p\u00e1gina web de la SMA.<\/p>\n<p style=\"margin-bottom: 0.0001pt;\">&nbsp;<\/p>\n<p style=\"margin-bottom: 0.0001pt;\">&nbsp;<\/p>\n<\/td>\n<td style=\"width: 24.38%; border-style: none solid solid none; border-bottom-color: windowtext; border-bottom-width: 1pt; border-right-color: windowtext; border-right-width: 1pt; padding: 0cm 5.4pt;\" valign=\"top\" width=\"24%\">\n<p style=\"margin-bottom: 0.0001pt;\">&#8211;<\/p>\n<\/td>\n<\/tr>\n<tr>\n<td style=\"width: 11.38%; border-style: none solid solid; border-right-color: windowtext; border-bottom-color: windowtext; border-left-color: windowtext; border-right-width: 1pt; border-bottom-width: 1pt; border-left-width: 1pt; padding: 0cm 5.4pt;\" valign=\"top\" width=\"11%\">\n<p style=\"margin-bottom: 0.0001pt;\">Jueves<\/p>\n<p style=\"margin-bottom: 0.0001pt;\">10 \/03\/16<\/p>\n<\/td>\n<td style=\"width: 11.48%; border-style: none solid solid none; border-bottom-color: windowtext; border-bottom-width: 1pt; border-right-color: windowtext; border-right-width: 1pt; padding: 0cm 5.4pt;\" valign=\"top\" width=\"11%\">\n<p style=\"margin-bottom: 0.0001pt;\">Antofagasta<\/p>\n<\/td>\n<td style=\"width: 11.1%; border-style: none solid solid none; border-bottom-color: windowtext; border-bottom-width: 1pt; border-right-color: windowtext; border-right-width: 1pt; padding: 0cm 5.4pt;\" valign=\"top\" width=\"11%\">\n<p class=\"p1\">Hotel Panamericano, Balmaceda 2575, Antofagasta<\/p>\n<\/td>\n<td style=\"width: 11%; border-style: none solid solid none; border-bottom-color: windowtext; border-bottom-width: 1pt; border-right-color: windowtext; border-right-width: 1pt; padding: 0cm 5.4pt;\" valign=\"top\" width=\"11%\">\n<p style=\"margin-bottom: 0.0001pt;\">9:00-13:30<\/p>\n<\/td>\n<td style=\"width: 24.38%; border-style: none solid solid none; border-bottom-color: windowtext; border-bottom-width: 1pt; border-right-color: windowtext; border-right-width: 1pt; padding: 0cm 5.4pt;\" valign=\"top\" width=\"24%\">\n<p style=\"margin-bottom: 0.0001pt;\"><a href=\"mailto:claudia.faundes@sma.gob.cl\">claudia.faundes@sma.gob.cl<\/a><\/p>\n<\/td>\n<\/tr>\n<tr>\n<td style=\"width: 11.38%; border-style: none solid solid; border-right-color: windowtext; border-bottom-color: windowtext; border-left-color: windowtext; border-right-width: 1pt; border-bottom-width: 1pt; border-left-width: 1pt; padding: 0cm 5.4pt;\" valign=\"top\" width=\"11%\">\n<p style=\"margin-bottom: 0.0001pt;\">Jueves<\/p>\n<p style=\"margin-bottom: 0.0001pt;\">10 \/03\/16<\/p>\n<\/td>\n<td style=\"width: 11.48%; border-style: none solid solid none; border-bottom-color: windowtext; border-bottom-width: 1pt; border-right-color: windowtext; border-right-width: 1pt; padding: 0cm 5.4pt;\" valign=\"top\" width=\"11%\">\n<p style=\"margin-bottom: 0.0001pt;\">Copiap\u00f3<\/p>\n<\/td>\n<td style=\"width: 11.1%; border-style: none solid solid none; border-bottom-color: windowtext; border-bottom-width: 1pt; border-right-color: windowtext; border-right-width: 1pt; padding: 0cm 5.4pt;\" valign=\"top\" width=\"11%\">\n<p class=\"p1\">Hotel Suite Atacama, Colip\u00ed 794, Copiap\u00f3.<\/p>\n<\/td>\n<td style=\"width: 11%; border-style: none solid solid none; border-bottom-color: windowtext; border-bottom-width: 1pt; border-right-color: windowtext; border-right-width: 1pt; padding: 0cm 5.4pt;\" valign=\"top\" width=\"11%\">\n<p style=\"margin-bottom: 0.0001pt;\">9:00-13:30<\/p>\n<\/td>\n<td style=\"width: 24.38%; border-style: none solid solid none; border-bottom-color: windowtext; border-bottom-width: 1pt; border-right-color: windowtext; border-right-width: 1pt; padding: 0cm 5.4pt;\" valign=\"top\" width=\"24%\">\n<p style=\"margin-bottom: 0.0001pt;\"><a href=\"mailto:sinostroza@sma.gob.cl\">sinostroza@sma.gob.cl<\/a><\/p>\n<p style=\"margin-bottom: 0.0001pt;\">&nbsp;<\/p>\n<\/td>\n<\/tr>\n<tr>\n<td style=\"width: 11.38%; border-style: none solid solid; border-right-color: windowtext; border-bottom-color: windowtext; border-left-color: windowtext; border-right-width: 1pt; border-bottom-width: 1pt; border-left-width: 1pt; padding: 0cm 5.4pt;\" valign=\"top\" width=\"11%\">\n<p style=\"margin-bottom: 0.0001pt;\">Martes<\/p>\n<p style=\"margin-bottom: 0.0001pt;\">15 \/03\/16<\/p>\n<\/td>\n<td style=\"width: 11.48%; border-style: none solid solid none; border-bottom-color: windowtext; border-bottom-width: 1pt; border-right-color: windowtext; border-right-width: 1pt; padding: 0cm 5.4pt;\" valign=\"top\" width=\"11%\">\n<p style=\"margin-bottom: 0.0001pt;\">Valpara\u00edso<\/p>\n<p style=\"color: #000000; font-family: Verdana, Arial, Helvetica, sans-serif; font-size: 11px; line-height: normal; margin-bottom: 0.0001pt;\"><span style=\"color: #ff0000;\"><strong>\u00a1CUPOS&nbsp;<\/strong><\/span><\/p>\n<p style=\"color: #000000; font-family: Verdana, Arial, Helvetica, sans-serif; font-size: 11px; line-height: normal; margin-bottom: 0.0001pt;\"><span style=\"color: #ff0000;\"><strong style=\"line-height: 1.3em;\">AGOTADOS!<\/strong><\/span><\/p>\n<\/td>\n<td style=\"width: 11.1%; border-style: none solid solid none; border-bottom-color: windowtext; border-bottom-width: 1pt; border-right-color: windowtext; border-right-width: 1pt; padding: 0cm 5.4pt;\" valign=\"top\" width=\"11%\">\n<p class=\"p1\"><span class=\"s1\">Hotel Cerro Castillo, Prat 56 Cerro Castillo,Vi\u00f1a del Mar.<\/span><\/p>\n<\/td>\n<td style=\"width: 11%; border-style: none solid solid none; border-bottom-color: windowtext; border-bottom-width: 1pt; border-right-color: windowtext; border-right-width: 1pt; padding: 0cm 5.4pt;\" valign=\"top\" width=\"11%\">\n<p style=\"margin-bottom: 0.0001pt;\">9:00-13:30<\/p>\n<\/td>\n<td style=\"width: 24.38%; border-style: none solid solid none; border-bottom-color: windowtext; border-bottom-width: 1pt; border-right-color: windowtext; border-right-width: 1pt; padding: 0cm 5.4pt;\" valign=\"top\" width=\"24%\">\n<p style=\"margin-bottom: 0.0001pt;\"><a href=\"mailto:sinostroza@sma.gob.cl\">&nbsp;<\/a><\/p>\n<p style=\"margin-bottom: 0.0001pt;\">&nbsp;&#8211;<\/p>\n<\/td>\n<\/tr>\n<tr>\n<td style=\"width: 11.38%; border-style: none solid solid; border-right-color: windowtext; border-bottom-color: windowtext; border-left-color: windowtext; border-right-width: 1pt; border-bottom-width: 1pt; border-left-width: 1pt; padding: 0cm 5.4pt;\" valign=\"top\" width=\"11%\">\n<p style=\"margin-bottom: 0.0001pt;\">Lunes<\/p>\n<p style=\"margin-bottom: 0.0001pt;\">14 \/03\/16<\/p>\n<\/td>\n<td style=\"width: 11.48%; border-style: none solid solid none; border-bottom-color: windowtext; border-bottom-width: 1pt; border-right-color: windowtext; border-right-width: 1pt; padding: 0cm 5.4pt;\" valign=\"top\" width=\"11%\">\n<p style=\"margin-bottom: 0.0001pt;\">Rancagua<\/p>\n<p style=\"color: #000000; font-family: Verdana, Arial, Helvetica, sans-serif; font-size: 11px; line-height: normal; margin-bottom: 0.0001pt;\"><span style=\"color: #ff0000;\"><strong>\u00a1CUPOS&nbsp;<\/strong><\/span><\/p>\n<p style=\"color: #000000; font-family: Verdana, Arial, Helvetica, sans-serif; font-size: 11px; line-height: normal; margin-bottom: 0.0001pt;\"><span style=\"color: #ff0000;\"><strong style=\"line-height: 1.3em;\">AGOTADOS!<\/strong><\/span><\/p>\n<\/td>\n<td style=\"width: 11.1%; border-style: none solid solid none; border-bottom-color: windowtext; border-bottom-width: 1pt; border-right-color: windowtext; border-right-width: 1pt; padding: 0cm 5.4pt;\" valign=\"top\" width=\"11%\">\n<p class=\"p1\"><span class=\"s1\">Hotel Mar Andino, Bulnes 370, Rancagua<\/span><\/p>\n<\/td>\n<td style=\"width: 11%; border-style: none solid solid none; border-bottom-color: windowtext; border-bottom-width: 1pt; border-right-color: windowtext; border-right-width: 1pt; padding: 0cm 5.4pt;\" valign=\"top\" width=\"11%\">\n<p style=\"margin-bottom: 0.0001pt;\">9:00-13:30<\/p>\n<\/td>\n<td style=\"width: 24.38%; border-style: none solid solid none; border-bottom-color: windowtext; border-bottom-width: 1pt; border-right-color: windowtext; border-right-width: 1pt; padding: 0cm 5.4pt;\" valign=\"top\" width=\"24%\">\n<p style=\"margin-bottom: 0.0001pt;\"><a href=\"mailto:sinostroza@sma.gob.cl\">&nbsp;<\/a><\/p>\n<p style=\"margin-bottom: 0.0001pt;\">&nbsp;&#8211;<\/p>\n<\/td>\n<\/tr>\n<tr>\n<td style=\"width: 11.38%; border-style: none solid solid; border-right-color: windowtext; border-bottom-color: windowtext; border-left-color: windowtext; border-right-width: 1pt; border-bottom-width: 1pt; border-left-width: 1pt; padding: 0cm 5.4pt;\" valign=\"top\" width=\"11%\">\n<p style=\"margin-bottom: 0.0001pt;\">Mi\u00e9rcoles 16\/03\/16<\/p>\n<\/td>\n<td style=\"width: 11.48%; border-style: none solid solid none; border-bottom-color: windowtext; border-bottom-width: 1pt; border-right-color: windowtext; border-right-width: 1pt; padding: 0cm 5.4pt;\" valign=\"top\" width=\"11%\">\n<p style=\"margin-bottom: 0.0001pt;\">Valdivia<\/p>\n<\/td>\n<td style=\"width: 11.1%; border-style: none solid solid none; border-bottom-color: windowtext; border-bottom-width: 1pt; border-right-color: windowtext; border-right-width: 1pt; padding: 0cm 5.4pt;\" valign=\"top\" width=\"11%\">\n<p style=\"margin-bottom: 0.0001pt;\">Hotel Melillanca, Sal\u00f3n Roble, Avenida Alemania 675, Valdivia<\/p>\n<\/td>\n<td style=\"width: 11%; border-style: none solid solid none; border-bottom-color: windowtext; border-bottom-width: 1pt; border-right-color: windowtext; border-right-width: 1pt; padding: 0cm 5.4pt;\" valign=\"top\" width=\"11%\">\n<p style=\"margin-bottom: 0.0001pt;\">9:00-13:30<\/p>\n<\/td>\n<td style=\"width: 24.38%; border-style: none solid solid none; border-bottom-color: windowtext; border-bottom-width: 1pt; border-right-color: windowtext; border-right-width: 1pt; padding: 0cm 5.4pt;\" valign=\"top\" width=\"24%\">\n<p style=\"margin-bottom: 0.0001pt;\"><a href=\"mailto:giovanna.correa@sma.gob.cl\">giovanna.correa@sma.gob.cl<\/a><\/p>\n<p style=\"margin-bottom: 0.0001pt;\">&nbsp;<\/p>\n<\/td>\n<\/tr>\n<tr>\n<td style=\"width: 11.38%; border-style: none solid solid; border-right-color: windowtext; border-bottom-color: windowtext; border-left-color: windowtext; border-right-width: 1pt; border-bottom-width: 1pt; border-left-width: 1pt; padding: 0cm 5.4pt;\" valign=\"top\" width=\"11%\">\n<p style=\"margin-bottom: 0.0001pt;\">Jueves<\/p>\n<p style=\"margin-bottom: 0.0001pt;\">17\/03\/16<\/p>\n<\/td>\n<td style=\"width: 11.48%; border-style: none solid solid none; border-bottom-color: windowtext; border-bottom-width: 1pt; border-right-color: windowtext; border-right-width: 1pt; padding: 0cm 5.4pt;\" valign=\"top\" width=\"11%\">\n<p style=\"margin-bottom: 0.0001pt;\">Concepci\u00f3n<\/p>\n<p style=\"color: #000000; font-family: Verdana, Arial, Helvetica, sans-serif; font-size: 11px; line-height: normal; margin-bottom: 0.0001pt;\"><span style=\"color: #ff0000;\"><strong>\u00a1CUPOS&nbsp;<\/strong><\/span><\/p>\n<p style=\"color: #000000; font-family: Verdana, Arial, Helvetica, sans-serif; font-size: 11px; line-height: normal; margin-bottom: 0.0001pt;\"><span style=\"color: #ff0000;\"><strong style=\"line-height: 1.3em;\">AGOTADOS!<\/strong><\/span><\/p>\n<\/td>\n<td style=\"width: 11.1%; border-style: none solid solid none; border-bottom-color: windowtext; border-bottom-width: 1pt; border-right-color: windowtext; border-right-width: 1pt; padding: 0cm 5.4pt;\" valign=\"top\" width=\"11%\">\n<p class=\"p1\"><span class=\"s1\">Hotel Alonso de Ercilla, Colo Colo N\u00ba 334, Concepci\u00f3n<\/span><\/p>\n<\/td>\n<td style=\"width: 11%; border-style: none solid solid none; border-bottom-color: windowtext; border-bottom-width: 1pt; border-right-color: windowtext; border-right-width: 1pt; padding: 0cm 5.4pt;\" valign=\"top\" width=\"11%\">\n<p style=\"margin-bottom: 0.0001pt;\">9:00-13:30<\/p>\n<\/td>\n<td style=\"width: 24.38%; border-style: none solid solid none; border-bottom-color: windowtext; border-bottom-width: 1pt; border-right-color: windowtext; border-right-width: 1pt; padding: 0cm 5.4pt;\" valign=\"top\" width=\"24%\">\n<p style=\"margin-bottom: 0.0001pt;\"><a href=\"mailto:sinostroza@sma.gob.cl\">&nbsp;<\/a><\/p>\n<p style=\"margin-bottom: 0.0001pt;\">&nbsp;&#8211;<\/p>\n<\/td>\n<\/tr>\n<tr>\n<td style=\"width: 11.38%; border-style: none solid solid; border-right-color: windowtext; border-bottom-color: windowtext; border-left-color: windowtext; border-right-width: 1pt; border-bottom-width: 1pt; border-left-width: 1pt; padding: 0cm 5.4pt;\" valign=\"top\" width=\"11%\">\n<p style=\"margin-bottom: 0.0001pt;\">Viernes 18\/03\/16<\/p>\n<\/td>\n<td style=\"width: 11.48%; border-style: none solid solid none; border-bottom-color: windowtext; border-bottom-width: 1pt; border-right-color: windowtext; border-right-width: 1pt; padding: 0cm 5.4pt;\" valign=\"top\" width=\"11%\">\n<p style=\"margin-bottom: 0.0001pt;\">Temuco<\/p>\n<p style=\"color: #000000; font-family: Verdana, Arial, Helvetica, sans-serif; font-size: 11px; line-height: normal; margin-bottom: 0.0001pt;\">&nbsp;<\/p>\n<\/td>\n<td style=\"width: 11.1%; border-style: none solid solid none; border-bottom-color: windowtext; border-bottom-width: 1pt; border-right-color: windowtext; border-right-width: 1pt; padding: 0cm 5.4pt;\" valign=\"top\" width=\"11%\">\n<p class=\"p1\"><span class=\"s1\">Hotel Nicolas, General Mackena 420, Temuco<\/span><\/p>\n<\/td>\n<td style=\"width: 11%; border-style: none solid solid none; border-bottom-color: windowtext; border-bottom-width: 1pt; border-right-color: windowtext; border-right-width: 1pt; padding: 0cm 5.4pt;\" valign=\"top\" width=\"11%\">\n<p style=\"margin-bottom: 0.0001pt;\">9:00-13:30<\/p>\n<\/td>\n<td style=\"width: 24.38%; border-style: none solid solid none; border-bottom-color: windowtext; border-bottom-width: 1pt; border-right-color: windowtext; border-right-width: 1pt; padding: 0cm 5.4pt;\" valign=\"top\" width=\"24%\">\n<p style=\"margin-bottom: 0.0001pt;\"><a href=\"mailto:sinostroza@sma.gob.cl\">sinostroza@sma.gob.cl<\/a><\/p>\n<p style=\"margin-bottom: 0.0001pt;\">&nbsp;<\/p>\n<\/td>\n<\/tr>\n<\/tbody>\n<\/table>\n<p>&nbsp;<\/p>\n<p class=\"p1\">Adicionalmente se efectuar\u00e1n 3 talleres dirigidos a titulares que deban efectuar monitoreos por medio de Entidades T\u00e9cnicas de Fiscalizaci\u00f3n Ambiental (ETFAs). Estos talleres estar\u00e1n enfocados en informar, difundir y aclarar dudas respecto a la entrada en vigencia de las Entidades T\u00e9cnicas de Fiscalizaci\u00f3n Ambiental.<\/p>\n<p style=\"text-align: justify;\">Las fechas y ciudades de los talleres sobre ETFAS son:<\/p>\n<table style=\"width: 100%; border-collapse: collapse; border: none;\" border=\"1\" cellspacing=\"0\" cellpadding=\"0\">\n<tbody>\n<tr>\n<td style=\"width: 76.9%; border: 1pt solid windowtext; padding: 0cm 5.4pt;\" colspan=\"6\" valign=\"top\" width=\"76%\">\n<p style=\"margin-bottom: 0.0001pt; text-align: center;\" align=\"center\"><strong>Taller de Seguimiento Ambiental-ETFAS<\/strong><\/p>\n<\/td>\n<td style=\"width: 23.1%; border-style: solid solid solid none; border-top-color: windowtext; border-right-color: windowtext; border-bottom-color: windowtext; border-top-width: 1pt; border-right-width: 1pt; border-bottom-width: 1pt; padding: 0cm 5.4pt;\" valign=\"top\" width=\"23%\">\n<p style=\"margin-bottom: 0.0001pt; text-align: center;\" align=\"center\"><a class=\"doclink\" href=\"index.php?option=com_docman&amp;task=doc_download&amp;gid=406&amp;Itemid=280\"><img decoding=\"async\" class=\" size-full wp-image-15480\" src=\"https:\/\/portal.sma.gob.cl\/wp-content\/uploads\/2012\/07\/pdf.png\" alt=\"icon\" border=\"0\" width=\"16\" height=\"16\" \/>&nbsp;<strong>Descargue el programa del Taller ETFAS aqu\u00ed<\/strong><\/a><\/p>\n<\/td>\n<\/tr>\n<tr>\n<td style=\"width: 10%; border-style: none solid solid; border-right-color: windowtext; border-bottom-color: windowtext; border-left-color: windowtext; border-right-width: 1pt; border-bottom-width: 1pt; border-left-width: 1pt; padding: 0cm 5.4pt;\" valign=\"top\" width=\"10%\">\n<p style=\"margin-bottom: 0.0001pt;\"><strong>Fecha<\/strong><\/p>\n<\/td>\n<td style=\"width: 12.3%; border-style: none solid solid none; border-bottom-color: windowtext; border-bottom-width: 1pt; border-right-color: windowtext; border-right-width: 1pt; padding: 0cm 5.4pt;\" valign=\"top\" width=\"12%\">\n<p style=\"margin-bottom: 0.0001pt;\"><strong>Ciudad<\/strong><\/p>\n<\/td>\n<td style=\"width: 11.3%; border-style: none solid solid none; border-bottom-color: windowtext; border-bottom-width: 1pt; border-right-color: windowtext; border-right-width: 1pt; padding: 0cm 5.4pt;\" valign=\"top\" width=\"11%\">\n<p style=\"margin-bottom: 0.0001pt;\"><strong>P\u00fablico Objetivo<\/strong><\/p>\n<\/td>\n<td style=\"width: 13%; border-style: none solid solid none; border-bottom-color: windowtext; border-bottom-width: 1pt; border-right-color: windowtext; border-right-width: 1pt; padding: 0cm 5.4pt;\" valign=\"top\" width=\"13%\">\n<p style=\"margin-bottom: 0.0001pt;\"><strong>Lugar <\/strong><\/p>\n<\/td>\n<td style=\"width: 12.28%; border-style: none solid solid none; border-bottom-color: windowtext; border-bottom-width: 1pt; border-right-color: windowtext; border-right-width: 1pt; padding: 0cm 5.4pt;\" valign=\"top\" width=\"12%\">\n<p style=\"margin-bottom: 0.0001pt;\"><strong>Horario<\/strong><\/p>\n<\/td>\n<td style=\"width: 18.02%; border-style: none solid solid none; border-bottom-color: windowtext; border-bottom-width: 1pt; border-right-color: windowtext; border-right-width: 1pt; padding: 0cm 5.4pt;\" valign=\"top\" width=\"18%\">\n<p style=\"margin-bottom: 0.0001pt;\"><strong>Inscripci\u00f3n Previa Requerida<\/strong><\/p>\n<\/td>\n<td style=\"width: 23.1%; border-style: none solid solid none; border-bottom-color: windowtext; border-bottom-width: 1pt; border-right-color: windowtext; border-right-width: 1pt; padding: 0cm 5.4pt;\" valign=\"top\" width=\"23%\">\n<p style=\"margin-bottom: 0.0001pt;\"><strong>Correo de inscripci\u00f3n<\/strong><\/p>\n<\/td>\n<\/tr>\n<tr style=\"height: 14.15pt;\">\n<td style=\"width: 10%; border-style: none solid solid; border-right-color: windowtext; border-bottom-color: windowtext; border-left-color: windowtext; border-right-width: 1pt; border-bottom-width: 1pt; border-left-width: 1pt; padding: 0cm 5.4pt; height: 14.15pt;\" valign=\"top\" width=\"10%\">\n<p style=\"margin-bottom: 0.0001pt;\">Martes 08\/03\/16<\/p>\n<\/td>\n<td style=\"width: 12.3%; border-style: none solid solid none; border-bottom-color: windowtext; border-bottom-width: 1pt; border-right-color: windowtext; border-right-width: 1pt; padding: 0cm 5.4pt; height: 14.15pt;\" valign=\"top\" width=\"12%\">\n<p style=\"margin-bottom: 0.0001pt;\">Santiago<\/p>\n<p style=\"color: #000000; font-family: Verdana, Arial, Helvetica, sans-serif; font-size: 11px; line-height: normal; margin-bottom: 0.0001pt;\"><span style=\"color: #ff0000;\"><strong>\u00a1CUPOS<\/strong><\/span><\/p>\n<p style=\"color: #000000; font-family: Verdana, Arial, Helvetica, sans-serif; font-size: 11px; line-height: normal; margin-bottom: 0.0001pt;\"><span style=\"color: #ff0000;\"><strong>AGOTADOS!<\/strong><\/span><\/p>\n<\/td>\n<td style=\"width: 11.3%; border-style: none solid solid none; border-bottom-color: windowtext; border-bottom-width: 1pt; border-right-color: windowtext; border-right-width: 1pt; padding: 0cm 5.4pt; height: 14.15pt;\" rowspan=\"3\" width=\"11%\">\n<p style=\"margin-bottom: 0.0001pt; text-align: justify;\"><strong>Titulares que deben reportar monitoreos en su seguimiento ambiental, que deben ser ejecutados por una ETFA.<\/strong><\/p>\n<\/td>\n<td style=\"width: 13%; border-style: none solid solid none; border-bottom-color: windowtext; border-bottom-width: 1pt; border-right-color: windowtext; border-right-width: 1pt; padding: 0cm 5.4pt; height: 14.15pt;\" valign=\"top\" width=\"13%\">\n<p style=\"margin-bottom: 0.0001pt;\">Hotel Panamericano, Sal\u00f3n Teatinos, Teatino N\u00b0 320, Santiago.<\/p>\n<\/td>\n<td style=\"width: 12.28%; border-style: none solid solid none; border-bottom-color: windowtext; border-bottom-width: 1pt; border-right-color: windowtext; border-right-width: 1pt; padding: 0cm 5.4pt; height: 14.15pt;\" valign=\"top\" width=\"12%\">\n<p style=\"margin-bottom: 0.0001pt;\">15:00-17:00.<\/p>\n<\/td>\n<td style=\"width: 18.02%; border-style: none solid solid none; border-bottom-color: windowtext; border-bottom-width: 1pt; border-right-color: windowtext; border-right-width: 1pt; padding: 0cm 5.4pt; height: 14.15pt;\" rowspan=\"3\" valign=\"top\" width=\"18%\">\n<p style=\"margin-bottom: 0.0001pt;\">Cupos limitados, previa inscripci\u00f3n.<\/p>\n<p style=\"margin-bottom: 0.0001pt;\">&nbsp;<\/p>\n<p style=\"margin-bottom: 0.0001pt;\">Se\u00f1alar en asunto \u201cTaller ETFAS-Ciudad\u201d, e indicar nombre completo, empresa, fecha y ciudad del taller al que desea asistir y correo electr\u00f3nico de contacto.<\/p>\n<p style=\"margin-bottom: 0.0001pt;\">&nbsp;<\/p>\n<p style=\"margin-bottom: 0.0001pt;\">Previo al evento se remitir\u00e1 confirmaci\u00f3n de los inscritos.<\/p>\n<p style=\"margin-bottom: 0.0001pt;\">&nbsp;<\/p>\n<p style=\"margin-bottom: 0.0001pt; text-align: justify;\">Los lugares de realizaci\u00f3n ser\u00e1n confirmados en la p\u00e1gina web de la SMA.<\/p>\n<p style=\"margin-bottom: 0.0001pt;\">&nbsp;<\/p>\n<\/td>\n<td style=\"width: 23.1%; border-style: none solid solid none; border-bottom-color: windowtext; border-bottom-width: 1pt; border-right-color: windowtext; border-right-width: 1pt; padding: 0cm 5.4pt; height: 14.15pt;\" valign=\"top\" width=\"23%\">\n<p style=\"margin-bottom: 0.0001pt;\"><a href=\"mailto:sinostroza@sma.gob.cl\">&nbsp;<\/a><\/p>\n<p style=\"margin-bottom: 0.0001pt;\">&#8211;<\/p>\n<\/td>\n<\/tr>\n<tr>\n<td style=\"width: 10%; border-style: none solid solid; border-right-color: windowtext; border-bottom-color: windowtext; border-left-color: windowtext; border-right-width: 1pt; border-bottom-width: 1pt; border-left-width: 1pt; padding: 0cm 5.4pt;\" valign=\"top\" width=\"10%\">\n<p style=\"margin-bottom: 0.0001pt; line-height: 107%;\">Jueves<\/p>\n<p style=\"margin-bottom: 8pt; line-height: 107%;\">10 \/03\/16<\/p>\n<\/td>\n<td style=\"width: 12.3%; border-style: none solid solid none; border-bottom-color: windowtext; border-bottom-width: 1pt; border-right-color: windowtext; border-right-width: 1pt; padding: 0cm 5.4pt;\" valign=\"top\" width=\"12%\">\n<p style=\"margin-bottom: 8pt; line-height: 107%;\">Antofagasta<\/p>\n<\/td>\n<td style=\"width: 13%; border-style: none solid solid none; border-bottom-color: windowtext; border-bottom-width: 1pt; border-right-color: windowtext; border-right-width: 1pt; padding: 0cm 5.4pt;\" valign=\"top\" width=\"13%\">\n<p class=\"p1\">Hotel Panamericano, Balmaceda 2575, Antofagasta.<\/p>\n<\/td>\n<td style=\"width: 12.28%; border-style: none solid solid none; border-bottom-color: windowtext; border-bottom-width: 1pt; border-right-color: windowtext; border-right-width: 1pt; padding: 0cm 5.4pt;\" valign=\"top\" width=\"12%\">\n<p style=\"margin-bottom: 0.0001pt;\">15:00-17:00.<\/p>\n<\/td>\n<td style=\"width: 23.1%; border-style: none solid solid none; border-bottom-color: windowtext; border-bottom-width: 1pt; border-right-color: windowtext; border-right-width: 1pt; padding: 0cm 5.4pt;\" valign=\"top\" width=\"23%\">\n<p style=\"margin-bottom: 0.0001pt;\"><a href=\"mailto:claudia.faundes@sma.gob.cl\">claudia.faundes@sma.gob.cl<\/a><\/p>\n<\/td>\n<\/tr>\n<tr>\n<td style=\"width: 10%; border-style: none solid solid; border-right-color: windowtext; border-bottom-color: windowtext; border-left-color: windowtext; border-right-width: 1pt; border-bottom-width: 1pt; border-left-width: 1pt; padding: 0cm 5.4pt;\" valign=\"top\" width=\"10%\">\n<p style=\"margin-bottom: 8pt; line-height: 107%;\">Jueves 17\/03\/16<\/p>\n<\/td>\n<td style=\"width: 12.3%; border-style: none solid solid none; border-bottom-color: windowtext; border-bottom-width: 1pt; border-right-color: windowtext; border-right-width: 1pt; padding: 0cm 5.4pt;\" valign=\"top\" width=\"12%\">\n<p style=\"margin-bottom: 8pt; line-height: 107%;\">Concepci\u00f3n<\/p>\n<p style=\"color: #000000; font-family: Verdana, Arial, Helvetica, sans-serif; font-size: 11px; line-height: normal; margin-bottom: 0.0001pt;\"><span style=\"color: #ff0000;\"><strong>\u00a1CUPOS&nbsp;<\/strong><\/span><\/p>\n<p style=\"color: #000000; font-family: Verdana, Arial, Helvetica, sans-serif; font-size: 11px; line-height: normal; margin-bottom: 0.0001pt;\"><span style=\"color: #ff0000;\"><strong style=\"line-height: 1.3em;\">AGOTADOS!<\/strong><\/span><\/p>\n<\/td>\n<td style=\"width: 13%; border-style: none solid solid none; border-bottom-color: windowtext; border-bottom-width: 1pt; border-right-color: windowtext; border-right-width: 1pt; padding: 0cm 5.4pt;\" valign=\"top\" width=\"13%\">\n<p class=\"p1\"><span class=\"s1\">Hotel Alonso de Ercilla, Colo Colo N\u00ba 334, Concepci\u00f3n<\/span><\/p>\n<\/td>\n<td style=\"width: 12.28%; border-style: none solid solid none; border-bottom-color: windowtext; border-bottom-width: 1pt; border-right-color: windowtext; border-right-width: 1pt; padding: 0cm 5.4pt;\" valign=\"top\" width=\"12%\">\n<p style=\"margin-bottom: 0.0001pt;\">15:00-17:00.<\/p>\n<\/td>\n<td style=\"width: 23.1%; border-style: none solid solid none; border-bottom-color: windowtext; border-bottom-width: 1pt; border-right-color: windowtext; border-right-width: 1pt; padding: 0cm 5.4pt;\" valign=\"top\" width=\"23%\">\n<p style=\"margin-bottom: 0.0001pt;\"><a href=\"mailto:sinostroza@sma.gob.cl\">&nbsp;<\/a><\/p>\n<p style=\"margin-bottom: 0.0001pt;\">&#8211;<\/p>\n<\/td>\n<\/tr>\n<\/tbody>\n<\/table>\n<h1>PRESENTACIONES DE LOS TALLERES<\/h1>\n<h1><strong>TEMA: RETC<\/strong><\/h1>\n<p><a class=\"doclink\" href=\"index.php?option=com_docman&amp;task=doc_download&amp;gid=401&amp;Itemid=280\"><img decoding=\"async\" class=\" size-full wp-image-15480\" src=\"https:\/\/portal.sma.gob.cl\/wp-content\/uploads\/2012\/07\/pdf.png\" alt=\"icon\" border=\"0\" width=\"16\" height=\"16\" \/>&nbsp;01. Introducci\u00f3n RETC<\/a><\/p>\n<p><a class=\"doclink\" href=\"index.php?option=com_docman&amp;task=doc_download&amp;gid=402&amp;Itemid=280\"><img decoding=\"async\" class=\" size-full wp-image-15480\" src=\"https:\/\/portal.sma.gob.cl\/wp-content\/uploads\/2012\/07\/pdf.png\" alt=\"icon\" border=\"0\" width=\"16\" height=\"16\" \/>&nbsp;02. RETC GENERAL <\/a><\/p>\n<p><a class=\"doclink\" href=\"index.php?option=com_docman&amp;task=doc_download&amp;gid=403&amp;Itemid=280\"><img decoding=\"async\" class=\" size-full wp-image-15480\" src=\"https:\/\/portal.sma.gob.cl\/wp-content\/uploads\/2012\/07\/pdf.png\" alt=\"icon\" border=\"0\" width=\"16\" height=\"16\" \/>&nbsp;03. R.E. 1.227\/2015 SMA<\/a><\/p>\n<p><a class=\"doclink\" href=\"index.php?option=com_docman&amp;task=doc_download&amp;gid=404&amp;Itemid=280\"><img decoding=\"async\" class=\" size-full wp-image-15480\" src=\"https:\/\/portal.sma.gob.cl\/wp-content\/uploads\/2012\/07\/pdf.png\" alt=\"icon\" border=\"0\" width=\"16\" height=\"16\" \/>&nbsp;04. Sistema PPDA y NE<\/a><\/p>\n<p><a class=\"doclink\" href=\"index.php?option=com_docman&amp;task=doc_download&amp;gid=405&amp;Itemid=280\"><img decoding=\"async\" class=\" size-full wp-image-15480\" src=\"https:\/\/portal.sma.gob.cl\/wp-content\/uploads\/2012\/07\/pdf.png\" alt=\"icon\" border=\"0\" width=\"16\" height=\"16\" \/>&nbsp;05. Contingencias<\/a><\/p>\n<p><a class=\"doclink\" href=\"index.php?option=com_docman&amp;task=doc_download&amp;gid=407&amp;Itemid=280\"><img decoding=\"async\" class=\" size-full wp-image-15480\" src=\"https:\/\/portal.sma.gob.cl\/wp-content\/uploads\/2012\/07\/pdf.png\" alt=\"icon\" border=\"0\" width=\"16\" height=\"16\" \/>&nbsp;06. Instructivo de Seguimiento<\/a><\/p>\n<h1>SEMINARIO: ETFA<\/h1>\n<p><a class=\"doclink\" href=\"index.php?option=com_docman&amp;task=doc_download&amp;gid=408&amp;Itemid=280\"><img decoding=\"async\" class=\" size-full wp-image-15480\" src=\"https:\/\/portal.sma.gob.cl\/wp-content\/uploads\/2012\/07\/pdf.png\" alt=\"icon\" border=\"0\" width=\"16\" height=\"16\" \/>&nbsp;07. Introducci\u00f3n ETFA<\/a><\/p>\n<p><a class=\"doclink\" href=\"index.php?option=com_docman&amp;task=doc_download&amp;gid=409&amp;Itemid=280\"><img decoding=\"async\" class=\" size-full wp-image-15480\" src=\"https:\/\/portal.sma.gob.cl\/wp-content\/uploads\/2012\/07\/pdf.png\" alt=\"icon\" border=\"0\" width=\"16\" height=\"16\" \/>&nbsp;08. Seguimiento Ambiental ETFA<\/a><\/p>\n<p><a class=\"doclink\" href=\"index.php?option=com_docman&amp;task=doc_download&amp;gid=410&amp;Itemid=280\"><img decoding=\"async\" class=\" size-full wp-image-15480\" src=\"https:\/\/portal.sma.gob.cl\/wp-content\/uploads\/2012\/07\/pdf.png\" alt=\"icon\" border=\"0\" width=\"16\" height=\"16\" \/>&nbsp;09. Entidades T\u00e9cnicas de Fiscalizaci\u00f3n Ambiental<\/a><\/p>\n","protected":false},"excerpt":{"rendered":"<p>En el mes de marzo se dar\u00e1 inicio al Programa de Encuentros para la Promoci\u00f3n al Cumplimiento, iniciativa impulsada por la SMA que busca entregar herramientas a distintos actores relacionados con la fiscalizaci\u00f3n ambiental orientadas a incrementar el cumplimiento de la normativa ambiental.<\/p>\n","protected":false},"author":3,"featured_media":16399,"comment_status":"open","ping_status":"open","sticky":false,"template":"","format":"standard","meta":{"footnotes":""},"categories":[94],"tags":[],"class_list":["post-16400","post","type-post","status-publish","format-standard","has-post-thumbnail","hentry","category-notas-noticias"],"_links":{"self":[{"href":"https:\/\/portal.sma.gob.cl\/index.php\/wp-json\/wp\/v2\/posts\/16400","targetHints":{"allow":["GET"]}}],"collection":[{"href":"https:\/\/portal.sma.gob.cl\/index.php\/wp-json\/wp\/v2\/posts"}],"about":[{"href":"https:\/\/portal.sma.gob.cl\/index.php\/wp-json\/wp\/v2\/types\/post"}],"author":[{"embeddable":true,"href":"https:\/\/portal.sma.gob.cl\/index.php\/wp-json\/wp\/v2\/users\/3"}],"replies":[{"embeddable":true,"href":"https:\/\/portal.sma.gob.cl\/index.php\/wp-json\/wp\/v2\/comments?post=16400"}],"version-history":[{"count":0,"href":"https:\/\/portal.sma.gob.cl\/index.php\/wp-json\/wp\/v2\/posts\/16400\/revisions"}],"wp:featuredmedia":[{"embeddable":true,"href":"https:\/\/portal.sma.gob.cl\/index.php\/wp-json\/wp\/v2\/media\/16399"}],"wp:attachment":[{"href":"https:\/\/portal.sma.gob.cl\/index.php\/wp-json\/wp\/v2\/media?parent=16400"}],"wp:term":[{"taxonomy":"category","embeddable":true,"href":"https:\/\/portal.sma.gob.cl\/index.php\/wp-json\/wp\/v2\/categories?post=16400"},{"taxonomy":"post_tag","embeddable":true,"href":"https:\/\/portal.sma.gob.cl\/index.php\/wp-json\/wp\/v2\/tags?post=16400"}],"curies":[{"name":"wp","href":"https:\/\/api.w.org\/{rel}","templated":true}]}}